{"id":16580,"date":"2022-02-11T10:37:03","date_gmt":"2022-02-11T07:37:03","guid":{"rendered":"http:\/\/akdenizolaygazetesi.com\/?p=16580"},"modified":"2022-02-11T10:37:03","modified_gmt":"2022-02-11T07:37:03","slug":"bu-hafta-sonu-herkes-arslankoyde-bulusuyor","status":"publish","type":"post","link":"https:\/\/akdenizolaygazetesi.com\/?p=16580","title":{"rendered":"&#8220;BU HAFTA SONU HERKES ARSLANK\u00d6Y&#8217;DE BULU\u015eUYOR&#8221;"},"content":{"rendered":"<p>Toroslar Belediye Ba\u015fkan\u0131 Ats\u0131z Af\u015f\u0131n Y\u0131lmaz&#8217;\u0131n Mersin&#8217;de k\u0131\u015f turizmini canland\u0131rmay\u0131 hedefledi\u011fi projelerinden biri olan Mersin&#8217;in Kar Festivali Toroslar KarFest, geri d\u00f6n\u00fcyor.<\/p>\n<p>Heyecanla beklenen ve hava \u015fartlar\u0131 nedeniyle ertelenen Toroslar 2. Kar Festivali, bu hafta sonu 12-13 \u015eubat tarihlerinde Arslank\u00f6y yaylas\u0131nda yap\u0131l\u0131yor.<\/p>\n<p>Toroslar Belediyesi&#8217;nin, kentte bir ilki ger\u00e7ekle\u015ftirdi\u011fi Kar Festivali&#8217;nde bu y\u0131l da k\u0131\u015f sporlar\u0131yla ve birbirinden e\u011flenceli aktivitelerle 7&#8217;den 70&#8217;e herkes kar\u0131n tad\u0131n\u0131 doyas\u0131ya \u00e7\u0131karacak.<\/p>\n<p>Ba\u015fkan Y\u0131lmaz, t\u00fcm vatanda\u015flar\u0131 festivalin co\u015fkusuna kat\u0131lmaya davet ederek; &#8220;Toroslar\u0131m\u0131z\u0131n yaylalar\u0131; do\u011fal yap\u0131n\u0131n bozulmad\u0131\u011f\u0131, y\u00f6resel k\u00fclt\u00fcr\u00fcn ya\u015fanmaya devam etti\u011fi ve tertemiz havas\u0131yla adeta g\u00f6z kama\u015ft\u0131r\u0131yor. K\u0131\u015f mevsiminde de beyaza b\u00fcr\u00fcnen bu do\u011fal g\u00fczelli\u011fi herkesin g\u00f6rmesini ve tan\u0131mas\u0131n\u0131 istiyoruz. Toroslar&#8217;da k\u0131\u015f da g\u00fczel slogan\u0131yla yola \u00e7\u0131karak bu festival ile k\u0131\u015f turizminde bir \u00e7\u0131\u011f\u0131r a\u00e7t\u0131k. G\u00fczel kentimiz Mersin&#8217;i b\u00fct\u00fcn y\u00f6nleriyle, uluslararas\u0131 \u00f6l\u00e7ekte bir marka yapman\u0131n amac\u0131nday\u0131z&#8221; dedi.<\/p>\n<p>&#8220;Konserler ve Dans G\u00f6sterileri E\u015fli\u011finde Yama\u00e7 Para\u015f\u00fct\u00fc, Snowboard ve K\u0131zakla Kayma Keyfi Ya\u015fanacak&#8221;<\/p>\n<p>\u0130lk y\u0131l\u0131nda Mersin ve \u00e7evre il\u00e7elerinin yan\u0131 s\u0131ra Adana, Hatay ve Kayseri illerinden yakla\u015f\u0131k 20 bin ki\u015finin kat\u0131l\u0131m\u0131yla ger\u00e7ekle\u015fen festival, ikinci y\u0131l\u0131nda da b\u00fcy\u00fck bir co\u015fkuya sahne olacak.<\/p>\n<p>12 \u015eubat Cumartesi ve 13 \u015eubat Pazar g\u00fcn\u00fc olmak \u00fczere iki g\u00fcn s\u00fcrecek festivalde, Toroslar&#8217;\u0131n kartpostall\u0131k manzaras\u0131 e\u015fli\u011finde yama\u00e7 para\u015f\u00fct\u00fc, snowboard ve k\u0131zakla kayman\u0131n keyfi ya\u015fanacak.<\/p>\n<p>Festivale kat\u0131lanlar, k\u0131\u015f sporlar\u0131n\u0131n yan\u0131 s\u0131ra g\u00fcn boyu DJ performans\u0131, voleybol ve halat \u00e7ekme etkinli\u011fi, Kardan Adam Yar\u0131\u015fmas\u0131, dans,  zumba, step aerobik g\u00f6sterileri ile hafta sonunu dolu dolu ge\u00e7irecek. B\u00f6lge esnaf\u0131 da a\u00e7\u0131lacak stantlarda birbirinden lezzetli y\u00f6resel \u00fcr\u00fcnlerinin sat\u0131\u015f\u0131n\u0131 yapma imk\u00e2n\u0131 bulacak.<\/p>\n<p>Festival; sanat\u00e7\u0131lar Y\u00f6r\u00fcko\u011flu Selim, Caner Erdo\u011fan ve Burhan Ate\u015f konserleriyle ta\u00e7lanacak.<\/p>\n<p>&#8220;\u00dcCRETS\u0130Z SERV\u0130S KALKACAK&#8221;<\/p>\n<p>Toroslar Belediyesi, 12-13 \u015eubat tarihlerinde ger\u00e7ekle\u015ftirece\u011fi festival g\u00fcn\u00fcn\u00fcn sabah\u0131 saat 09.30&#8217;da vatanda\u015flar\u0131; kentin d\u00f6rt ayr\u0131 noktas\u0131ndan servislerle \u00fccretsiz olarak festival alan\u0131na ula\u015ft\u0131racak.<\/p>\n<p>Toroslar 2. Kar Festivali Servis G\u00fczerg\u00e2hlar\u0131; Atat\u00fcrk Evi \u00f6n\u00fc,  Ay\u0131\u015f\u0131\u011f\u0131 D\u00fc\u011f\u00fcn Salonu \u00f6n\u00fc, \u00c7ukurova Mahallesi Arslank\u00f6yl\u00fcler Kahvehanesi \u00f6n\u00fc, Eski Mezitli Belediyesi \u00f6n\u00fc, Forum AVM, Sayapark AVM, G\u00fcneykent Merkez Cami \u00f6n\u00fc, \u015eamut Petrol \u00f6n\u00fc, Yunus Emre K\u00fclt\u00fcr Merkezi, Toroslar Belediyesi ana bina \u00f6n\u00fc, Toroslar Kaymakaml\u0131\u011f\u0131 \u00f6n\u00fc, Turgut T\u00fcrkalp Mahalle Muhtarl\u0131\u011f\u0131 \u00f6n\u00fc.<\/p>\n<p>BA\u015eKAN YILMAZ; &#8220;KAR FEST\u0130VAL\u0130M\u0130ZE BEKL\u0130YORUZ&#8221;<\/p>\n<p>Toroslar Belediye Ba\u015fkan\u0131 Ats\u0131z Af\u015f\u0131n Ba\u015fkan Y\u0131lmaz, Kar Festivali&#8217;ni geleneksel hale getirmenin mutlulu\u011funu ya\u015fad\u0131klar\u0131n\u0131 s\u00f6yleyerek; &#8220;Festivalimizi bu hafta sonu 12 \u015eubat Cumartesi ve 13 \u015eubat Pazar g\u00fcn\u00fc yapaca\u011f\u0131z. T\u00fcm halk\u0131m\u0131z\u0131 Arslank\u00f6y&#8217;e bekliyoruz. 7&#8217;den 70&#8217;e herkes, festivalimizde hem kar\u0131n, hem de birbirinden renkli etkinliklerle Toroslar\u0131m\u0131z\u0131n e\u015fsiz g\u00fczelli\u011finin tad\u0131n\u0131 \u00e7\u0131karacak&#8221; \u015feklinde konu\u015ftu.<\/p>\n<p>Toroslar 2. Kar Festivali Program\u0131 ise \u015f\u00f6yle;<\/p>\n<p>12 \u015eubat 2022 Cumartesi<\/p>\n<p>Saat 11.00 A\u00e7\u0131l\u0131\u015f<br \/>\nSaat 11.30 DJ Performans<br \/>\nSaat 12.00 Yama\u00e7 Para\u015f\u00fct\u00fc- Voleybol- Zumba<br \/>\nSaat 12.30 Halat \u00c7ekme<br \/>\nSaat 13.00 Y\u00f6r\u00fcko\u011flu Selim Konseri<br \/>\nSaat 14.30 Kardan Adam Yar\u0131\u015fmas\u0131<br \/>\nSaat 16.00 Kapan\u0131\u015f<\/p>\n<p>13 \u015eubat 2022 Pazar<\/p>\n<p>Saat 11.00 DJ Performans<br \/>\nSaat 11.30 Dans G\u00f6sterisi-Zumba<br \/>\nSaat 12.00 Step Aerobik G\u00f6sterisi<br \/>\nSaat 12.30 Yama\u00e7 Para\u015f\u00fct\u00fc-Halat \u00c7ekme<br \/>\nSaat 13.00 Kardan Adam Yar\u0131\u015fmas\u0131<br \/>\nSaat 13.30 Caner Erdo\u011fan Konseri<br \/>\nSaat 14.30 Burhan Ate\u015f Konseri<br \/>\nSaat 16.00 Kapan\u0131\u015f<\/p>\n","protected":false},"excerpt":{"rendered":"<p>Toroslar Belediye Ba\u015fkan\u0131 Ats\u0131z Af\u015f\u0131n Y\u0131lmaz&#8217;\u0131n Mersin&#8217;de k\u0131\u015f turizmini canland\u0131rmay\u0131 hedefledi\u011fi projelerinden biri olan Mersin&#8217;in Kar Festivali Toroslar KarFest, geri d\u00f6n\u00fcyor. Heyecanla beklenen ve hava \u015fartlar\u0131 nedeniyle ertelenen Toroslar 2. &hellip; <a href=\"https:\/\/akdenizolaygazetesi.com\/?p=16580\" class=\"more-link\">Devam\u0131n\u0131 Oku&#8230;<\/a><\/p>\n","protected":false},"author":2,"featured_media":16581,"comment_status":"open","ping_status":"open","sticky":false,"template":"","format":"standard","meta":[],"categories":[2,3,5],"tags":[],"_links":{"self":[{"href":"https:\/\/akdenizolaygazetesi.com\/index.php?rest_route=\/wp\/v2\/posts\/16580"}],"collection":[{"href":"https:\/\/akdenizolaygazetesi.com\/index.php?rest_route=\/wp\/v2\/posts"}],"about":[{"href":"https:\/\/akdenizolaygazetesi.com\/index.php?rest_route=\/wp\/v2\/types\/post"}],"author":[{"embeddable":true,"href":"https:\/\/akdenizolaygazetesi.com\/index.php?rest_route=\/wp\/v2\/users\/2"}],"replies":[{"embeddable":true,"href":"https:\/\/akdenizolaygazetesi.com\/index.php?rest_route=%2Fwp%2Fv2%2Fcomments&post=16580"}],"version-history":[{"count":1,"href":"https:\/\/akdenizolaygazetesi.com\/index.php?rest_route=\/wp\/v2\/posts\/16580\/revisions"}],"predecessor-version":[{"id":16582,"href":"https:\/\/akdenizolaygazetesi.com\/index.php?rest_route=\/wp\/v2\/posts\/16580\/revisions\/16582"}],"wp:featuredmedia":[{"embeddable":true,"href":"https:\/\/akdenizolaygazetesi.com\/index.php?rest_route=\/wp\/v2\/media\/16581"}],"wp:attachment":[{"href":"https:\/\/akdenizolaygazetesi.com\/index.php?rest_route=%2Fwp%2Fv2%2Fmedia&parent=16580"}],"wp:term":[{"taxonomy":"category","embeddable":true,"href":"https:\/\/akdenizolaygazetesi.com\/index.php?rest_route=%2Fwp%2Fv2%2Fcategories&post=16580"},{"taxonomy":"post_tag","embeddable":true,"href":"https:\/\/akdenizolaygazetesi.com\/index.php?rest_route=%2Fwp%2Fv2%2Ftags&post=16580"}],"curies":[{"name":"wp","href":"https:\/\/api.w.org\/{rel}","templated":true}]}}