{"id":1659,"date":"2020-11-04T18:22:11","date_gmt":"2020-11-04T15:22:11","guid":{"rendered":"http:\/\/mersinekonomipolitikagazetesi.com\/?p=1659"},"modified":"2020-11-04T18:22:11","modified_gmt":"2020-11-04T15:22:11","slug":"putin-ve-erdogan-nukleer-santralin-temelini-atacak","status":"publish","type":"post","link":"https:\/\/akdenizolaygazetesi.com\/?p=1659","title":{"rendered":"PUT\u0130N VE ERDO\u011eAN N\u00dcKLEER  SANTRAL\u2019\u0130N TEMEL\u0130N\u0130 ATACAK"},"content":{"rendered":"<p>Rusya Devlet Ba\u015fkan\u0131 Vladimir Putin&#8217;in T\u00fcrkiye ziyaretinin netle\u015fen program\u0131na g\u00f6re, 3 Nisan&#8217;da T\u00fcrkiye-Rusya \u00dcD\u0130K yedinci toplant\u0131s\u0131n\u0131n yap\u0131laca\u011f\u0131 daha sonra ayn\u0131 g\u00fcn Akkuyu N\u00fckleer G\u00fc\u00e7 Santrali&#8217;nin temel atma t\u00f6renini telekonferans y\u00f6ntemiyle ger\u00e7ekle\u015fece\u011fi belirtildi.<\/p>\n<p class=\"m_-1001400926217963939gmail-p1\" style=\"color: rgb(34, 34, 34); font-family: arial, sans-serif; font-size: 12.8px; line-height: normal;\"><span style=\"font-size:16px;\">Suriye konulu \u00dc\u00e7l\u00fc Zirve toplan\u0131s\u0131n\u0131n da 4 Nisan&#8217;da Ankara&#8217;da yap\u0131laca\u011f\u0131 a\u00e7\u0131kland\u0131.<\/span><\/p>\n<p class=\"m_-1001400926217963939gmail-p2\" style=\"color: rgb(34, 34, 34); font-family: arial, sans-serif; font-size: 12.8px; line-height: normal;\">\u00a0<\/p>\n<p class=\"m_-1001400926217963939gmail-p1\" style=\"color: rgb(34, 34, 34); font-family: arial, sans-serif; font-size: 12.8px; line-height: normal;\"><span style=\"font-size:16px;\">Cumhurba\u015fkanl\u0131\u011f\u0131 Bas\u0131n Merkezi&#8217;nden yap\u0131lan a\u00e7\u0131klamaya g\u00f6re, T\u00fcrkiye-Rusya \u00dcst D\u00fczey \u0130\u015fbirli\u011fi Konseyi&#8217;nin (\u00dcD\u0130K) yedinci toplant\u0131s\u0131, Cumhurba\u015fkan\u0131 Recep Tayyip Erdo\u011fan ve Rusya Federasyonu Devlet Ba\u015fkan\u0131 Vladimir Putin&#8217;in e\u015fba\u015fkanl\u0131klar\u0131nda yap\u0131lacak.\u00a0<\/span><\/p>\n<p class=\"m_-1001400926217963939gmail-p1\" style=\"color: rgb(34, 34, 34); font-family: arial, sans-serif; font-size: 12.8px; line-height: normal;\"><span style=\"font-size:16px;\">\u0130lgili bakanlar\u0131n da kat\u0131l\u0131m\u0131yla Ankara&#8217;da d\u00fczenlenecek \u00dcD\u0130K toplant\u0131s\u0131nda T\u00fcrkiye-Rusya ikili ili\u015fkileri t\u00fcm y\u00f6nleriyle kapsaml\u0131 \u015fekilde ele al\u0131naca\u011f\u0131 belirtildi.<\/span><\/p>\n<p class=\"m_-1001400926217963939gmail-p1\" style=\"color: rgb(34, 34, 34); font-family: arial, sans-serif; font-size: 12.8px; line-height: normal;\"><span style=\"font-size:16px;\">Ayr\u0131ca b\u00f6lgesel ve uluslararas\u0131 meseleler hakk\u0131nda da g\u00f6r\u00fc\u015f al\u0131\u015fveri\u015finde bulunulaca\u011f\u0131, ayn\u0131 g\u00fcn Akkuyu N\u00fckleer G\u00fc\u00e7 Santrali&#8217;nin resmi temel atma t\u00f6reninin de Ankara\u2019dan telekonferans y\u00f6ntemiyle yap\u0131laca\u011f\u0131 a\u00e7\u0131kland\u0131.<\/span><\/p>\n<p class=\"m_-1001400926217963939gmail-p2\" style=\"color: rgb(34, 34, 34); font-family: arial, sans-serif; font-size: 12.8px; line-height: normal;\">\u00a0<\/p>\n<p class=\"m_-1001400926217963939gmail-p3\" style=\"color: rgb(34, 34, 34); font-family: arial, sans-serif; font-size: 12.8px; line-height: normal;\"><span style=\"font-size:16px;\">\u00dc\u00c7L\u00dc Z\u0130RVE YAPILACAK<\/span><\/p>\n<p class=\"m_-1001400926217963939gmail-p4\" style=\"color: rgb(34, 34, 34); font-family: arial, sans-serif; font-size: 12.8px; line-height: normal;\">\u00a0<\/p>\n<p class=\"m_-1001400926217963939gmail-p1\" style=\"color: rgb(34, 34, 34); font-family: arial, sans-serif; font-size: 12.8px; line-height: normal;\"><span style=\"font-size:16px;\">\u00dc\u00e7l\u00fc Zirvede ise Cumhurba\u015fkan\u0131 Erdo\u011fan, Rusya Devlet Ba\u015fkan\u0131 Putin ve \u0130ran Cumhurba\u015fkan\u0131 Hasan Ruhani&#8217;nin de kat\u0131l\u0131m\u0131yla, Suriye konusu g\u00f6r\u00fc\u015f\u00fclecek.<\/span><\/p>\n<p class=\"m_-1001400926217963939gmail-p1\" style=\"color: rgb(34, 34, 34); font-family: arial, sans-serif; font-size: 12.8px; line-height: normal;\"><span style=\"font-size:16px;\">4 Nisan \u00c7ar\u015famba g\u00fcn\u00fc Ankara&#8217;da ger\u00e7ekle\u015fecek zirve sonras\u0131nda Cumhurba\u015fkan\u0131 Erdo\u011fan ve \u0130ran Cumhurba\u015fkan\u0131 aras\u0131nda bir ikili g\u00f6r\u00fc\u015fme ger\u00e7ekle\u015ftirilmesi de bekleniyor.<\/span><\/p>\n<p class=\"m_-1001400926217963939gmail-p1\" style=\"color: rgb(34, 34, 34); font-family: arial, sans-serif; font-size: 12.8px; line-height: normal;\"><span style=\"font-size:16px;\">Erdo\u011fan ve Ruhani g\u00f6r\u00fc\u015fmesinde ikili ili\u015fkilerin yan\u0131 s\u0131ra b\u00f6lgesel ve uluslararas\u0131 konular hakk\u0131nda da fikir teatisinde bulunulaca\u011f\u0131 belirtildi.<\/span><\/p>\n","protected":false},"excerpt":{"rendered":"<p>Rusya Devlet Ba\u015fkan\u0131 Vladimir Putin&#8217;in T\u00fcrkiye ziyaretinin netle\u015fen program\u0131na g\u00f6re, 3 Nisan&#8217;da T\u00fcrkiye-Rusya \u00dcD\u0130K yedinci toplant\u0131s\u0131n\u0131n yap\u0131laca\u011f\u0131 daha sonra ayn\u0131 g\u00fcn Akkuyu N\u00fckleer G\u00fc\u00e7 Santrali&#8217;nin temel atma t\u00f6renini telekonferans y\u00f6ntemiyle &hellip; <a href=\"https:\/\/akdenizolaygazetesi.com\/?p=1659\" class=\"more-link\">Devam\u0131n\u0131 Oku&#8230;<\/a><\/p>\n","protected":false},"author":1,"featured_media":0,"comment_status":"open","ping_status":"open","sticky":false,"template":"","format":"standard","meta":[],"categories":[],"tags":[],"_links":{"self":[{"href":"https:\/\/akdenizolaygazetesi.com\/index.php?rest_route=\/wp\/v2\/posts\/1659"}],"collection":[{"href":"https:\/\/akdenizolaygazetesi.com\/index.php?rest_route=\/wp\/v2\/posts"}],"about":[{"href":"https:\/\/akdenizolaygazetesi.com\/index.php?rest_route=\/wp\/v2\/types\/post"}],"author":[{"embeddable":true,"href":"https:\/\/akdenizolaygazetesi.com\/index.php?rest_route=\/wp\/v2\/users\/1"}],"replies":[{"embeddable":true,"href":"https:\/\/akdenizolaygazetesi.com\/index.php?rest_route=%2Fwp%2Fv2%2Fcomments&post=1659"}],"version-history":[{"count":0,"href":"https:\/\/akdenizolaygazetesi.com\/index.php?rest_route=\/wp\/v2\/posts\/1659\/revisions"}],"wp:attachment":[{"href":"https:\/\/akdenizolaygazetesi.com\/index.php?rest_route=%2Fwp%2Fv2%2Fmedia&parent=1659"}],"wp:term":[{"taxonomy":"category","embeddable":true,"href":"https:\/\/akdenizolaygazetesi.com\/index.php?rest_route=%2Fwp%2Fv2%2Fcategories&post=1659"},{"taxonomy":"post_tag","embeddable":true,"href":"https:\/\/akdenizolaygazetesi.com\/index.php?rest_route=%2Fwp%2Fv2%2Ftags&post=1659"}],"curies":[{"name":"wp","href":"https:\/\/api.w.org\/{rel}","templated":true}]}}