{"id":16592,"date":"2022-02-11T10:47:31","date_gmt":"2022-02-11T07:47:31","guid":{"rendered":"http:\/\/akdenizolaygazetesi.com\/?p=16592"},"modified":"2022-02-11T10:47:31","modified_gmt":"2022-02-11T07:47:31","slug":"toros-universitesi-ile-akdeniz-belediyesi-arasinda-isbirligi-protokolu","status":"publish","type":"post","link":"https:\/\/akdenizolaygazetesi.com\/?p=16592","title":{"rendered":"TOROS \u00dcN\u0130VERS\u0130TES\u0130 \u0130LE AKDEN\u0130Z BELED\u0130YES\u0130 ARASINDA \u0130\u015eB\u0130RL\u0130\u011e\u0130 PROTOKOL\u00dc"},"content":{"rendered":"<p>Toros \u00dcniversitesi ile Akdeniz Belediyesi aras\u0131nda i\u015f birli\u011fi protokol\u00fc imzaland\u0131.<br \/>\nToros \u00dcniversitesi Bah\u00e7elievler Kamp\u00fcs\u00fc senato odas\u0131nda ger\u00e7ekle\u015fen protokole, Rekt\u00f6r Prof. Dr. \u00d6mer Ar\u0131\u00f6z, Akdeniz Belediye Ba\u015fkan\u0131 M. Mustafa G\u00fcltak, Toros \u00dcniversitesi Genel Sekreteri S. Re\u015fit A\u015fk\u0131n, Sa\u011fl\u0131k Bilimleri Fak\u00fcltesi Dekan\u0131 Prof. Dr. F\u00fcgen \u00d6zcanarslan ve akademisyenler kat\u0131ld\u0131.<br \/>\n\u0130malanan protokol kapsam\u0131nda Akdeniz Belediyesi ve Toros \u00dcniversitesi i\u015fbirli\u011finde toplumlar\u0131n sa\u011fl\u0131k d\u00fczeyinin y\u00fckseltilmesinin \u00f6n ko\u015fulunun kad\u0131n sa\u011fl\u0131\u011f\u0131n\u0131n en iyi duruma getirilmesi oldu\u011fu bilinci ile dezavantajl\u0131 b\u00f6lgelerde, geleneksel yap\u0131 ile ya\u015fayan, s\u0131n\u0131rl\u0131 gelir ve d\u00fc\u015f\u00fck e\u011fitim seviyesine sahip kad\u0131nlar\u0131n; temel olarak kad\u0131n sa\u011fl\u0131\u011f\u0131 sorunlar\u0131, \u00fcreme sa\u011fl\u0131\u011f\u0131 ve cinsellik, temizlik-beslenme, gebelik ve aile planlamas\u0131 gibi konularda fark\u0131ndal\u0131klar\u0131n\u0131n artt\u0131r\u0131lmas\u0131, \u00f6nleyici sa\u011fl\u0131k davran\u0131\u015flar\u0131 noktas\u0131nda rol almalar\u0131n\u0131 te\u015fvik etmek amac\u0131yla bir dizi seminer ve e\u011fitim \u00e7al\u0131\u015fmas\u0131 yapmak ve bu kapsamda yap\u0131lacak olan seminerlerin devaml\u0131l\u0131\u011f\u0131n\u0131n ve etkilili\u011finin artt\u0131r\u0131lmas\u0131 amac\u0131yla kurum ve kurulu\u015flar aras\u0131 koordinasyonlu, \u00e7ok tarafl\u0131, e\u015fg\u00fcd\u00fcml\u00fc ve disiplinli yakla\u015f\u0131ma y\u00f6nelik i\u015fbirli\u011finin sa\u011flanmas\u0131 ama\u00e7lanmaktad\u0131r.<\/p>\n","protected":false},"excerpt":{"rendered":"<p>Toros \u00dcniversitesi ile Akdeniz Belediyesi aras\u0131nda i\u015f birli\u011fi protokol\u00fc imzaland\u0131. Toros \u00dcniversitesi Bah\u00e7elievler Kamp\u00fcs\u00fc senato odas\u0131nda ger\u00e7ekle\u015fen protokole, Rekt\u00f6r Prof. Dr. \u00d6mer Ar\u0131\u00f6z, Akdeniz Belediye Ba\u015fkan\u0131 M. Mustafa G\u00fcltak, Toros &hellip; <a href=\"https:\/\/akdenizolaygazetesi.com\/?p=16592\" class=\"more-link\">Devam\u0131n\u0131 Oku&#8230;<\/a><\/p>\n","protected":false},"author":2,"featured_media":16593,"comment_status":"open","ping_status":"open","sticky":false,"template":"","format":"standard","meta":[],"categories":[2,3],"tags":[],"_links":{"self":[{"href":"https:\/\/akdenizolaygazetesi.com\/index.php?rest_route=\/wp\/v2\/posts\/16592"}],"collection":[{"href":"https:\/\/akdenizolaygazetesi.com\/index.php?rest_route=\/wp\/v2\/posts"}],"about":[{"href":"https:\/\/akdenizolaygazetesi.com\/index.php?rest_route=\/wp\/v2\/types\/post"}],"author":[{"embeddable":true,"href":"https:\/\/akdenizolaygazetesi.com\/index.php?rest_route=\/wp\/v2\/users\/2"}],"replies":[{"embeddable":true,"href":"https:\/\/akdenizolaygazetesi.com\/index.php?rest_route=%2Fwp%2Fv2%2Fcomments&post=16592"}],"version-history":[{"count":1,"href":"https:\/\/akdenizolaygazetesi.com\/index.php?rest_route=\/wp\/v2\/posts\/16592\/revisions"}],"predecessor-version":[{"id":16594,"href":"https:\/\/akdenizolaygazetesi.com\/index.php?rest_route=\/wp\/v2\/posts\/16592\/revisions\/16594"}],"wp:featuredmedia":[{"embeddable":true,"href":"https:\/\/akdenizolaygazetesi.com\/index.php?rest_route=\/wp\/v2\/media\/16593"}],"wp:attachment":[{"href":"https:\/\/akdenizolaygazetesi.com\/index.php?rest_route=%2Fwp%2Fv2%2Fmedia&parent=16592"}],"wp:term":[{"taxonomy":"category","embeddable":true,"href":"https:\/\/akdenizolaygazetesi.com\/index.php?rest_route=%2Fwp%2Fv2%2Fcategories&post=16592"},{"taxonomy":"post_tag","embeddable":true,"href":"https:\/\/akdenizolaygazetesi.com\/index.php?rest_route=%2Fwp%2Fv2%2Ftags&post=16592"}],"curies":[{"name":"wp","href":"https:\/\/api.w.org\/{rel}","templated":true}]}}