{"id":16595,"date":"2022-02-11T14:26:37","date_gmt":"2022-02-11T11:26:37","guid":{"rendered":"http:\/\/akdenizolaygazetesi.com\/?p=16595"},"modified":"2022-02-11T14:26:37","modified_gmt":"2022-02-11T11:26:37","slug":"bu-festival-kacmaz","status":"publish","type":"post","link":"https:\/\/akdenizolaygazetesi.com\/?p=16595","title":{"rendered":"BU FEST\u0130VAL KA\u00c7MAZ!"},"content":{"rendered":"<p>Mersin, \u00f6zledi\u011fi Kar Festivali&#8217;ne yeniden kavu\u015fuyor. Toroslar Belediyesinin, bu hafta sonu 12-13 \u015eubat tarihlerinde 2&#8217;ncisini d\u00fczenleyece\u011fi Mersin&#8217;in ilk ve tek Kar Festivali i\u00e7in haz\u0131rl\u0131klar tamamland\u0131.<\/p>\n<p>Ba\u015fkan Y\u0131lmaz; &#8220;Unutulmaz anlar ya\u015famak isteyenleri Toroslar Kar Festivalimize bekliyoruz&#8221; dedi.<\/p>\n<p>Toroslar Belediyesinin 1453 rak\u0131ml\u0131 Arslank\u00f6y yaylas\u0131nda 12 \u015eubat Cumartesi ve 13 \u015eubat Pazar g\u00fcn\u00fc ger\u00e7ekle\u015ftirece\u011fi Toroslar 2. Kar Festivali&#8217;nin heyecan\u0131 \u00c7ukurova B\u00f6lgesini sard\u0131.<\/p>\n<p>Ge\u00e7ti\u011fimiz haftalarda yo\u011fun kar ya\u011f\u0131\u015f\u0131n\u0131n ya\u015fand\u0131\u011f\u0131 il\u00e7enin y\u00fcksek kesimlerinde bu hafta sonu vatanda\u015flar festivalde; g\u00fczel bir hava e\u015fli\u011finde do\u011fan\u0131n, kar\u0131n, m\u00fczi\u011fin ve e\u011flencenin tad\u0131n\u0131 doyas\u0131ya \u00e7\u0131karacak.<\/p>\n<p>Festival Alan\u0131nda T\u00fcm \u0130htiya\u00e7lar D\u00fc\u015f\u00fcn\u00fcld\u00fc<\/p>\n<p>Belediye, ula\u015f\u0131mda aksakl\u0131klar\u0131n ya\u015fanmamas\u0131 i\u00e7in festival alan\u0131nda ve yol g\u00fczerg\u00e2h\u0131 \u00fczerinde \u00e7al\u0131\u015fmalar\u0131n\u0131 titizlikle tamamlad\u0131.<\/p>\n<p>Oduncu masalar\u0131, portatif tuvaletler ve giyinme \u00e7ad\u0131rlar\u0131 gibi t\u00fcm ihtiya\u00e7lar\u0131n d\u00fc\u015f\u00fcn\u00fcld\u00fc\u011f\u00fc festival alan\u0131nda ayr\u0131ca kablosuz internet (Wi-Fi) hizmeti verilecek. B\u00f6lge esnaf\u0131 da a\u00e7\u0131lacak stantlarda y\u00f6resel \u00fcr\u00fcnlerin tan\u0131t\u0131m\u0131n\u0131 ve sat\u0131\u015f\u0131n\u0131 yapabilecek. Mersin&#8217;in tan\u0131t\u0131m\u0131n\u0131n yap\u0131lmas\u0131 ama\u00e7land\u0131\u011f\u0131 festivalde sunulan \u00fccretsiz internet hizmeti ile kat\u0131l\u0131mc\u0131lar, #ToroslarKarFest etiketini kullanarak kentin e\u015fsiz g\u00fczelli\u011fini t\u00fcm d\u00fcnyaya duyuracak.<\/p>\n<p>Ayr\u0131ca festival g\u00fcn\u00fc sabah saat 09.30&#8217;da vatanda\u015flar, Mersin&#8217;in d\u00f6rt merkez il\u00e7esinden sunulan servis imkan\u0131ndan \u00fccretsiz olarak faydalanabilecek.<\/p>\n<p>Kat\u0131l\u0131mc\u0131lar\u0131 S\u00fcrprizler Bekliyor<\/p>\n<p>Toroslar&#8217;\u0131n zirvesinde; DJ performans\u0131 e\u015fli\u011finde yama\u00e7 para\u015f\u00fct\u00fc, voleybol, halat \u00e7ekme, kardan adam yar\u0131\u015fmas\u0131, zumba, step, aerobik ve dans g\u00f6sterileri yer alacak. Ayn\u0131 zamanda yerel sanat\u00e7\u0131lar Y\u00f6r\u00fcko\u011flu Selim, Caner Erdo\u011fan ve Burhan Ate\u015f sahne alacak.<\/p>\n<p>Bu y\u0131l da binlerce kat\u0131l\u0131mc\u0131n\u0131n gelmesinin beklendi\u011fi festival alan\u0131nda 14 \u015eubat Sevgililer G\u00fcn\u00fc i\u00e7in haz\u0131rlanan s\u00fcrpriz temalar ile dev kardan adam da foto\u011fraf karelerini s\u00fcsleyecek.<\/p>\n<p>Ba\u015fkan Y\u0131lmaz&#8217;dan Festivale Davet<\/p>\n<p>Toroslar Belediye Ba\u015fkan\u0131 Ba\u015fkan Y\u0131lmaz, vatanda\u015flar\u0131n keyifli ve e\u011flenceli bir hafta sonu ge\u00e7irecekleri Toroslar Kar Festivali&#8217;ne 7&#8217;den 70&#8217;e herkesi davet etti.<\/p>\n<p>Ba\u015fkan Y\u0131lmaz;  &#8220;Toroslar\u0131m\u0131z, do\u011fas\u0131yla, tarihiyle, k\u00fclt\u00fcrel de\u011ferleriyle \u00f6nemli bir il\u00e7e. Geleneksel hale getirdi\u011fimiz Toroslar Kar Festivalimiz ile Mersin&#8217;de k\u0131\u015f turizmini geli\u015ftirmek ve yaymak istiyoruz. 12 \u015eubat Cumartesi ve 13 \u015eubat Pazar g\u00fcn\u00fc herkesi Arslank\u00f6y&#8217;de ger\u00e7ekle\u015ftirece\u011fimiz festivalimize bekliyoruz&#8221; diye konu\u015ftu.<\/p>\n","protected":false},"excerpt":{"rendered":"<p>Mersin, \u00f6zledi\u011fi Kar Festivali&#8217;ne yeniden kavu\u015fuyor. Toroslar Belediyesinin, bu hafta sonu 12-13 \u015eubat tarihlerinde 2&#8217;ncisini d\u00fczenleyece\u011fi Mersin&#8217;in ilk ve tek Kar Festivali i\u00e7in haz\u0131rl\u0131klar tamamland\u0131. Ba\u015fkan Y\u0131lmaz; &#8220;Unutulmaz anlar ya\u015famak &hellip; <a href=\"https:\/\/akdenizolaygazetesi.com\/?p=16595\" class=\"more-link\">Devam\u0131n\u0131 Oku&#8230;<\/a><\/p>\n","protected":false},"author":2,"featured_media":16596,"comment_status":"open","ping_status":"open","sticky":false,"template":"","format":"standard","meta":[],"categories":[3,5],"tags":[],"_links":{"self":[{"href":"https:\/\/akdenizolaygazetesi.com\/index.php?rest_route=\/wp\/v2\/posts\/16595"}],"collection":[{"href":"https:\/\/akdenizolaygazetesi.com\/index.php?rest_route=\/wp\/v2\/posts"}],"about":[{"href":"https:\/\/akdenizolaygazetesi.com\/index.php?rest_route=\/wp\/v2\/types\/post"}],"author":[{"embeddable":true,"href":"https:\/\/akdenizolaygazetesi.com\/index.php?rest_route=\/wp\/v2\/users\/2"}],"replies":[{"embeddable":true,"href":"https:\/\/akdenizolaygazetesi.com\/index.php?rest_route=%2Fwp%2Fv2%2Fcomments&post=16595"}],"version-history":[{"count":1,"href":"https:\/\/akdenizolaygazetesi.com\/index.php?rest_route=\/wp\/v2\/posts\/16595\/revisions"}],"predecessor-version":[{"id":16597,"href":"https:\/\/akdenizolaygazetesi.com\/index.php?rest_route=\/wp\/v2\/posts\/16595\/revisions\/16597"}],"wp:featuredmedia":[{"embeddable":true,"href":"https:\/\/akdenizolaygazetesi.com\/index.php?rest_route=\/wp\/v2\/media\/16596"}],"wp:attachment":[{"href":"https:\/\/akdenizolaygazetesi.com\/index.php?rest_route=%2Fwp%2Fv2%2Fmedia&parent=16595"}],"wp:term":[{"taxonomy":"category","embeddable":true,"href":"https:\/\/akdenizolaygazetesi.com\/index.php?rest_route=%2Fwp%2Fv2%2Fcategories&post=16595"},{"taxonomy":"post_tag","embeddable":true,"href":"https:\/\/akdenizolaygazetesi.com\/index.php?rest_route=%2Fwp%2Fv2%2Ftags&post=16595"}],"curies":[{"name":"wp","href":"https:\/\/api.w.org\/{rel}","templated":true}]}}