{"id":16598,"date":"2022-02-11T14:28:52","date_gmt":"2022-02-11T11:28:52","guid":{"rendered":"http:\/\/akdenizolaygazetesi.com\/?p=16598"},"modified":"2022-02-11T14:28:52","modified_gmt":"2022-02-11T11:28:52","slug":"baskan-gultak-akdeniz-30-milyon-lira-tutarinda-spor-tesisleri-kazanacak","status":"publish","type":"post","link":"https:\/\/akdenizolaygazetesi.com\/?p=16598","title":{"rendered":"BA\u015eKAN G\u00dcLTAK; \u201cAKDEN\u0130Z 30 M\u0130LYON L\u0130RA TUTARINDA SPOR TES\u0130SLER\u0130 KAZANACAK\u201d"},"content":{"rendered":"<p>Akdeniz Belediye Meclis\u2019inde, Nacarl\u0131 Mahallesine 250 seyirci kapasiteli bir spor salonu; Yal\u0131nayak Mahallesine de gen\u00e7lik merkezi ile a\u00e7\u0131k ve kapal\u0131 spor tesisleri yap\u0131lmak \u00fczere belediyeye ait baz\u0131 ta\u015f\u0131nmazlar\u0131n Gen\u00e7lik Spor \u0130l M\u00fcd\u00fcrl\u00fc\u011f\u00fc\u2019ne tahsisi oybirli\u011fi ile kabul edildi. Meclis \u00fcyelerine te\u015fekk\u00fcr eden Ba\u015fkan G\u00fcltak; al\u0131nan kararla, Akdeniz halk\u0131na 30 milyon liray\u0131 a\u015fan tutarda spor tesisleri kazand\u0131r\u0131ld\u0131\u011f\u0131n\u0131n alt\u0131n\u0131 \u00e7izdi.<br \/>\nMersin Uluslararas\u0131 M\u00fczik Festivali\u2019ne 150 bin lira destek<br \/>\nAkdeniz Belediye Meclisi, M. Mustafa G\u00fcltak Ba\u015fkanl\u0131\u011f\u0131\u2019nda \u015eubat ay\u0131 ikinci birle\u015fimini belediye konferans salonunda ger\u00e7ekle\u015ftirdi. Yoklama, Sayg\u0131 Duru\u015fu ve \u0130stiklal Mar\u015f\u0131\u2019n\u0131n okunmas\u0131 ile ba\u015flayan Meclis\u2019te, bir \u00f6nceki toplant\u0131da komisyonlara havale edilen g\u00fcndem maddeleri g\u00f6r\u00fc\u015f\u00fcld\u00fc. Toplant\u0131da, 21 May\u0131s ile 18 Haziran 2022 tarihleri aras\u0131nda d\u00fczenlenecek olan \u201c20\u2019nci Mersin Uluslararas\u0131 M\u00fczik Festivali\u2019ne, Akdeniz Belediyesi taraf\u0131ndan 150 bin TL destek sa\u011flanmas\u0131na ili\u015fkin ilgili komisyonlardan da oybirli\u011fi ile gelen g\u00fcndem maddesi, Meclis \u00fcyelerinin yine oybirli\u011fi ile kabul edildi.<br \/>\nSpor tesisleri ve gen\u00e7lik merkezi yap\u0131lmas\u0131 i\u00e7in tahsisler onayland\u0131<br \/>\nMeclis\u2019te; M\u00fclkiyeti Akdeniz Belediyesi\u2019ne ait Nacarl\u0131 Mahallesi\u2019nde bulunan 2 bin 545 metrekare y\u00fcz\u00f6l\u00e7\u00fcm\u00fcne sahip, at\u0131l haldeki ta\u015f\u0131nmaz\u0131n yerine, 250 seyirci kapasiteli spor salonu yap\u0131lmas\u0131 \u015fart\u0131yla Mersin Gen\u00e7lik ve Spor \u0130l M\u00fcd\u00fcrl\u00fc\u011f\u00fc\u2019ne 15 y\u0131ll\u0131\u011f\u0131na bedelsiz tahsisinin yap\u0131lmas\u0131 ile g\u00fcndem maddesi de oybirli\u011fi ile kabul edildi.<br \/>\nAyn\u0131 \u015fekilde, m\u00fclkiyeti Akdeniz Belediyesi\u2019ne ait Yal\u0131nayak Mahallesi\u2019nde bulunan 37 bin 270 metrekare y\u00fcz\u00f6l\u00e7\u00fcm\u00fcndeki ta\u015f\u0131nmaz\u0131n, 15 bin metrekarelik k\u0131sm\u0131na da \u2018Gen\u00e7lik Merkezi\u2019 ile \u2018A\u00e7\u0131k ve Kapal\u0131 Spor Tesisleri\u2019 yap\u0131lmak \u015fart\u0131yla Mersin Gen\u00e7lik ve Spor \u0130l M\u00fcd\u00fcrl\u00fc\u011f\u00fc\u2019ne 15 y\u0131ll\u0131\u011f\u0131na bedelsiz tahsisinin yap\u0131lmas\u0131 oybirli\u011fi ile onayland\u0131.<br \/>\nBa\u015fkan G\u00fcltak; \u201cAkdeniz, 30 milyon liran\u0131n \u00fczerinde bir yat\u0131r\u0131m kazand\u0131\u201d<br \/>\nOybirli\u011fi ile al\u0131nan karar nedeniyle t\u00fcm Meclis \u00fcyelerine te\u015fekk\u00fcr eden Akdeniz Belediye Ba\u015fkan\u0131 Mustafa G\u00fcltak; \u201cHepimizin amac\u0131, Akdeniz\u2019de ya\u015fayan halklara hizmet vermek, onlar\u0131n refah\u0131 ve mutlulu\u011funu sa\u011flamakt\u0131r. Tahmini olarak s\u00f6yl\u00fcyorum, 30 milyon liran\u0131n \u00fczerindeki bir yat\u0131r\u0131ma \u2018evet\u2019 demi\u015f olduk. Ger\u00e7ekten Akdeniz i\u00e7in \u00e7ok ciddi bir yat\u0131r\u0131m.<br \/>\nHani \u2018alt\u0131n damar\u0131, g\u00fcm\u00fc\u015f veya bak\u0131r damar\u0131\u2019 derler ya; ge\u00e7ekten de Huzurkent b\u00f6lgesinde bir \u2018g\u00fcre\u015f damar\u0131\u2019 var. Zaman zaman \u015fampiyonlar \u00e7\u0131k\u0131yor. Burada ilkel bir salon vard\u0131 fakat art\u0131k daha g\u00fczel bir salon elde edece\u011fiz. 15-20 y\u0131lda bir d\u00fcnya ve olimpiyat \u015fampiyonlar\u0131 ortaya \u00e7\u0131karsak bize yeter. Kolay i\u015fler de\u011fil, Huzurkent\u2019e hay\u0131rl\u0131 u\u011furlu olsun\u201d dedi.<br \/>\n\u201cT\u0131rm\u0131l Tepe Spor Kompleksi ihalesi yak\u0131nda ger\u00e7ekle\u015fecek\u201d<br \/>\nBa\u015fkan G\u00fcltak; T\u0131rm\u0131l Tepe Spor Kompleksi ile ilgili olarak da \u015f\u00f6yle konu\u015ftu; \u201cBu proje ise, \u00d6zg\u00fcrl\u00fck,  \u00c7ay ve \u00c7ilek ve b\u00f6lgedeki bir\u00e7ok mahalleyi ilgilendiriyor. \u00c7\u00fcnk\u00fc ortada bir yer buras\u0131. Bu spor tesisleri katl\u0131 de\u011fil, yatay olacak. \u00c7\u00fcnk\u00fc biz o b\u00f6lgenin ye\u015fil kalmas\u0131n\u0131; insanlar\u0131m\u0131z\u0131n rahatl\u0131kla gezebilmesini, \u00e7ay ve kahvelerini i\u00e7ebilmelerini istiyoruz. Halka a\u00e7\u0131k olacak. Seyfi Ali T\u00fcrko\u011flu, Kazanl\u0131 ve Karacailyas\u2019ta yapt\u0131\u011f\u0131m\u0131z gibi amat\u00f6r liglerin oynanabilece\u011fi g\u00fczel bir futbol sahas\u0131 da olacak.<br \/>\nGe\u00e7en d\u00f6nem Akdeniz\u2019e, yine Spor Toto \u00fczerinden bir\u00e7ok spor tesisi kazand\u0131rd\u0131k. Protokol haz\u0131rlan\u0131p imzalar at\u0131ld\u0131ktan sonra projeler ba\u015flayacak. Belediyemizin ve halk\u0131m\u0131z\u0131n kullanmas\u0131 a\u00e7\u0131s\u0131ndan da hi\u00e7bir s\u0131k\u0131nt\u0131 olmayacak. Paras\u0131 haz\u0131r, projeler haz\u0131r. H\u0131zl\u0131 \u015fekilde ihaleye ge\u00e7ilecektir. Bu g\u00fczel tesisler, 1-1 bu\u00e7uk y\u0131l i\u00e7inde biter. Bu anlamda, desteklerini esirgemeyen ba\u015fta Cumhurba\u015fkan\u0131m\u0131z Say\u0131n Recep Tayyip Erdo\u011fan\u2019a, Gen\u00e7lik ve Spor Bakan\u0131m\u0131z Say\u0131n Mehmet Kasapo\u011flu\u2019na, Spor Toto Te\u015fkilat\u0131 Ba\u015fkan\u0131m\u0131z ve de\u011ferli Milletvekillerimize \u00e7ok te\u015fekk\u00fcr ediyorum. Akdeniz halk\u0131na hay\u0131rl\u0131 olsun.\u201d<br \/>\nMeclis\u2019te, Yal\u0131nayak ile Nacarl\u0131 mahallelerinde bulunan baz\u0131 ada ve parsellerde yer alan okul alanlar\u0131n\u0131n geni\u015fletilmesi amac\u0131yla Akdeniz \u0130l\u00e7e Milli E\u011fitim M\u00fcd\u00fcrl\u00fc\u011f\u00fc\u2019n\u00fcn talebi \u00fczerine haz\u0131rlat\u0131lan 1\/1000 \u00d6l\u00e7ekli Uygulama \u0130mar Plan\u0131 ile ilgili konular g\u00f6r\u00fc\u015f\u00fclerek oybirli\u011fi ile kabul edildi.<br \/>\nAgricities Uluslararas\u0131 Tar\u0131m \u015eehirleri Birli\u011fi i\u00e7in asil ve yedek \u00fcye se\u00e7ildi<br \/>\nMeclis\u2019te son olarak, tar\u0131m ve g\u0131da alan\u0131nda \u00fcretim, i\u015fbirli\u011fi ve kurumlarca edinilen tecr\u00fcbelerin payla\u015f\u0131m\u0131 noktas\u0131nda olu\u015fturulan \u2018Agricities Uluslararas\u0131 Tar\u0131m \u015eehirleri Birli\u011fi\u2019ne, Akdeniz Belediyesi\u2019nin \u00fcye olmas\u0131 ve meclis \u00fcyeleri i\u00e7erisinden 2 asil, 1 yedek \u00fcyenin se\u00e7ilmesi ile ilgili konu g\u00f6r\u00fc\u015f\u00fcld\u00fc. Yap\u0131lan oylama sonucu birli\u011fe, Salih Akba\u015f, Celal Kurt asil; Muhittin Erta\u015f da yedek \u00fcye olarak se\u00e7ilerek konu oybirli\u011fi ile kabul edildi. <\/p>\n","protected":false},"excerpt":{"rendered":"<p>Akdeniz Belediye Meclis\u2019inde, Nacarl\u0131 Mahallesine 250 seyirci kapasiteli bir spor salonu; Yal\u0131nayak Mahallesine de gen\u00e7lik merkezi ile a\u00e7\u0131k ve kapal\u0131 spor tesisleri yap\u0131lmak \u00fczere belediyeye ait baz\u0131 ta\u015f\u0131nmazlar\u0131n Gen\u00e7lik Spor &hellip; <a href=\"https:\/\/akdenizolaygazetesi.com\/?p=16598\" class=\"more-link\">Devam\u0131n\u0131 Oku&#8230;<\/a><\/p>\n","protected":false},"author":2,"featured_media":16599,"comment_status":"open","ping_status":"open","sticky":false,"template":"","format":"standard","meta":[],"categories":[2,3,5,10],"tags":[],"_links":{"self":[{"href":"https:\/\/akdenizolaygazetesi.com\/index.php?rest_route=\/wp\/v2\/posts\/16598"}],"collection":[{"href":"https:\/\/akdenizolaygazetesi.com\/index.php?rest_route=\/wp\/v2\/posts"}],"about":[{"href":"https:\/\/akdenizolaygazetesi.com\/index.php?rest_route=\/wp\/v2\/types\/post"}],"author":[{"embeddable":true,"href":"https:\/\/akdenizolaygazetesi.com\/index.php?rest_route=\/wp\/v2\/users\/2"}],"replies":[{"embeddable":true,"href":"https:\/\/akdenizolaygazetesi.com\/index.php?rest_route=%2Fwp%2Fv2%2Fcomments&post=16598"}],"version-history":[{"count":1,"href":"https:\/\/akdenizolaygazetesi.com\/index.php?rest_route=\/wp\/v2\/posts\/16598\/revisions"}],"predecessor-version":[{"id":16600,"href":"https:\/\/akdenizolaygazetesi.com\/index.php?rest_route=\/wp\/v2\/posts\/16598\/revisions\/16600"}],"wp:featuredmedia":[{"embeddable":true,"href":"https:\/\/akdenizolaygazetesi.com\/index.php?rest_route=\/wp\/v2\/media\/16599"}],"wp:attachment":[{"href":"https:\/\/akdenizolaygazetesi.com\/index.php?rest_route=%2Fwp%2Fv2%2Fmedia&parent=16598"}],"wp:term":[{"taxonomy":"category","embeddable":true,"href":"https:\/\/akdenizolaygazetesi.com\/index.php?rest_route=%2Fwp%2Fv2%2Fcategories&post=16598"},{"taxonomy":"post_tag","embeddable":true,"href":"https:\/\/akdenizolaygazetesi.com\/index.php?rest_route=%2Fwp%2Fv2%2Ftags&post=16598"}],"curies":[{"name":"wp","href":"https:\/\/api.w.org\/{rel}","templated":true}]}}