{"id":1660,"date":"2020-11-04T18:22:11","date_gmt":"2020-11-04T15:22:11","guid":{"rendered":"http:\/\/mersinekonomipolitikagazetesi.com\/?p=1660"},"modified":"2020-11-04T18:22:11","modified_gmt":"2020-11-04T15:22:11","slug":"mersine-300-milyon-liralik-yatirim","status":"publish","type":"post","link":"https:\/\/akdenizolaygazetesi.com\/?p=1660","title":{"rendered":"&#8220;Mersin&#8217;e 300 milyon liral\u0131k yat\u0131r\u0131m&#8221;"},"content":{"rendered":"<p>Kalk\u0131nma Bakan\u0131 L\u00fctfi Elvan 15 y\u0131l \u00f6nce k\u0131rsal kalk\u0131nma dendi\u011finde vatanda\u015flar\u0131n y\u00fczde 90&#8217;\u0131n\u0131n &#8216;bu ne anlama geliyor&#8217; diye d\u00fc\u015f\u00fcnd\u00fc\u011f\u00fcn\u00fc ancak g\u00fcn\u00fcm\u00fczde \u00e7ift\u00e7iye, k\u00f6yl\u00fcye, KOB\u0130&#8217;lere b\u00fcy\u00fck destekler verildi\u011fini kaydetti.<\/p>\n<p class=\"m_164507152167266734gmail-p1\" style=\"color: rgb(34, 34, 34); font-family: arial, sans-serif; font-size: 12.8px; line-height: normal;\"><span style=\"font-size:16px;\">A\u015f, i\u015f, ekmek i\u00e7in \u00e7al\u0131\u015f\u0131p, proje \u00fcretenlere devletin &#8216;gel fabrika yapal\u0131m, tesis kural\u0131m. Biraz sen koy, biraz ben koyay\u0131m&#8217; dedi\u011fini aktaran Bakan Elvan, &#8220;42 il aras\u0131nda Mersin ilimiz ba\u015fvuruda ikinci s\u0131rada. Ve bug\u00fcnk\u00fc imzalanacak olan protokolden sonra a\u015fa\u011f\u0131 yukar\u0131 300 milyon liraya yak\u0131n bir yat\u0131r\u0131m\u0131n Mersin&#8217;e ger\u00e7ekle\u015ftirilmi\u015f oldu\u011funu g\u00f6r\u00fcyoruz. TKDK y\u00fczde 70 destek veriyor. 10 milyon liral\u0131k yat\u0131r\u0131m yapacaks\u0131n\u0131z, 7 milyonunu TKDK veriyor. Daha ne istiyorsunuz? Proje \u00fcreten kim varsa biz destek veriyoruz ve vermeye devam edece\u011fiz. Bizim anlay\u0131\u015f\u0131m\u0131z bu. 20 y\u0131l 30 y\u0131l geriye gidin. Bir i\u015f adam\u0131m\u0131z, bir vatanda\u015f\u0131m\u0131z devlet memurundan korkard\u0131, \u00e7ekinirdi. Odas\u0131na girmekten \u00e7ekinirdi. Hizmet i\u00e7in ne gerekiyorsa ben de devletin memuru da ne gere\u011fini yapacak&#8221; diye konu\u015ftu.\u00a0<\/span><\/p>\n<p class=\"m_164507152167266734gmail-p2\" style=\"color: rgb(34, 34, 34); font-family: arial, sans-serif; font-size: 12.8px; line-height: normal;\">\u00a0<\/p>\n<p class=\"m_164507152167266734gmail-p3\" style=\"color: rgb(34, 34, 34); font-family: arial, sans-serif; font-size: 12.8px; line-height: normal;\"><span style=\"font-size:16px;\">&#8220;Mersin&#8217;de yenilik\u00e7i tar\u0131m politikalar\u0131 uygulanacak&#8221;<\/span><\/p>\n<p class=\"m_164507152167266734gmail-p4\" style=\"color: rgb(34, 34, 34); font-family: arial, sans-serif; font-size: 12.8px; line-height: normal;\">\u00a0<\/p>\n<p class=\"m_164507152167266734gmail-p1\" style=\"color: rgb(34, 34, 34); font-family: arial, sans-serif; font-size: 12.8px; line-height: normal;\"><span style=\"font-size:16px;\">Bakan Elvan, Mersin&#8217;de sadece \u00fcretmenin yetmedi\u011fine de\u011finerek, &#8220;E\u011fer \u00fcretti\u011fimiz \u015fekilde satarsak, bir birimlik katma de\u011fer al\u0131rsak ama bunu i\u015fleyip satt\u0131\u011f\u0131m\u0131z zaman belki 5 birimlik katma de\u011fer elde edece\u011fiz. Elde etti\u011fimiz \u00fcr\u00fcn\u00fc i\u015fleyip katma de\u011feri \u00e7ok y\u00fcksek \u00fcr\u00fcnlere d\u00f6n\u00fc\u015ft\u00fcrme ihtiyac\u0131m\u0131z var. Bu noktada Mersin&#8217;i in\u015fallah G\u0131da, Tar\u0131m ve Hayvanc\u0131l\u0131k Bakanl\u0131\u011f\u0131m\u0131z inovatif yani yenilik\u00e7i tar\u0131m politikalar\u0131n\u0131n uygulanaca\u011f\u0131 pilot bir il olarak alacak ve bu noktada gerekli deste\u011fi bize verecektir. Katma de\u011feri \u00e7ok daha y\u00fcksek \u00fcr\u00fcnleri bu \u015fekilde elde etme \u015fans\u0131na kavu\u015faca\u011f\u0131z&#8221; dedi.<\/span><\/p>\n<p class=\"m_164507152167266734gmail-p1\" style=\"color: rgb(34, 34, 34); font-family: arial, sans-serif; font-size: 12.8px; line-height: normal;\">\u00a0<\/p>\n<p class=\"m_164507152167266734gmail-p1\" style=\"color: rgb(34, 34, 34); font-family: arial, sans-serif; font-size: 12.8px; line-height: normal;\"><span style=\"font-size:16px;\">G\u0131da, Tar\u0131m ve Hayvanc\u0131l\u0131k Bakan\u0131 Ahmet E\u015fref Fak\u0131baba, T\u00fcrkiye&#8217;nin 16 milyar dolar tar\u0131msal has\u0131lada Avrupa birincisi, d\u00fcnya 7&#8217;ncisi oldu\u011funu s\u00f6yledi.\u00a0<\/span><\/p>\n<p class=\"m_164507152167266734gmail-p2\" style=\"color: rgb(34, 34, 34); font-family: arial, sans-serif; font-size: 12.8px; line-height: normal;\"><span style=\"font-size:16px;\">Kalk\u0131nma Bakan\u0131 L\u00fctfi Elvan, Milli E\u011fitim Bakan\u0131 \u0130smet Y\u0131lmaz ve G\u0131da Tar\u0131m ve Hayvanc\u0131l\u0131k Bakan\u0131 Ahmet E\u015fref Fak\u0131baba, Mersin Tar\u0131m ve K\u0131rsal Kalk\u0131nmay\u0131 Destekleme Kurumu (TKDK) ile Tar\u0131m \u0130l M\u00fcd\u00fcrl\u00fc\u011f\u00fcn\u00fcn y\u00fcr\u00fctt\u00fc\u011f\u00fc \u0130PARD 2. A\u015fama kapsam\u0131nda hibe almaya hak kazanan 12 proje i\u00e7in S\u00f6zle\u015fme \u0130mza T\u00f6reni&#8217;ne kat\u0131ld\u0131.\u00a0<\/span><\/p>\n<p class=\"m_164507152167266734gmail-p2\" style=\"color: rgb(34, 34, 34); font-family: arial, sans-serif; font-size: 12.8px; line-height: normal;\"><span style=\"font-size:16px;\">T\u00f6renin a\u00e7\u0131\u015f konu\u015fmas\u0131n\u0131 yapan Milli E\u011fitim Bakan\u0131 \u0130smail Y\u0131lmaz, s\u00f6zle\u015fme imzalamaya hak kazananlar\u0131 tebrik ederek, &#8220;G\u0131da g\u00fcvenli\u011fi i\u00e7in, g\u00f6\u00e7\u00fc durdurmak i\u00e7in, k\u0131rsal kalk\u0131nma i\u00e7in mutlaka k\u0131rsal\u0131n desteklenmesi gerekir. G\u00f6\u00e7\u00fcn sosyal maliyeti yap\u0131lacak destekten \u00e7ok \u00e7ok fazlad\u0131r. Bug\u00fcn imzalanan desteklerle y\u00fczde 50-70 civar\u0131nda hibe al\u0131n\u0131yor. Eskiden b\u00f6yle \u015feyleri konu\u015fmak m\u00fcmk\u00fcn de\u011fildi ancak \u015fimdi &#8216;yap, destekle, \u00fcret, yan\u0131nda ben var\u0131m&#8217; diyor. Ge\u00e7en y\u0131l T\u00fcrkiye son \u00e7eyrekte 7.4 b\u00fcy\u00fcd\u00fc. 2017&#8217;nin tamam\u0131nda y\u00fczde 3 b\u00fcy\u00fcd\u00fc, tar\u0131m\u0131n katma de\u011feri ise y\u00fczde 6. Y\u0131lmadan, yorulmadan, usanmadan, T\u00fcrkiye&#8217;nin yar\u0131n\u0131n\u0131 daha iyi yapmak i\u00e7in \u00e7al\u0131\u015fan \u00e7ift\u00e7ilerimizi tebrik ediyorum. Bizler de \u00e7ift\u00e7ilerimizin her zaman yan\u0131nday\u0131z&#8221; ifadelerini kulland\u0131.\u00a0<\/span><\/p>\n<p class=\"m_164507152167266734gmail-p3\" style=\"color: rgb(34, 34, 34); font-family: arial, sans-serif; font-size: 12.8px; line-height: normal;\">\u00a0<\/p>\n<p class=\"m_164507152167266734gmail-p4\" style=\"color: rgb(34, 34, 34); font-family: arial, sans-serif; font-size: 12.8px; line-height: normal;\"><span style=\"font-size:16px;\">&#8220;K\u0131rsal kalk\u0131nma 15 y\u0131lda \u00f6nemli yerlere geldi&#8221;<\/span><\/p>\n<p class=\"m_164507152167266734gmail-p5\" style=\"color: rgb(34, 34, 34); font-family: arial, sans-serif; font-size: 12.8px; line-height: normal;\">\u00a0<\/p>\n<p class=\"m_164507152167266734gmail-p2\" style=\"color: rgb(34, 34, 34); font-family: arial, sans-serif; font-size: 12.8px; line-height: normal;\"><span style=\"font-size:16px;\">G\u0131da, Tar\u0131m ve Hayvanc\u0131l\u0131k Bakan\u0131 Ahmet E\u015fref Fak\u0131baba da, k\u0131rsal kalk\u0131nman\u0131n AK Parti h\u00fck\u00fcmetleri sayesinde 15 y\u0131lda \u00f6nemli yerlere geldi\u011fini kaydederek, &#8220;Ge\u00e7en Afyon&#8217;dayd\u0131m. TKDK&#8217;n\u0131n bir \u00fcyesinin i\u015f yerini ziyarete gittim. Yan\u0131nda kocas\u0131, 2 k\u00fc\u00e7\u00fck \u00e7ok g\u00fczel \u00e7ocuk ve bir han\u0131mefendi. Han\u0131mefendi mantar \u00fcretiyor. Allah raz\u0131 olsun, bu da gen\u00e7 \u00e7ift\u00e7i projemizdendi. &#8217;30 bin lira ald\u0131m, i\u015fim \u00f6yle b\u00fcy\u00fcd\u00fc ki ayda 5-6 bin lira para kazan\u0131yorum&#8217; diyor ve kocas\u0131n\u0131n yan\u0131nda hava at\u0131yor. \u0130nsan isterse yapar&#8221; dedi.\u00a0<\/span><\/p>\n<p class=\"m_164507152167266734gmail-p3\" style=\"color: rgb(34, 34, 34); font-family: arial, sans-serif; font-size: 12.8px; line-height: normal;\">\u00a0<\/p>\n<p class=\"m_164507152167266734gmail-p4\" style=\"color: rgb(34, 34, 34); font-family: arial, sans-serif; font-size: 12.8px; line-height: normal;\"><span style=\"font-size:16px;\">&#8220;Varl\u0131klar\u0131n\u0131z\u0131 satar bir porsiyon kuru fasulyeye de\u011fi\u015ftirirsiniz&#8221;<\/span><\/p>\n<p class=\"m_164507152167266734gmail-p5\" style=\"color: rgb(34, 34, 34); font-family: arial, sans-serif; font-size: 12.8px; line-height: normal;\">\u00a0<\/p>\n<p class=\"m_164507152167266734gmail-p2\" style=\"color: rgb(34, 34, 34); font-family: arial, sans-serif; font-size: 12.8px; line-height: normal;\"><span style=\"font-size:16px;\">T\u00fcrkiye&#8217;nin \u00f6n\u00fcn\u00fcn a\u00e7\u0131k oldu\u011funu ve AK Parti olarak halk\u0131n yan\u0131nda olduklar\u0131n\u0131 kaydeden Bakan Fak\u0131baba, &#8220;Bana deseler ki &#8216;para m\u0131? e\u011fitim mi?&#8217; diyece\u011fim \u015fey e\u011fitimdir. Ama E\u011fitim Bakanl\u0131\u011f\u0131 m\u0131 yoksa G\u0131da Bakanl\u0131\u011f\u0131 m\u0131 deseler yine G\u0131da, Tar\u0131m ve Hayvanc\u0131l\u0131k Bakanl\u0131\u011f\u0131 derim. \u0130nsanlar ayakkab\u0131s\u0131z olabilir, belki ceketi, kravat\u0131 da olmayabilir ama kahvalt\u0131 yapmak zorundad\u0131r. \u00d6\u011fle yeme\u011fini, ak\u015fam yeme\u011fini yiyecek. \u0130nsanlar\u0131n a\u00e7l\u0131\u011fa dayanmak i\u00e7in belirli bir m\u00fcddeti vard\u0131r. T\u00fcm varl\u0131\u011f\u0131n\u0131z\u0131 satar bir porsiyon kuru fasulyeye de\u011fi\u015firsiniz. Bunu \u00fcreten fedakar \u00e7ift\u00e7i arkada\u015flar\u0131m ve benim ailem. Onlara minnettar\u0131z&#8221; \u015feklinde konu\u015ftu.\u00a0<\/span><\/p>\n<p class=\"m_164507152167266734gmail-p3\" style=\"color: rgb(34, 34, 34); font-family: arial, sans-serif; font-size: 12.8px; line-height: normal;\">\u00a0<\/p>\n<p class=\"m_164507152167266734gmail-p4\" style=\"color: rgb(34, 34, 34); font-family: arial, sans-serif; font-size: 12.8px; line-height: normal;\"><span style=\"font-size:16px;\">&#8220;Tar\u0131mda b\u00fcy\u00fcme yeterli de\u011fil, daha da b\u00fcy\u00fcyece\u011fiz&#8221;<\/span><\/p>\n<p class=\"m_164507152167266734gmail-p5\" style=\"color: rgb(34, 34, 34); font-family: arial, sans-serif; font-size: 12.8px; line-height: normal;\">\u00a0<\/p>\n<p class=\"m_164507152167266734gmail-p2\" style=\"color: rgb(34, 34, 34); font-family: arial, sans-serif; font-size: 12.8px; line-height: normal;\"><span style=\"font-size:16px;\">\u00dclkenin kalk\u0131nmas\u0131 i\u00e7in bakanlarla ve Ba\u015fbakanla s\u00fcrekli g\u00f6r\u00fc\u015fme halinde olduklar\u0131n\u0131 vurgulayan Bakan Fak\u0131baba \u015f\u00f6yle devam etti:\u00a0<\/span><\/p>\n<p class=\"m_164507152167266734gmail-p2\" style=\"color: rgb(34, 34, 34); font-family: arial, sans-serif; font-size: 12.8px; line-height: normal;\"><span style=\"font-size:16px;\">&#8220;Art\u0131k \u00f6yle bir yere do\u011fru gidiyor ki g\u0131da, tar\u0131m ve hayvanc\u0131l\u0131k ger\u00e7ekten bu i\u015fi anadan babadan \u00f6\u011frenen \u00e7ok de\u011ferli arkada\u015flar\u0131m\u0131z\u0131n oldu\u011fu kadar\u0131yla, bu sefer daha farkl\u0131 \u015fekilde e\u011fitim alm\u0131\u015f arkada\u015flar\u0131m\u0131z da bu i\u015fe sahip \u00e7\u0131k\u0131yor. &#8216;\u00c7obana k\u0131z vermezler&#8217; diyorlar. \u00c7oban kadar kutsal bir insan olur mu? Bizim her \u015feyimiz, can\u0131m\u0131z. Ger\u00e7ekten bu i\u015fle i\u015ftigal eden, \u00fcreten, bu\u011fday \u00fcreten, s\u00fct \u00fcreten, et \u00fcreten, meyve, sebze \u00fcreten insanlar bu \u00fclkenin en de\u011ferli insanlar\u0131d\u0131r. \u0130n\u015fallah inan\u0131yorum bu \u00fcretimimiz gittik\u00e7e artacakt\u0131r. Milli E\u011fitim Bakan\u0131m\u0131z s\u00f6yledi, tar\u0131msal has\u0131lada 4&#8217;ten 16 milyar dolara \u00e7\u0131kmak her babayi\u011fidin harc\u0131 de\u011fil. D\u00fcnya 7&#8217;ncisi ve Avrupa birincisiyiz. Tar\u0131mda b\u00fcy\u00fck bir b\u00fcy\u00fcme var. Y\u00fczde 4.7 b\u00fcy\u00fcme var. Bu yeterli mi? De\u011fil. Daha da b\u00fcy\u00fcyece\u011fiz.\u201d\u00a0<\/span><\/p>\n<p class=\"m_164507152167266734gmail-p1\" style=\"color: rgb(34, 34, 34); font-family: arial, sans-serif; font-size: 12.8px; line-height: normal;\">\u00a0<\/p>\n<p class=\"m_164507152167266734gmail-p2\" style=\"color: rgb(34, 34, 34); font-family: arial, sans-serif; font-size: 12.8px; line-height: normal;\"><span style=\"font-size:16px;\">Konu\u015fmalar\u0131n ard\u0131ndan s\u00f6zle\u015fmeler imzaland\u0131.<\/span><\/p>\n","protected":false},"excerpt":{"rendered":"<p>Kalk\u0131nma Bakan\u0131 L\u00fctfi Elvan 15 y\u0131l \u00f6nce k\u0131rsal kalk\u0131nma dendi\u011finde vatanda\u015flar\u0131n y\u00fczde 90&#8217;\u0131n\u0131n &#8216;bu ne anlama geliyor&#8217; diye d\u00fc\u015f\u00fcnd\u00fc\u011f\u00fcn\u00fc ancak g\u00fcn\u00fcm\u00fczde \u00e7ift\u00e7iye, k\u00f6yl\u00fcye, KOB\u0130&#8217;lere b\u00fcy\u00fck destekler verildi\u011fini kaydetti. A\u015f, i\u015f, &hellip; <a href=\"https:\/\/akdenizolaygazetesi.com\/?p=1660\" class=\"more-link\">Devam\u0131n\u0131 Oku&#8230;<\/a><\/p>\n","protected":false},"author":1,"featured_media":0,"comment_status":"open","ping_status":"open","sticky":false,"template":"","format":"standard","meta":[],"categories":[],"tags":[],"_links":{"self":[{"href":"https:\/\/akdenizolaygazetesi.com\/index.php?rest_route=\/wp\/v2\/posts\/1660"}],"collection":[{"href":"https:\/\/akdenizolaygazetesi.com\/index.php?rest_route=\/wp\/v2\/posts"}],"about":[{"href":"https:\/\/akdenizolaygazetesi.com\/index.php?rest_route=\/wp\/v2\/types\/post"}],"author":[{"embeddable":true,"href":"https:\/\/akdenizolaygazetesi.com\/index.php?rest_route=\/wp\/v2\/users\/1"}],"replies":[{"embeddable":true,"href":"https:\/\/akdenizolaygazetesi.com\/index.php?rest_route=%2Fwp%2Fv2%2Fcomments&post=1660"}],"version-history":[{"count":0,"href":"https:\/\/akdenizolaygazetesi.com\/index.php?rest_route=\/wp\/v2\/posts\/1660\/revisions"}],"wp:attachment":[{"href":"https:\/\/akdenizolaygazetesi.com\/index.php?rest_route=%2Fwp%2Fv2%2Fmedia&parent=1660"}],"wp:term":[{"taxonomy":"category","embeddable":true,"href":"https:\/\/akdenizolaygazetesi.com\/index.php?rest_route=%2Fwp%2Fv2%2Fcategories&post=1660"},{"taxonomy":"post_tag","embeddable":true,"href":"https:\/\/akdenizolaygazetesi.com\/index.php?rest_route=%2Fwp%2Fv2%2Ftags&post=1660"}],"curies":[{"name":"wp","href":"https:\/\/api.w.org\/{rel}","templated":true}]}}