{"id":16601,"date":"2022-02-11T17:50:13","date_gmt":"2022-02-11T14:50:13","guid":{"rendered":"http:\/\/akdenizolaygazetesi.com\/?p=16601"},"modified":"2022-02-11T17:50:13","modified_gmt":"2022-02-11T14:50:13","slug":"mersinin-tum-guzellikleri-emittte-tanitiliyor","status":"publish","type":"post","link":"https:\/\/akdenizolaygazetesi.com\/?p=16601","title":{"rendered":"MERS\u0130N&#8217;\u0130N T\u00dcM G\u00dcZELL\u0130KLER\u0130 EMITT&#8217;TE TANITILIYOR"},"content":{"rendered":"<p>Mersin B\u00fcy\u00fck\u015fehir Belediyesi, pandemi nedeniyle 2 y\u0131l ara veren ve bu y\u0131l 25. kez kap\u0131lar\u0131n\u0131 a\u00e7an Do\u011fu Akdeniz Uluslararas\u0131 Turizm ve Seyahat Fuar\u0131&#8217;nda (EMITT) dikkat \u00e7eken stand\u0131 ile yo\u011fun ilgi g\u00f6rd\u00fc. 9 \u015eubat&#8217;ta a\u00e7\u0131l\u0131\u015f\u0131 yap\u0131lan ve Mersin B\u00fcy\u00fck\u015fehir Belediye Ba\u015fkan\u0131 Vahap Se\u00e7er&#8217;in de kat\u0131ld\u0131\u011f\u0131 fuarda Mersin, tarihi, turistik ve do\u011fal g\u00fczelliklerinin yan\u0131 s\u0131ra y\u00f6resel lezzetleri ile de tan\u0131t\u0131l\u0131yor.<br \/>\nVR Mersin platformu fuar\u0131n ilgi oda\u011f\u0131 oldu<br \/>\nB\u00fcy\u00fck\u015fehir Belediyesi&#8217;nin stand\u0131n\u0131 ziyaret edenler; G\u00f6rsel Deneyim Alan\u0131&#8217;nda Mersin&#8217;i video ve g\u00f6rsellerle izlerken, VR Mersin platformunu da dikkatle inceliyor. Daha \u00f6nce Mersin&#8217;i hi\u00e7 g\u00f6rmeyenler de VR Mersin&#8217;de sanal ger\u00e7eklik g\u00f6zl\u00fc\u011f\u00fc ile Mersin&#8217;i g\u00f6rm\u00fc\u015f oluyor. Mersin&#8217;de tarihi mekanlar ba\u015fta olmak \u00fczere bir\u00e7ok noktan\u0131n oldu\u011fu VR Mersin&#8217;de kat\u0131l\u0131mc\u0131lar se\u00e7tikleri her noktay\u0131 sanal ortamda g\u00f6rebiliyor.<br \/>\nMersin tarihinde yer alan mitolojik karakterler de fuarda tan\u0131t\u0131l\u0131yor. Flora, Zephyros, \u015eahmeran, Aziz Pavlus, Krali\u00e7e Aba, Pan ve Typhon&#8217;un fig\u00fcrleri bez \u00e7antalarda yer al\u0131yor. Mersin B\u00fcy\u00fck\u015fehir&#8217;in stand\u0131n\u0131 \u00e7ok say\u0131da ki\u015finin yan\u0131 s\u0131ra CHP Genel Ba\u015fkan Yard\u0131mc\u0131s\u0131 Seyit Torun da ziyaret etti. Torun, VR Mersin ile sanal ortamda Mersin turu yapt\u0131.<br \/>\nHasan G\u00f6kbel: &#8220;B\u00fcy\u00fck\u015fehir olarak amac\u0131m\u0131z turizmde \u00e7\u0131tay\u0131 y\u00fckseltmek&#8221;<br \/>\nMersin B\u00fcy\u00fck\u015fehir Belediyesi Genel Sekreter Yard\u0131mc\u0131s\u0131 Hasan G\u00f6kbel, EMITT Fuar\u0131&#8217;n\u0131n uluslararas\u0131 anlamda \u00f6nemli bir turizm fuar\u0131 oldu\u011funu vurgulayarak, &#8220;Temel amac\u0131m\u0131z Mersin&#8217;i turizm noktas\u0131nda tan\u0131tmak. Ger\u00e7ekten \u00e7ok \u00f6nemli g\u00f6rsellerimiz var. Stand\u0131m\u0131z \u00e7ok b\u00fcy\u00fck be\u011feni g\u00f6rd\u00fc. Bir\u00e7ok yabanc\u0131 konu\u011fu Ba\u015fkan\u0131m\u0131z burada a\u011f\u0131rlad\u0131 ve a\u011f\u0131rlamaya devam ediyoruz&#8221; dedi. Mersin&#8217;in turizm noktas\u0131nda hak etti\u011fi yerde olmad\u0131\u011f\u0131na de\u011finen G\u00f6kbel, &#8220;B\u00fcy\u00fck\u015fehir olarak amac\u0131m\u0131z turizmde \u00e7\u0131tay\u0131 y\u00fckseltmek. Bunun da tabi en \u00f6nemli yolu tan\u0131t\u0131mdan ge\u00e7iyor. Turizm fuarlar\u0131 bu tan\u0131t\u0131m i\u00e7in \u00f6nemli. Burada \u00f6zellikle VR Mersin \u00fczerinden Mersin&#8217;e gelemeyenleri bile burada gezdirme imk\u00e2n\u0131m\u0131z oldu. Ben fuar\u0131n tan\u0131t\u0131m noktas\u0131nda Mersin&#8217;e de \u00f6nemli bir kazan\u00e7 sa\u011flayaca\u011f\u0131n\u0131 d\u00fc\u015f\u00fcn\u00fcyorum&#8221; diye konu\u015ftu.<br \/>\n\u00d6zd\u00fclger: &#8220;\u0130li\u015fkilerimizi geli\u015ftiriyoruz&#8221;<br \/>\nK\u00fclt\u00fcr ve Sosyal \u0130\u015fler Dairesi Ba\u015fkanl\u0131\u011f\u0131 Koordinat\u00f6r\u00fc Bengi \u0130spir \u00d6zd\u00fclger, fuarda farkl\u0131 \u00fclkeler ve \u015fehirlerle ileti\u015fim kurduklar\u0131n\u0131 belirterek, &#8220;Di\u011fer belediyelerle, illerle, il\u00e7elerle ili\u015fkilerimizi geli\u015ftiriyoruz. Ayn\u0131 zamanda farkl\u0131 \u00fclkelerden de kat\u0131l\u0131m var. Oradan da \u00e7ok g\u00fczel ili\u015fkiler kuruyoruz. K\u00fclt\u00fcre ve turizme y\u00f6nelik \u00e7al\u0131\u015fmalar\u0131n devaml\u0131l\u0131\u011f\u0131 konusunda da i\u015f birli\u011fi ba\u015flatmak amac\u0131yla da sohbetlerimiz oluyor. Bundan sonraki s\u00fcre\u00e7te de bu \u00e7al\u0131\u015fmalar\u0131 hayata ge\u00e7irmeye hedefliyoruz. Ger\u00e7ekten \u00e7ok verimli, dolu dolu. Vatanda\u015flardan ald\u0131\u011f\u0131m\u0131z tepkiler \u00e7ok iyi. Stand\u0131m\u0131z\u0131, yakla\u015f\u0131m\u0131m\u0131z\u0131, tavr\u0131m\u0131z\u0131, kimli\u011fimizi, vizyonumuzu fark ediyorlar ve be\u011feniyorlar. Bu anlamda \u00e7ok mutluyuz. Bu etkile\u015fim ve bu d\u00f6n\u00fc\u015ften \u00e7ok keyif al\u0131yoruz&#8221; diye konu\u015ftu.<br \/>\n&#8220;Mersin bizim i\u00e7in \u00e7ok k\u0131ymetli&#8221;<br \/>\nB\u00fcy\u00fck\u015fehir Belediyesi&#8217;nin stand\u0131n\u0131 gezen T\u00fcrkiye Gastronomi Turizmi Derne\u011fi Ba\u015fkan\u0131 G\u00fcrkan Boztepe de Mersin&#8217;in her anlamda daha \u00e7ok tan\u0131t\u0131lmas\u0131 gerekti\u011fini d\u00fc\u015f\u00fcnd\u00fc\u011f\u00fcn\u00fc s\u00f6yleyerek, &#8220;Mersin bizim i\u00e7in \u00e7ok k\u0131ymetli. \u00d6zellikle gastronomik anlamda \u015fu ana kadar hak etti\u011fi noktada olmad\u0131\u011f\u0131n\u0131 d\u00fc\u015f\u00fcnmekteyiz. Hep beraber g\u00fcc\u00fcm\u00fcz\u00fc bir noktaya vurmam\u0131z laz\u0131m. Turizm haricinde gastronomik \u00fcr\u00fcnlerin ihracat\u0131 noktas\u0131nda bir liman kenti olmas\u0131 \u00fclkemiz ad\u0131na \u00e7ok k\u0131ymetli. Ben en yak\u0131n zamanda Mersin&#8217;e bu g\u00fczellikleri g\u00f6rmeye gelmek istiyorum&#8221; dedi.<br \/>\n&#8220;3D deneyimini ilk kez Mersin stand\u0131nda ya\u015fad\u0131m&#8221;<br \/>\nGezgin ve televizyon program\u0131 sunucusu Burak Akkul da Mersin stand\u0131n\u0131 gezenler aras\u0131ndayd\u0131. Mersin&#8217;i daha \u00f6nce gezdi\u011fini ancak VR Mersin ile farkl\u0131 deneyimle g\u00f6rd\u00fc\u011f\u00fcn\u00fc ve stand\u0131 be\u011fendi\u011fini dile getiren Akkul, &#8220;\u0130lgin\u00e7tir, 3D deneyimini ilk kez Mersin stand\u0131nda ya\u015fad\u0131m. B\u00fct\u00fcn \u015fehri detaylar\u0131yla g\u00f6rmek \u00e7ok keyifliydi. Harika bir stant haz\u0131rlam\u0131\u015fs\u0131n\u0131z Mersin olarak. Ben zaten programda &#8216;\u00c7ok Gezenti Bizim Ora: Mersin&#8217; b\u00f6l\u00fcm\u00fcnde Mersin&#8217;i detayl\u0131ca anlatm\u0131\u015ft\u0131m. Burada tekrar sizinle bulu\u015fmak \u00e7ok keyifli oldu, \u00e7ok te\u015fekk\u00fcrler. Kesinlikle gitmenizi \u00f6neriyorum Mersin&#8217;e, Mersin can\u0131m\u0131zd\u0131r&#8221; dedi.<br \/>\n&#8220;B\u00f6yle kadim bir \u015fehrin bu kadar yenilik\u00e7i bir \u015fekilde tan\u0131t\u0131lmas\u0131 \u00e7ok ho\u015fuma gitti&#8221;<br \/>\nMersin stand\u0131n\u0131 olduk\u00e7a teknolojik ve yenilik\u00e7i buldu\u011funu dile getiren \u015eef Murat Bozok, &#8220;Ger\u00e7ekten etkileyici. B\u00f6yle kadim bir \u015fehrin bu kadar yarat\u0131c\u0131, teknolojik, yenilik\u00e7i bir \u015fekilde tan\u0131t\u0131lmas\u0131 \u00e7ok ho\u015fuma gitti. Bilmedi\u011fimiz yerler var. Hep Mersin&#8217;e gidiyoruz, geliyoruz ama burada da g\u00f6rd\u00fc\u011f\u00fcm\u00fcz gibi 300&#8217;\u00fcn \u00fczerinde farkl\u0131 lokasyon var. Bu teknolojiyi kullan\u0131p bir dahaki geldi\u011fimizde \u00e7ok daha etkin bir \u015fekilde Mersin&#8217;i gezece\u011fiz&#8221; diye konu\u015ftu.<br \/>\nDaha \u00f6nce Mersin&#8217;i g\u00f6rmedi\u011fini ancak VR Mersin&#8217;in g\u00f6rme iste\u011fi uyand\u0131rd\u0131\u011f\u0131n\u0131 s\u00f6yleyen Hikmet Aydo\u011fan ise &#8220;Ho\u015f bir uygulama, \u00f6rnek bir \u00e7al\u0131\u015fma. Yapan arkada\u015flar\u0131 tebrik ediyorum. Gitmesek de bu anlamda bir sanal gezme de insan\u0131n i\u00e7ini ah ettiriyor. \u0130nsana ilk f\u0131rsatta Mersin&#8217;i g\u00f6rme hevesi veriyor uygulama&#8221; ifadelerini kulland\u0131.<\/p>\n","protected":false},"excerpt":{"rendered":"<p>Mersin B\u00fcy\u00fck\u015fehir Belediyesi, pandemi nedeniyle 2 y\u0131l ara veren ve bu y\u0131l 25. kez kap\u0131lar\u0131n\u0131 a\u00e7an Do\u011fu Akdeniz Uluslararas\u0131 Turizm ve Seyahat Fuar\u0131&#8217;nda (EMITT) dikkat \u00e7eken stand\u0131 ile yo\u011fun ilgi &hellip; <a href=\"https:\/\/akdenizolaygazetesi.com\/?p=16601\" class=\"more-link\">Devam\u0131n\u0131 Oku&#8230;<\/a><\/p>\n","protected":false},"author":2,"featured_media":16602,"comment_status":"open","ping_status":"open","sticky":false,"template":"","format":"standard","meta":[],"categories":[2,3,5],"tags":[],"_links":{"self":[{"href":"https:\/\/akdenizolaygazetesi.com\/index.php?rest_route=\/wp\/v2\/posts\/16601"}],"collection":[{"href":"https:\/\/akdenizolaygazetesi.com\/index.php?rest_route=\/wp\/v2\/posts"}],"about":[{"href":"https:\/\/akdenizolaygazetesi.com\/index.php?rest_route=\/wp\/v2\/types\/post"}],"author":[{"embeddable":true,"href":"https:\/\/akdenizolaygazetesi.com\/index.php?rest_route=\/wp\/v2\/users\/2"}],"replies":[{"embeddable":true,"href":"https:\/\/akdenizolaygazetesi.com\/index.php?rest_route=%2Fwp%2Fv2%2Fcomments&post=16601"}],"version-history":[{"count":1,"href":"https:\/\/akdenizolaygazetesi.com\/index.php?rest_route=\/wp\/v2\/posts\/16601\/revisions"}],"predecessor-version":[{"id":16603,"href":"https:\/\/akdenizolaygazetesi.com\/index.php?rest_route=\/wp\/v2\/posts\/16601\/revisions\/16603"}],"wp:featuredmedia":[{"embeddable":true,"href":"https:\/\/akdenizolaygazetesi.com\/index.php?rest_route=\/wp\/v2\/media\/16602"}],"wp:attachment":[{"href":"https:\/\/akdenizolaygazetesi.com\/index.php?rest_route=%2Fwp%2Fv2%2Fmedia&parent=16601"}],"wp:term":[{"taxonomy":"category","embeddable":true,"href":"https:\/\/akdenizolaygazetesi.com\/index.php?rest_route=%2Fwp%2Fv2%2Fcategories&post=16601"},{"taxonomy":"post_tag","embeddable":true,"href":"https:\/\/akdenizolaygazetesi.com\/index.php?rest_route=%2Fwp%2Fv2%2Ftags&post=16601"}],"curies":[{"name":"wp","href":"https:\/\/api.w.org\/{rel}","templated":true}]}}