{"id":1661,"date":"2020-11-04T18:22:11","date_gmt":"2020-11-04T15:22:11","guid":{"rendered":"http:\/\/mersinekonomipolitikagazetesi.com\/?p=1661"},"modified":"2020-11-04T18:22:11","modified_gmt":"2020-11-04T15:22:11","slug":"kent-merkezinde-baz-istasyonlari-radyasyon-yayiyor","status":"publish","type":"post","link":"https:\/\/akdenizolaygazetesi.com\/?p=1661","title":{"rendered":"Kent merkezinde \u2018Baz istasyonlar\u0131\u2019 radyasyon yay\u0131yor..!"},"content":{"rendered":"<p>Mersin\u2019de apartman\u0131n damlar\u0131nda sa\u011fl\u0131\u011fa zararl\u0131 olan baz istasyonlar\u0131n\u0131n kurulmaya devam etmesi ve ilave baz istasyonlar\u0131 konmas\u0131, bu istasyonlar\u0131n zararlar\u0131n\u0131n fark\u0131nda olan vatanda\u015f\u0131 \u015foke etmeye devam ediyor.<\/p>\n<blockquote type=\"cite\">\n<div dir=\"ltr\">\n<p><span style=\"font-size:16px;\">Mersin\u2019in merkezinde bulunan binalar\u0131n damlar\u0131nda baz istasyonu kurulmas\u0131n\u0131n \u00e7o\u011falmas\u0131 dikkatlerden ka\u00e7m\u0131yor!<\/span><\/p>\n<p><span style=\"font-size:16px;\">Dam \u00fczerindeki baz istasyonlar\u0131n sa\u011fl\u0131\u011fa zararl\u0131 olmas\u0131 ve kansere neden olmas\u0131ndan dolay\u0131 baz\u0131 vatanda\u015flar mahkemelik olsa da, mahalle aras\u0131nda baz istasyonlar\u0131n h\u0131zla \u00e7o\u011falmas\u0131na kimse m\u00fcdahale etmiyor!<\/span><\/p>\n<p><span style=\"font-size:16px;\">Baz\u0131 vatanda\u015flar\u0131n bu duruma tepkileri koymas\u0131na ra\u011fmen yetkililer duyars\u0131z kal\u0131rken, \u00e7o\u011fu yerde kurulan ve say\u0131s\u0131 artan baz istasyonlar\u0131 art\u0131k vatanda\u015f taraf\u0131ndan damlarda g\u00f6r\u00fcnse bile normal bir durummu\u015f gibi kar\u015f\u0131lan\u0131yor..!<\/span><\/p>\n<p><span style=\"font-size:16px;\">Vatanda\u015f baz istasyonlar\u0131n i\u00e7inde ya\u015fayarak art\u0131k sa\u011fl\u0131\u011fa zararl\u0131 olan istasyonlara al\u0131\u015fm\u0131\u015f g\u00f6r\u00fcnsede, duyarl\u0131 insanlar yetkilileri g\u00f6reve \u00e7a\u011f\u0131r\u0131p tepkilerini s\u00fcrd\u00fcr\u00fcyor.<\/span><\/p>\n<p>\u00a0<\/p>\n<p><span style=\"font-size:16px;\">GSM \u015firketlerinin bina sahiplerine y\u0131ll\u0131k normallerin \u00fcst\u00fcnde kira paras\u0131 vermesi de baz\u0131 kendini ve \u00e7evresini d\u00fc\u015f\u00fcnmeyen a\u00e7\u0131kg\u00f6z ge\u00e7inen y\u00f6neticilerin binalar\u0131n\u0131n kullan\u0131lmas\u0131 konusunda izin verdi\u011fi belirtiliyor.<\/span><\/p>\n<\/div>\n<\/blockquote>\n","protected":false},"excerpt":{"rendered":"<p>Mersin\u2019de apartman\u0131n damlar\u0131nda sa\u011fl\u0131\u011fa zararl\u0131 olan baz istasyonlar\u0131n\u0131n kurulmaya devam etmesi ve ilave baz istasyonlar\u0131 konmas\u0131, bu istasyonlar\u0131n zararlar\u0131n\u0131n fark\u0131nda olan vatanda\u015f\u0131 \u015foke etmeye devam ediyor. Mersin\u2019in merkezinde bulunan binalar\u0131n &hellip; <a href=\"https:\/\/akdenizolaygazetesi.com\/?p=1661\" class=\"more-link\">Devam\u0131n\u0131 Oku&#8230;<\/a><\/p>\n","protected":false},"author":1,"featured_media":0,"comment_status":"open","ping_status":"open","sticky":false,"template":"","format":"standard","meta":[],"categories":[],"tags":[],"_links":{"self":[{"href":"https:\/\/akdenizolaygazetesi.com\/index.php?rest_route=\/wp\/v2\/posts\/1661"}],"collection":[{"href":"https:\/\/akdenizolaygazetesi.com\/index.php?rest_route=\/wp\/v2\/posts"}],"about":[{"href":"https:\/\/akdenizolaygazetesi.com\/index.php?rest_route=\/wp\/v2\/types\/post"}],"author":[{"embeddable":true,"href":"https:\/\/akdenizolaygazetesi.com\/index.php?rest_route=\/wp\/v2\/users\/1"}],"replies":[{"embeddable":true,"href":"https:\/\/akdenizolaygazetesi.com\/index.php?rest_route=%2Fwp%2Fv2%2Fcomments&post=1661"}],"version-history":[{"count":0,"href":"https:\/\/akdenizolaygazetesi.com\/index.php?rest_route=\/wp\/v2\/posts\/1661\/revisions"}],"wp:attachment":[{"href":"https:\/\/akdenizolaygazetesi.com\/index.php?rest_route=%2Fwp%2Fv2%2Fmedia&parent=1661"}],"wp:term":[{"taxonomy":"category","embeddable":true,"href":"https:\/\/akdenizolaygazetesi.com\/index.php?rest_route=%2Fwp%2Fv2%2Fcategories&post=1661"},{"taxonomy":"post_tag","embeddable":true,"href":"https:\/\/akdenizolaygazetesi.com\/index.php?rest_route=%2Fwp%2Fv2%2Ftags&post=1661"}],"curies":[{"name":"wp","href":"https:\/\/api.w.org\/{rel}","templated":true}]}}