{"id":16611,"date":"2022-02-12T18:10:35","date_gmt":"2022-02-12T15:10:35","guid":{"rendered":"http:\/\/akdenizolaygazetesi.com\/?p=16611"},"modified":"2022-02-12T18:10:35","modified_gmt":"2022-02-12T15:10:35","slug":"buyuksehir-getirdi-ozel-bireyler-kar-coskusunu-doyasiya-yasadi","status":"publish","type":"post","link":"https:\/\/akdenizolaygazetesi.com\/?p=16611","title":{"rendered":"B\u00dcY\u00dcK\u015eEH\u0130R GET\u0130RD\u0130, \u00d6ZEL B\u0130REYLER KAR CO\u015eKUSUNU DOYASIYA YA\u015eADI"},"content":{"rendered":"<p>Mersin B\u00fcy\u00fck\u015fehir Belediyesi ekipleri, Engelliler ve Sa\u011fl\u0131k Hizmetleri Dairesi b\u00fcnyesinde bulunan Engelsiz Ya\u015fam Merkezi \u00fcyesi \u00f6zel gereksinimli bireylere kar s\u00fcrprizi yapt\u0131. Mersin\u2019in y\u00fcksek kesimlerinde ya\u015fam\u0131 zorla\u015ft\u0131ran kar, merkezdeki \u00e7ocuklar\u0131n mutlulu\u011fu oldu. \u00d6zel gereksinimli bireyler ve ailelerinin kar talebini alan merkez yetkilileri k\u0131sa s\u00fcrede bu iste\u011fi yerine getirdi. Aileler ve \u00e7ocuklar talebin k\u0131sa s\u00fcrede yerine getirilmesinin \u015fa\u015fk\u0131nl\u0131\u011f\u0131n\u0131 ve mutlulu\u011funu ya\u015fad\u0131.<\/p>\n<p>Mutluluk \u00e7\u0131\u011fl\u0131klar\u0131 e\u015fli\u011finde kar keyfi<\/p>\n<p>K\u0131\u015f aylar\u0131 olmas\u0131na ra\u011fmen merkezde ya\u015fad\u0131klar\u0131 i\u00e7in kar g\u00f6remeyen \u00f6zel bireyler, B\u00fcy\u00fck\u015fehir\u2019in \u00f6zel kar s\u00fcrprizi ile \u015fa\u015fk\u0131nl\u0131k ya\u015fad\u0131. Mersin\u2019in y\u00fcksek kesimlerinde B\u00fcy\u00fck\u015fehir ekiplerinin karla m\u00fccadele \u00e7al\u0131\u015fmalar\u0131 kapsam\u0131nda kamyonlara doldurdu\u011fu 3 kamyon kar Engelsiz Ya\u015fam Merkezi\u2019nin bah\u00e7esine d\u00f6k\u00fcld\u00fc. Merkezdeki kurslardan faydalanan bireyler, bah\u00e7ede kar\u0131n keyfini doyas\u0131ya ya\u015fad\u0131. Mutluluk \u00e7\u0131\u011fl\u0131klar\u0131 e\u015fli\u011finde kartopu oynay\u0131p, kardan adam yapan \u00f6zel \u00e7ocuklara zaman zaman e\u011fitmenler ve aileleri de e\u015flik etti.<\/p>\n<p>\u201cD\u00fcnyan\u0131n en iyi etkinli\u011fi bu diyebiliriz. Ben bu g\u00fcn\u00fc bekliyordum\u201d<\/p>\n<p>Engelsiz Ya\u015fam Merkezi\u2019nden faydalanan \u0130hsan Efe Tekta\u015f, etkinli\u011fi duydu\u011fu andan itibaren heyecanla bekledi\u011fini ifade ederek, \u201cBurada \u00e7ok g\u00fczel bir etkinlik var, karla oynuyoruz. Daha \u00f6nce hi\u00e7 kar g\u00f6rmemi\u015ftim. \u00c7ok mutlu hissettim. Birazc\u0131k \u00fczerim \u0131sland\u0131. Kartopu oynad\u0131m, kardan adam yapt\u0131k annemle, bir de kayd\u0131m. Herkesi \u00e7ok seviyorum, herkese te\u015fekk\u00fcr ediyorum bize bu etkinli\u011fi yapt\u0131klar\u0131 i\u00e7in. Bu kar e\u011flencesi g\u00fczel, buradaki arkada\u015flar\u0131m da \u00f6yle d\u00fc\u015f\u00fcn\u00fcyordur. \u015eu anda baya\u011f\u0131 g\u00fczel bir etkinlik oluyor, d\u00fcnyan\u0131n en iyi etkinli\u011fi bu diyebiliriz. \u00c7ok mutlu oldum. Zaten ben bu g\u00fcn\u00fc bekliyordum. \u0130lk haber ald\u0131\u011f\u0131mda baya\u011f\u0131 bir sevinmi\u015ftim, mutlu oldum\u201d dedi.<\/p>\n<p>12 ya\u015f\u0131ndaki \u0130rfan O\u011fan, ikinci kez kar g\u00f6ren \u00e7ocuklardan biri. Arkada\u015flar\u0131yla doyas\u0131ya e\u011flenen O\u011fan, \u201cKartopu oynuyorum. Almanya\u2019da kar g\u00f6rm\u00fc\u015ft\u00fcm, ikinci defa kar g\u00f6r\u00fcyorum. Kartopu oynad\u0131m, ben kazand\u0131m. 6 tane kartopu, \u00e7ok yani. Kartopuyla, arkada\u015f\u0131mla oynuyorum. Kar yoktu, kamyon gitmi\u015f y\u00fckse\u011fe alm\u0131\u015f gelmi\u015f. G\u00fczeldi, mutlu oldum\u201d diye konu\u015ftu.<\/p>\n<p>\u201cKar co\u015fkusunu yo\u011fun bir \u015fekilde ya\u015fad\u0131lar\u201d<\/p>\n<p>Halil Sar\u0131n, o\u011flu Aziz\u2019i Engelsiz Ya\u015fam Merkezi\u2019ne yeni kay\u0131t ettirdiklerini ve \u00e7ok memnun olduklar\u0131n\u0131 s\u00f6ylerken, kar etkinli\u011finin de \u00e7ocuklar\u0131n\u0131 son derece mutlu etti\u011fini s\u00f6yledi. Sar\u0131n, \u201cYo\u011fun bir k\u0131\u015f sezonu ge\u00e7irdik ama \u00e7ocuklar\u0131m\u0131z\u0131 mevcut durumdan dolay\u0131 kara g\u00f6t\u00fcremedik. B\u00fcy\u00fck\u015fehir\u2019in b\u00f6yle bir etkinli\u011fi d\u00fczenlemi\u015f olmas\u0131 gayet olumlu. \u00c7ocuklar\u0131m\u0131z baya\u011f\u0131 bir e\u011flendi. Bu tarz etkinliklerin devam\u0131n\u0131 bekliyoruz. O\u011flum Aziz yeni kay\u0131t oldu. Baya\u011f\u0131 da memnun buradan. Devaml\u0131 gelecek buraya. Kar co\u015fkusunu da yo\u011fun bir \u015fekilde ya\u015fad\u0131lar. Bu anlamda \u00e7al\u0131\u015fanlara, ekiplere te\u015fekk\u00fcr ediyoruz\u201d dedi. Aziz Sar\u0131n da kar g\u00f6r\u00fcnce \u00e7ok mutlu oldu\u011funu ve heyecanland\u0131\u011f\u0131n\u0131 s\u00f6yledi.<\/p>\n<p>\u201cAileler ve \u00e7ocuklar \u00e7ok g\u00fczel zaman ge\u00e7iriyorlar\u201d<\/p>\n<p>Engelliler ve Sa\u011fl\u0131k Hizmetleri Dairesi Engelliler \u015eube M\u00fcd\u00fcr\u00fc Abdullah Gerbo\u011fa, \u00f6zel bireyler ve ailelerinden gelen kar talebi \u00fczerine etkinli\u011fi ger\u00e7ekle\u015ftirdiklerini belirterek, \u201cYol Yap\u0131m Bak\u0131m ve Onar\u0131m Dairesi ekiplerimiz taraf\u0131ndan Arslank\u00f6y\u2019den 3 kamyon kar Merkezimize getirildi. Aileler ve \u00e7ocuklar \u00e7ok g\u00fczel zaman ge\u00e7iriyorlar. Ayn\u0131 zamanda onlara \u00e7orba ikram\u0131m\u0131z da oldu. G\u00f6n\u00fcllerince e\u011flenip kartopu oynuyorlar, kardan adam yap\u0131yorlar. G\u00fczel bir etkinlik oldu\u201d dedi.<\/p>\n<p>Ger\u00e7ekle\u015ftirilen etkinliklerin \u00f6zel bireylerin mutlulu\u011funa b\u00fcy\u00fck katk\u0131 sa\u011flad\u0131\u011f\u0131n\u0131 ifade eden Gerbo\u011fa, \u201c\u00c7ok olumlu geri d\u00f6n\u00fc\u015fler al\u0131yoruz bu t\u00fcr etkinliklerde. Sosyalle\u015fiyorlar, birbirleri ile ileti\u015fim haline ge\u00e7iyorlar. Sa\u011fl\u0131kl\u0131 geli\u015fim g\u00f6steren bireylerin yapt\u0131\u011f\u0131 faaliyetleri onlar da yapabiliyorlar. Daha mutlu oluyorlar. Onlar mutlu olunca biz daha \u00e7ok mutlu oluyoruz\u201d diye konu\u015ftu.<\/p>\n","protected":false},"excerpt":{"rendered":"<p>Mersin B\u00fcy\u00fck\u015fehir Belediyesi ekipleri, Engelliler ve Sa\u011fl\u0131k Hizmetleri Dairesi b\u00fcnyesinde bulunan Engelsiz Ya\u015fam Merkezi \u00fcyesi \u00f6zel gereksinimli bireylere kar s\u00fcrprizi yapt\u0131. Mersin\u2019in y\u00fcksek kesimlerinde ya\u015fam\u0131 zorla\u015ft\u0131ran kar, merkezdeki \u00e7ocuklar\u0131n mutlulu\u011fu &hellip; <a href=\"https:\/\/akdenizolaygazetesi.com\/?p=16611\" class=\"more-link\">Devam\u0131n\u0131 Oku&#8230;<\/a><\/p>\n","protected":false},"author":2,"featured_media":16612,"comment_status":"open","ping_status":"open","sticky":false,"template":"","format":"standard","meta":[],"categories":[3,5],"tags":[],"_links":{"self":[{"href":"https:\/\/akdenizolaygazetesi.com\/index.php?rest_route=\/wp\/v2\/posts\/16611"}],"collection":[{"href":"https:\/\/akdenizolaygazetesi.com\/index.php?rest_route=\/wp\/v2\/posts"}],"about":[{"href":"https:\/\/akdenizolaygazetesi.com\/index.php?rest_route=\/wp\/v2\/types\/post"}],"author":[{"embeddable":true,"href":"https:\/\/akdenizolaygazetesi.com\/index.php?rest_route=\/wp\/v2\/users\/2"}],"replies":[{"embeddable":true,"href":"https:\/\/akdenizolaygazetesi.com\/index.php?rest_route=%2Fwp%2Fv2%2Fcomments&post=16611"}],"version-history":[{"count":1,"href":"https:\/\/akdenizolaygazetesi.com\/index.php?rest_route=\/wp\/v2\/posts\/16611\/revisions"}],"predecessor-version":[{"id":16613,"href":"https:\/\/akdenizolaygazetesi.com\/index.php?rest_route=\/wp\/v2\/posts\/16611\/revisions\/16613"}],"wp:featuredmedia":[{"embeddable":true,"href":"https:\/\/akdenizolaygazetesi.com\/index.php?rest_route=\/wp\/v2\/media\/16612"}],"wp:attachment":[{"href":"https:\/\/akdenizolaygazetesi.com\/index.php?rest_route=%2Fwp%2Fv2%2Fmedia&parent=16611"}],"wp:term":[{"taxonomy":"category","embeddable":true,"href":"https:\/\/akdenizolaygazetesi.com\/index.php?rest_route=%2Fwp%2Fv2%2Fcategories&post=16611"},{"taxonomy":"post_tag","embeddable":true,"href":"https:\/\/akdenizolaygazetesi.com\/index.php?rest_route=%2Fwp%2Fv2%2Ftags&post=16611"}],"curies":[{"name":"wp","href":"https:\/\/api.w.org\/{rel}","templated":true}]}}