{"id":16614,"date":"2022-02-12T18:13:55","date_gmt":"2022-02-12T15:13:55","guid":{"rendered":"http:\/\/akdenizolaygazetesi.com\/?p=16614"},"modified":"2022-02-12T18:13:55","modified_gmt":"2022-02-12T15:13:55","slug":"cukurova-bolgesi-arslankoy-yaylasina-akin-etti","status":"publish","type":"post","link":"https:\/\/akdenizolaygazetesi.com\/?p=16614","title":{"rendered":"\u00c7UKUROVA B\u00d6LGES\u0130, ARSLANK\u00d6Y YAYLASINA AKIN ETT\u0130"},"content":{"rendered":"<p>Mersin, heyecanla bekledi\u011fi Kar Festivali&#8217;ne kavu\u015ftu. Mersin&#8217;de ilk kez Toroslar Belediyesi&#8217;nce d\u00fczenlenen ve bu y\u0131l ikincisi ger\u00e7ekle\u015ftirilen Toroslar Kar Festivali&#8217;nin ilk g\u00fcn\u00fc co\u015fkuyla ba\u015flad\u0131.<\/p>\n<p>Beyaza b\u00fcr\u00fcnen do\u011fan\u0131n ve k\u0131\u015f mevsiminin g\u00fczellikleri, Toroslar&#8217;\u0131n 1453 rak\u0131ml\u0131 Arslank\u00f6y yaylas\u0131nda zirve yapt\u0131.<\/p>\n<p>Toroslar Belediye Ba\u015fkan\u0131 Ats\u0131z Af\u015f\u0131n Y\u0131lmaz, Toroslar Kar Festivali&#8217;nin T\u00fcrkiye&#8217;de bir marka oldu\u011funu belirterek, festivale kat\u0131lan t\u00fcm vatanda\u015flara desteklerinden dolay\u0131 te\u015fekk\u00fcr etti. Ba\u015fkan Y\u0131lmaz; &#8220;Bu ba\u015far\u0131 hepimizin&#8221; dedi.<\/p>\n<p>Mersin ve il\u00e7elerinin yan\u0131 s\u0131ra Adana, Hatay ve Kayseri illerinden de binlerce ki\u015finin kat\u0131ld\u0131\u011f\u0131 Toroslar 2. Kar Festivali, T\u00fcrkiye&#8217;de k\u0131\u015f turizmiyle \u00f6ne \u00e7\u0131kan illere rakip oldu.<\/p>\n<p>7&#8217;den 70&#8217;e herkes, g\u00fczel havan\u0131n da etkisiyle DJ performans\u0131 e\u015fli\u011finde danslarla, konserlerle co\u015fup, yama\u00e7 para\u015f\u00fct\u00fc ve snowboard yaparak, kartopu oynaman\u0131n ve k\u0131zakla kayman\u0131n keyfini \u00e7\u0131kard\u0131. Festival alan\u0131n\u0131n yamac\u0131na i\u015flenen dev T\u00fcrk Bayra\u011f\u0131 ise dikkat \u00e7ekti.<\/p>\n<p>Festival sabah\u0131nda vatanda\u015flar, Mersin&#8217;in d\u00f6rt merkez il\u00e7esinden sunulan servis imk\u00e2n\u0131ndan \u00fccretsiz olarak faydaland\u0131. T\u00fcm ihtiya\u00e7lar\u0131n d\u00fc\u015f\u00fcn\u00fcld\u00fc\u011f\u00fc festival alan\u0131nda kat\u0131l\u0131mc\u0131lara Toroslar Belediyesince \u00e7ay ve \u00e7orba ikram edildi. Kat\u0131l\u0131mc\u0131lar, sucuk ekmek yiyerek g\u00fcn boyu e\u011flendi ve festivali doyas\u0131ya ya\u015fad\u0131.<\/p>\n<p>&#8220;KARDAN ADAM DE\u011e\u0130L KARDAN A\u0130LE&#8221;<\/p>\n<p>14 \u015eubat Sevgililer G\u00fcn\u00fc i\u00e7in haz\u0131rlanan s\u00fcrpriz temalar, foto\u011fraf karelerini s\u00fcslerken festival alan\u0131nda belediye ekipleri taraf\u0131ndan \u00f6zenle yap\u0131lan kardan adam, kardan anne ve kardan \u00e7ocuktan olu\u015fan dev kardan aile ise dikkatleri \u00fczerine \u00e7ekmeyi ba\u015fard\u0131. Festivalde sunulan \u00fccretsiz internet hizmeti ile kat\u0131l\u0131mc\u0131lar, #ToroslarKarFest etiketini kullanarak kentin e\u015fsiz g\u00fczelli\u011fini t\u00fcm d\u00fcnyaya duyurdu.<\/p>\n<p>Minikler, kardan hayvan fig\u00fcrleriyle mutlu olurken, kar \u00fcst\u00fcnde tahterevalli ve sal\u0131nca\u011fa binen vatanda\u015flar da sevin\u00e7lerini aileleriyle payla\u015ft\u0131.<\/p>\n<p>B\u00f6lge esnaf\u0131 a\u00e7\u0131lan stantlarda y\u00f6resel \u00fcr\u00fcnlerin tan\u0131t\u0131m\u0131n\u0131 ve sat\u0131\u015f\u0131n\u0131 yaparken, Toroslar Belediyesi&#8217;nin TORTEK kursiyerleri de el eme\u011fi ve g\u00f6z nuru ile \u00fcrettikleri sergileme imkan\u0131 buldu.<\/p>\n<p>BA\u015eKAN YILMAZ SEVG\u0130S\u0130, TOROSLAR&#8217;I SARDI<\/p>\n<p>Ba\u015fkan Y\u0131lmaz, festival alan\u0131nda yo\u011fun ilgiyle ve alk\u0131\u015flarla kar\u015f\u0131land\u0131. 10. Y\u0131l Mar\u015f\u0131 e\u015fli\u011finde Sayg\u0131 duru\u015fu ve \u0130stiklal Mar\u015f\u0131&#8217;n\u0131n okunmas\u0131n\u0131n ard\u0131ndan ba\u015flayan festivalde milli duygular da doru\u011fa \u00e7\u0131kt\u0131.<\/p>\n<p>MHP Mersin Milletvekili Baki \u015eim\u015fek, MHP MYK \u00dcyesi Serdar Soydan, Akdeniz Belediye Ba\u015fkan Yard\u0131mc\u0131s\u0131 Mehmet T\u00fcrkmen, Belediye Meclis \u00dcyeleri, Sivil Toplum Kurulu\u015flar\u0131n\u0131n Temsilcileri, mahalle muhtarlar\u0131 ve muharip gazilerin de kat\u0131ld\u0131\u011f\u0131 festivalin a\u00e7\u0131l\u0131\u015f konu\u015fmas\u0131n\u0131 Arslank\u00f6y Mahalle Muhtar\u0131 Erdal Cengiz yapt\u0131.<\/p>\n<p>MUHTAR CENG\u0130Z; &#8220;ARSLANK\u00d6Y\u00dcM\u00dcZ MERS\u0130N&#8217;\u0130N PARLAYAN YILDIZI OLDU&#8221;<\/p>\n<p>Muhtar Cengiz, Toroslar Belediye Ba\u015fkan\u0131 Ats\u0131z Af\u015f\u0131n Y\u0131lmaz&#8217;\u0131n g\u00f6reve geldi\u011fi g\u00fcnden bug\u00fcne kadar yap\u0131lan \u00e7al\u0131\u015fmalarla ve Kar Festivali ile Arslank\u00f6y yaylas\u0131n\u0131n Mersin&#8217;in bir parlayan y\u0131ld\u0131z\u0131 oldu\u011funu s\u00f6yledi. Ba\u015fkan Y\u0131lmaz&#8217;a ve ekibine te\u015fekk\u00fcr eden Muhtar Cengiz; &#8220;Ba\u015far\u0131l\u0131 \u00e7al\u0131\u015fmalar\u0131 ve hizmetleriyle T\u00fcrkiye&#8217;de en ba\u015far\u0131l\u0131 3. \u0130l\u00e7e belediye ba\u015fkan\u0131 se\u00e7ilen Ba\u015fkan\u0131m\u0131z Ats\u0131z Af\u015f\u0131n Y\u0131lmaz\u0131&#8217;\u0131 tebrik ediyoruz. Bu \u00f6d\u00fcl Arslank\u00f6y olarak bizleri gururland\u0131rd\u0131&#8221; dedi.<\/p>\n<p>BA\u015eKAN YILMAZ; &#8220;KAR FEST\u0130VAL\u0130M\u0130Z, T\u00dcRK\u0130YE&#8217;DE YEN\u0130 B\u0130R MARKA OLDU&#8221;<\/p>\n<p>Ba\u015fkan Y\u0131lmaz, festivale yo\u011fun ilgi g\u00f6steren ve sahip \u00e7\u0131kan t\u00fcm hem\u015fehrilerine te\u015fekk\u00fcr ederek, festival ile Mersin&#8217;de k\u0131\u015f turizmi konusunda bir \u00e7\u0131\u011f\u0131r a\u00e7t\u0131klar\u0131n\u0131 s\u00f6yledi.<\/p>\n<p>Ba\u015fkan Y\u0131lmaz; &#8220;Bu festival, birlik ve beraberlik i\u00e7inde yap\u0131lm\u0131\u015f ve ba\u015far\u0131l\u0131 olmu\u015f bir \u00e7al\u0131\u015fma. Mersin&#8217;de ve \u00c7ukurova b\u00f6lgesinde iki y\u0131l \u00f6nce ilkini d\u00fczenlemi\u015ftik.  B\u00f6lgemizde, bu konseptte  yap\u0131lan ba\u015fka festival yok. Siz de\u011ferli hem\u015fehrilerimiz de festivali \u00e7ok sevdiniz. Bu da bizi daha \u00e7ok motive ediyor. Biz de sizlerden ald\u0131\u011f\u0131m\u0131z g\u00fc\u00e7le \u00e7al\u0131\u015f\u0131yor, daha iyisini yapmaya devam edece\u011fiz. Ge\u00e7en hafta a\u00e7\u0131klanan ara\u015ft\u0131rmada T\u00fcrkiye&#8217;nin en ba\u015far\u0131l\u0131 3. \u0130l\u00e7e belediye ba\u015fkan\u0131 se\u00e7ildik. Bu ba\u015far\u0131da gece g\u00fcnd\u00fcz demeden, ya\u011fmurda, karda, k\u0131\u015fta \u00e7al\u0131\u015fan t\u00fcm \u00e7al\u0131\u015fma arkada\u015flar\u0131ma te\u015fekk\u00fcr ediyorum. \u00c7\u00fcnk\u00fc yapt\u0131\u011f\u0131m\u0131z bu i\u015f, bizle ve ekibimizle birlikte  bir tak\u0131m oyunu. Bu tak\u0131m oyununun 12&#8217;ncisi sizlersiniz. T\u00fcm vatanda\u015flar\u0131m\u0131za desteklerinden dolay\u0131 te\u015fekk\u00fcr ediyorum. Kar Festivalimiz ile b\u00f6lgemize, kentimize bir de\u011fer katt\u0131k. T\u00fcrkiye \u00e7ap\u0131nda yeni bir marka olu\u015fturduk. Arslank\u00f6yl\u00fc hem\u015fehrilerimize de festivalimize sunduklar\u0131 katk\u0131lar\u0131ndan dolay\u0131 te\u015fekk\u00fcr ediyorum. Toroslar Belediyesi olarak 3 y\u0131l i\u00e7inde ciddi \u00e7al\u0131\u015fmalar ger\u00e7ekle\u015ftirdik. 83 bin ton asfalt, 500 bin metrekare kilit parke yapt\u0131k, g\u00f6n\u00fcl ba\u011f\u0131 projemizle s\u0131k\u0131nt\u0131da olanlara ula\u015ft\u0131k. Uluslararas\u0131 spor organizasyonlar\u0131m\u0131zla d\u00fcnyaya ula\u015ft\u0131k. Bu ba\u015far\u0131 hepimizin ve hep beraber daha \u00e7ok \u00e7al\u0131\u015faca\u011f\u0131z. Kentimizi daha da kalk\u0131nd\u0131raca\u011f\u0131z&#8221; \u015feklinde konu\u015ftu.<\/p>\n<p>&#8220;BU G\u00dcZELL\u0130\u011e\u0130, B\u0130RL\u0130\u011e\u0130 VE BERABERL\u0130\u011e\u0130 HERKES G\u00d6RS\u00dcN&#8221;<\/p>\n<p>Ba\u015fkan Y\u0131lmaz, kat\u0131l\u0131mc\u0131lardan \u00e7ektikleri foto\u011fraf\u0131,  ToroslarKarFest etiketiyle sosyal medyada payla\u015fmalar\u0131n\u0131 istedi. Ba\u015fkan Y\u0131lmaz;  &#8220;Bu g\u00fczelli\u011fi, birli\u011fi ve beraberli\u011fi herkes g\u00f6rs\u00fcn. Beraber olu\u015fturdu\u011fumuz bu yeni markay\u0131 t\u00fcm T\u00fcrkiye ve d\u00fcnya g\u00f6rs\u00fcn&#8221; dedi.<\/p>\n<p>M\u0130LLETVEK\u0130L\u0130 \u015e\u0130M\u015eEK; &#8220;BA\u015eKANIMIZI VE EK\u0130B\u0130N\u0130 TEBR\u0130K ED\u0130YORUM&#8221;<\/p>\n<p>MHP Mersin Milletvekili Baki \u015eim\u015fek de yapt\u0131\u011f\u0131 hizmetler ve hayata ge\u00e7irdi\u011fi projelerle Toroslar&#8217;\u0131 bir marka yapan Toroslar Belediye Ba\u015fkan\u0131 Ats\u0131z Af\u015f\u0131n Y\u0131lmaz&#8217;a te\u015fekk\u00fcr ederek; &#8220;MHP&#8217;li belediye ba\u015fkanlar\u0131 karda, k\u0131\u015fta, ya\u011fmurda vatanda\u015flar\u0131yla beraber olan, \u00e7ocuklar\u0131n, kad\u0131nlar\u0131n ve 7&#8217;den 70&#8217;e herkesin y\u00fcz\u00fcn\u00fc g\u00fcld\u00fcren ba\u015fkanlard\u0131r. Toroslar Belediye Ba\u015fkan\u0131m\u0131z Ats\u0131z Af\u015f\u0131n Y\u0131lmaz da t\u00fcm personeliyle ve yapt\u0131\u011f\u0131 \u00e7al\u0131\u015fmalarla T\u00fcrkiye&#8217;nin en ba\u015far\u0131l\u0131 3. \u0130l\u00e7e belediye ba\u015fkan\u0131 se\u00e7ildi. Ba\u015fkan\u0131m\u0131z\u0131 ve ekibini kutluyor, ba\u015far\u0131lar\u0131n\u0131n devam\u0131n\u0131 diliyorum&#8221; ifadelerini kulland\u0131.<\/p>\n<p>Konu\u015fmalar\u0131n ard\u0131ndan Ba\u015fkan Y\u0131lmaz, Milletvekili Baki \u015eim\u015fek ve protokol \u00fcyeleriyle birlikte b\u00f6lge esnaf\u0131n\u0131n a\u00e7t\u0131\u011f\u0131 stantlar\u0131 gezdi ve vatanda\u015flarla sohbet etti. Ba\u015fkan Y\u0131lmaz, TORTEK Merkezi kursiyerlerin el eme\u011fi ile haz\u0131rlad\u0131\u011f\u0131 \u00fcr\u00fcnleri de inceleyerek tebrik etti.<\/p>\n","protected":false},"excerpt":{"rendered":"<p>Mersin, heyecanla bekledi\u011fi Kar Festivali&#8217;ne kavu\u015ftu. Mersin&#8217;de ilk kez Toroslar Belediyesi&#8217;nce d\u00fczenlenen ve bu y\u0131l ikincisi ger\u00e7ekle\u015ftirilen Toroslar Kar Festivali&#8217;nin ilk g\u00fcn\u00fc co\u015fkuyla ba\u015flad\u0131. Beyaza b\u00fcr\u00fcnen do\u011fan\u0131n ve k\u0131\u015f mevsiminin &hellip; <a href=\"https:\/\/akdenizolaygazetesi.com\/?p=16614\" class=\"more-link\">Devam\u0131n\u0131 Oku&#8230;<\/a><\/p>\n","protected":false},"author":2,"featured_media":16615,"comment_status":"open","ping_status":"open","sticky":false,"template":"","format":"standard","meta":[],"categories":[34,2,3,5],"tags":[],"_links":{"self":[{"href":"https:\/\/akdenizolaygazetesi.com\/index.php?rest_route=\/wp\/v2\/posts\/16614"}],"collection":[{"href":"https:\/\/akdenizolaygazetesi.com\/index.php?rest_route=\/wp\/v2\/posts"}],"about":[{"href":"https:\/\/akdenizolaygazetesi.com\/index.php?rest_route=\/wp\/v2\/types\/post"}],"author":[{"embeddable":true,"href":"https:\/\/akdenizolaygazetesi.com\/index.php?rest_route=\/wp\/v2\/users\/2"}],"replies":[{"embeddable":true,"href":"https:\/\/akdenizolaygazetesi.com\/index.php?rest_route=%2Fwp%2Fv2%2Fcomments&post=16614"}],"version-history":[{"count":1,"href":"https:\/\/akdenizolaygazetesi.com\/index.php?rest_route=\/wp\/v2\/posts\/16614\/revisions"}],"predecessor-version":[{"id":16616,"href":"https:\/\/akdenizolaygazetesi.com\/index.php?rest_route=\/wp\/v2\/posts\/16614\/revisions\/16616"}],"wp:featuredmedia":[{"embeddable":true,"href":"https:\/\/akdenizolaygazetesi.com\/index.php?rest_route=\/wp\/v2\/media\/16615"}],"wp:attachment":[{"href":"https:\/\/akdenizolaygazetesi.com\/index.php?rest_route=%2Fwp%2Fv2%2Fmedia&parent=16614"}],"wp:term":[{"taxonomy":"category","embeddable":true,"href":"https:\/\/akdenizolaygazetesi.com\/index.php?rest_route=%2Fwp%2Fv2%2Fcategories&post=16614"},{"taxonomy":"post_tag","embeddable":true,"href":"https:\/\/akdenizolaygazetesi.com\/index.php?rest_route=%2Fwp%2Fv2%2Ftags&post=16614"}],"curies":[{"name":"wp","href":"https:\/\/api.w.org\/{rel}","templated":true}]}}