{"id":16618,"date":"2022-02-13T10:23:59","date_gmt":"2022-02-13T07:23:59","guid":{"rendered":"http:\/\/akdenizolaygazetesi.com\/?p=16618"},"modified":"2022-02-13T10:23:59","modified_gmt":"2022-02-13T07:23:59","slug":"emitt-fuarinda-dolu-dolu-mersin-gunleri","status":"publish","type":"post","link":"https:\/\/akdenizolaygazetesi.com\/?p=16618","title":{"rendered":"EMITT FUARI\u2019NDA DOLU DOLU MERS\u0130N G\u00dcNLER\u0130"},"content":{"rendered":"<p>B\u00fcy\u00fck\u015fehir Belediyesi, bu y\u0131l kap\u0131lar\u0131n\u0131 25. kez a\u00e7an Do\u011fu Akdeniz Uluslararas\u0131 Turizm ve Seyahat Fuar\u0131\u2019nda (EMITT) Mersin r\u00fczg\u00e2r\u0131 estirdi. B\u00fcy\u00fck\u015fehir Belediyesi\u2019nin stand\u0131 4 g\u00fcn boyunca yerli ve yabanc\u0131 binlerce kat\u0131l\u0131mc\u0131n\u0131n ilgi ve merakla ziyaret etti\u011fi bir stant oldu.<\/p>\n<p>A\u00e7\u0131l\u0131\u015fa Ba\u015fkan Se\u00e7er de kat\u0131ld\u0131<\/p>\n<p>Pandemi nedeniyle 2 y\u0131l ara verilen ve bu y\u0131l 9 \u015eubat\u2019ta kap\u0131lar\u0131n\u0131 aralayan fuar\u0131n a\u00e7\u0131l\u0131\u015f\u0131na Mersin B\u00fcy\u00fck\u015fehir Belediye Ba\u015fkan\u0131 Vahap Se\u00e7er de kat\u0131ld\u0131. Ba\u015fkan Se\u00e7er, fuar\u0131 gezerken bir\u00e7ok kat\u0131l\u0131mc\u0131y\u0131 ve belediye ba\u015fkan\u0131n\u0131 da Mersin stand\u0131nda a\u011f\u0131rlad\u0131. B\u00fcy\u00fck\u015fehir\u2019in stand\u0131n\u0131 bir\u00e7ok B\u00fcy\u00fck\u015fehir Belediye Ba\u015fkan\u0131, il\u00e7e belediye ba\u015fkanlar\u0131, siyasi parti temsilcileri, gezgin ve televizyon program\u0131 sunucular\u0131, \u00fcnl\u00fc \u015fef ve a\u015f\u00e7\u0131lar, gastronomi ve turizm sekt\u00f6r\u00fcn\u00fcn \u00f6nemli isimleri ve turizm merakl\u0131lar\u0131 ziyaret etti. Ziyaret\u00e7iler, VR Mersin deneyimi ile tan\u0131\u015f\u0131rken, Mersin\u2019e ait lezzetleri de tatt\u0131.<\/p>\n<p>Teknolojik ve yenilik\u00e7i bir yap\u0131da haz\u0131rlanan Mersin B\u00fcy\u00fck\u015fehir Belediyesi stand\u0131, bir\u00e7ok ziyaret\u00e7inin ilgisini \u00e7ekti. Stand\u0131 ziyaret eden baz\u0131 kat\u0131l\u0131mc\u0131lar, VR Mersin platformunda sanal ger\u00e7eklik g\u00f6zl\u00fc\u011f\u00fc ile Mersin\u2019in tarihi mek\u00e2nlar\u0131 ba\u015fta olmak \u00fczere bir\u00e7ok noktay\u0131 g\u00f6rd\u00fc.<\/p>\n<p>\u201cStand\u0131m\u0131z\u0131n b\u00fcy\u00fcleyici etkisi b\u00fct\u00fcn kat\u0131l\u0131mc\u0131lar taraf\u0131ndan fark edildi\u201d<\/p>\n<p>Mersin B\u00fcy\u00fck\u015fehir Belediyesi K\u00fclt\u00fcr ve Sosyal \u0130\u015fler Dairesi Ba\u015fkanl\u0131\u011f\u0131 Koordinat\u00f6r\u00fc Bengi \u0130spir \u00d6zd\u00fclger, dolu dolu bir fuar ge\u00e7irdiklerini ifade etti. Mersin stand\u0131n\u0131n yo\u011fun ilgi g\u00f6rd\u00fc\u011f\u00fcn\u00fc vurgulayan \u00d6zd\u00fclger, \u201cStand\u0131m\u0131z\u0131n b\u00fcy\u00fcleyici etkisi b\u00fct\u00fcn fuar kat\u0131l\u0131mc\u0131lar\u0131 taraf\u0131ndan fark edildi ve kulaktan kula\u011fa yay\u0131larak herkesin ilgi oda\u011f\u0131 oldu. Deneyim alanlar\u0131ndan \u00e7ok etkilendiler. Ayn\u0131 zamanda tabi Mersin B\u00fcy\u00fck\u015fehir Belediyesi olarak buradaki sunumumuz, duru\u015fumuz, t\u00fcm \u00e7al\u0131\u015fma arkada\u015flar\u0131m\u0131zla birlikte Mersinimizin bu kalitesini, vizyonunu, g\u00fcler y\u00fcz\u00fcn\u00fc, yakla\u015f\u0131m\u0131n\u0131 da en iyi \u015fekilde ifade etti\u011fimiz i\u00e7in herkes taraf\u0131ndan fark edildik. Bu bizim i\u00e7in b\u00fcy\u00fck bir gurur kayna\u011f\u0131\u201d dedi.<\/p>\n<p>\u00d6zd\u00fclger, kat\u0131l\u0131mc\u0131lar\u0131n yorumlar\u0131n\u0131n ve d\u00f6n\u00fc\u015flerinin \u00e7ok olumlu oldu\u011funu da s\u00f6zlerine ekledi. Bu durumun Mersin\u2019in tan\u0131n\u0131rl\u0131\u011f\u0131n\u0131 art\u0131rma konusunda \u00f6nemli oldu\u011funa vurgu yapan \u00d6zd\u00fclger, \u201c\u00c7ok yo\u011fun bir kat\u0131l\u0131m oldu. \u00c7ok olumlu d\u00f6n\u00fc\u015fler ald\u0131k; sevgiyle, merakla gelmek istediklerini ifade ettiler. Bu da bizim i\u00e7in k\u0131ymetli \u00e7\u00fcnk\u00fc ba\u015fta temel amac\u0131m\u0131z Mersin\u2019i ulusal ve uluslararas\u0131 d\u00fczeyde daha da bilinir k\u0131lmak. Buradan da yineliyoruz; Mersin\u2019e gelsinler, bizlerin g\u00fcler y\u00fcz\u00fcn\u00fc bu g\u00fczel \u015fehrimizde deneyimlesinler. Biz Mersin B\u00fcy\u00fck\u015fehir Belediyesi olarak bu \u00e7at\u0131n\u0131n alt\u0131nda bulunmaktan, vizyonumuzu herkese g\u00f6stermekten b\u00fcy\u00fck gurur duyuyoruz\u201d diye konu\u015ftu.<\/p>\n<p>\u201cAyn\u0131s\u0131n\u0131 \u015eanghay\u2019da g\u00f6rm\u00fc\u015ft\u00fcm\u201d<\/p>\n<p>Kurdu\u011fu seyahat sitesinde deneyimlerini payla\u015fan P\u0131nar Bulut, Mersin\u2019in kendisi i\u00e7in \u00e7ok farkl\u0131 bir yer oldu\u011funu belirterek, Mersin stand\u0131n\u0131 g\u00f6rmek i\u00e7in sab\u0131rs\u0131zland\u0131\u011f\u0131n\u0131 belirtti. Bulut, \u201cBir kere \u00e7ok aktiviteli ve etkile\u015fimli bir stant olmu\u015f. Ayn\u0131s\u0131n\u0131 \u015eanghay\u2019da g\u00f6rm\u00fc\u015ft\u00fcm. \u00c7inliler yapm\u0131\u015ft\u0131. \u00c7inliler\u2019den sonra siz ak\u0131l etmi\u015fsiniz. \u00c7ok etkili, \u00e7ok harika olmu\u015f. \u0130ki kez gitmi\u015ftim, ikisinde de hayran olmu\u015ftum. Mersin\u2019e bir kez gelen ikinciye mutlaka \u00f6zleyecektir\u201d diye konu\u015ftu.<\/p>\n<p>\u201cMersin\u2019deymi\u015f gibi gezebiliyorsunuz\u201d<\/p>\n<p>Mersin stand\u0131n\u0131 gezen seyahat influencer\u0131 Halil Bekar, VR Mersin deneyimini, \u201c\u00c7ok g\u00fczel teknolojik \u015feyler yap\u0131lm\u0131\u015f burada. 360\u00b0 g\u00f6rsellerle Mersin\u2019deymi\u015f gibi gezebiliyorsunuz, \u00e7ok ho\u015fumuza gitti bu stant. Ger\u00e7ekten \u00fczerine d\u00fc\u015f\u00fcn\u00fclm\u00fc\u015f. Gelen insanlar\u0131 baya\u011f\u0131 bir etkiliyor, beni de etkiledi. G\u00f6zl\u00fckle b\u00f6yle g\u00f6z\u00fck\u00fcyorsa yak\u0131ndan nas\u0131ld\u0131r merak ediyorum. Daha \u00f6nce hi\u00e7 Mersin\u2019e gitmedim ama umar\u0131m en k\u0131sa zamanda ben de Mersin\u2019de olurum\u201d c\u00fcmleleriyle aktard\u0131.<\/p>\n<p>Mersin stand\u0131n\u0131 \u2018farkl\u0131\u2019 kelimesiyle tan\u0131mlayan Arzu Orda\u015f, \u201cStand\u0131 \u00e7ok be\u011fendim. \u00c7ok farkl\u0131 bir kere. Di\u011fer statlardan ay\u0131r\u0131yor kendini. Deneyim muhte\u015femdi\u201d ifadelerini kulland\u0131.<\/p>\n<p>\u0130stanbul Turizm Platformu\u2019ndan kat\u0131ld\u0131\u011f\u0131n\u0131 s\u00f6yleyen Funda Kesici Ocak, VR Mersin uygulamas\u0131n\u0131 farkl\u0131 bulan kat\u0131l\u0131mc\u0131lardan biri. Ocak, \u201c\u00c7ok g\u00fczel bir deneyim ya\u015fat\u0131yor. Gitmeden merak uyand\u0131r\u0131yor Mersin\u2019e gelip g\u00f6r\u00fcnmesi bak\u0131m\u0131ndan. Turizm i\u00e7in gayet g\u00fczel bir \u00e7al\u0131\u015fma olmu\u015f\u201d dedi.<\/p>\n<p>\u201cMersin B\u00fcy\u00fck\u015fehir Belediyesi farkl\u0131 bir uygulama yapm\u0131\u015f. Bu da bir \u00f6rnek olsun\u201d<\/p>\n<p>VR Mersin uygulamas\u0131n\u0131 olduk\u00e7a ilgin\u00e7 buldu\u011funu ifade eden Gazeteci G\u00fcng\u00f6r Yavuzaslan, \u201cBu uygulama \u00e7ok m\u00fcthi\u015f bir \u015fey. \u015eu anda Mersin\u2019in do\u011fal g\u00fczelliklerini, tarihini, denizini g\u00f6r\u00fcyorum. \u0130nsanlar\u0131n akl\u0131nda bir Mersin alg\u0131s\u0131 oluyor, \u00e7ok de\u011fi\u015fik bir sistem. \u00c7ekimleri de gayet iyi. Mersin B\u00fcy\u00fck\u015fehir Belediyesi farkl\u0131 bir uygulama yapm\u0131\u015f. Bu da bir \u00f6rnek olsun \u00fclkemizin tan\u0131t\u0131m\u0131 i\u00e7in. Herkesi Mersin\u2019e, o g\u00fczel \u015fehre, Akdeniz\u2019in incisini g\u00f6rmeye bekleriz\u201d diye konu\u015ftu.<\/p>\n<p>Turizmci oldu\u011fu i\u00e7in pek \u00e7ok fuara kat\u0131ld\u0131\u011f\u0131 ve daha \u00f6nce de Mersin stand\u0131n\u0131 gezdi\u011fini ifade eden \u00c7a\u011fr\u0131 Ata, VR Mersin uygulamas\u0131n\u0131 be\u011fendi\u011fini s\u00f6yleyerek, \u201cMersin, Akdeniz \u00e7ana\u011f\u0131n\u0131n en \u00f6nemli, en de\u011ferli illerinden bir tanesi. Tarihi yerler, gerek gastronomi anlam\u0131nda gerek k\u00fclt\u00fcr anlam\u0131nda t\u00fcm misafirlerin g\u00f6rmesi gereken bir lokasyon.  \u00c7ok g\u00fczel, \u00e7ok de\u011ferli, \u00e7ok k\u0131ymetli yerler. Hepsi ke\u015ffedilmeyi bekliyor asl\u0131nda. Buradan t\u00fcm vatanda\u015flara Mersin\u2019in muhakkak g\u00f6rmeleri gereken bir \u015fehir oldu\u011funu s\u00f6yleyebilirim\u201d ifadelerini kulland\u0131.<\/p>\n<p>Mersin stand\u0131n\u0131 ziyaret eden Irak T\u00fcrkmeni Esen \u015eeref Abdullah, VR Mersin deneyiminden sonra Mersin hakk\u0131nda d\u00fc\u015f\u00fcncelerini, \u201cMersin\u2019i gezdik 3 dakikada. Ger\u00e7ekten \u00e7ok g\u00fczel tarihi yerleri var. Heyecanland\u0131m, \u00e7ok g\u00fczel bir yer. Gitmeyi d\u00fc\u015f\u00fcn\u00fcyorum\u201d c\u00fcmleleriyle anlatt\u0131.<\/p>\n","protected":false},"excerpt":{"rendered":"<p>B\u00fcy\u00fck\u015fehir Belediyesi, bu y\u0131l kap\u0131lar\u0131n\u0131 25. kez a\u00e7an Do\u011fu Akdeniz Uluslararas\u0131 Turizm ve Seyahat Fuar\u0131\u2019nda (EMITT) Mersin r\u00fczg\u00e2r\u0131 estirdi. B\u00fcy\u00fck\u015fehir Belediyesi\u2019nin stand\u0131 4 g\u00fcn boyunca yerli ve yabanc\u0131 binlerce kat\u0131l\u0131mc\u0131n\u0131n &hellip; <a href=\"https:\/\/akdenizolaygazetesi.com\/?p=16618\" class=\"more-link\">Devam\u0131n\u0131 Oku&#8230;<\/a><\/p>\n","protected":false},"author":2,"featured_media":16620,"comment_status":"open","ping_status":"open","sticky":false,"template":"","format":"standard","meta":[],"categories":[2,3,5],"tags":[],"_links":{"self":[{"href":"https:\/\/akdenizolaygazetesi.com\/index.php?rest_route=\/wp\/v2\/posts\/16618"}],"collection":[{"href":"https:\/\/akdenizolaygazetesi.com\/index.php?rest_route=\/wp\/v2\/posts"}],"about":[{"href":"https:\/\/akdenizolaygazetesi.com\/index.php?rest_route=\/wp\/v2\/types\/post"}],"author":[{"embeddable":true,"href":"https:\/\/akdenizolaygazetesi.com\/index.php?rest_route=\/wp\/v2\/users\/2"}],"replies":[{"embeddable":true,"href":"https:\/\/akdenizolaygazetesi.com\/index.php?rest_route=%2Fwp%2Fv2%2Fcomments&post=16618"}],"version-history":[{"count":1,"href":"https:\/\/akdenizolaygazetesi.com\/index.php?rest_route=\/wp\/v2\/posts\/16618\/revisions"}],"predecessor-version":[{"id":16621,"href":"https:\/\/akdenizolaygazetesi.com\/index.php?rest_route=\/wp\/v2\/posts\/16618\/revisions\/16621"}],"wp:featuredmedia":[{"embeddable":true,"href":"https:\/\/akdenizolaygazetesi.com\/index.php?rest_route=\/wp\/v2\/media\/16620"}],"wp:attachment":[{"href":"https:\/\/akdenizolaygazetesi.com\/index.php?rest_route=%2Fwp%2Fv2%2Fmedia&parent=16618"}],"wp:term":[{"taxonomy":"category","embeddable":true,"href":"https:\/\/akdenizolaygazetesi.com\/index.php?rest_route=%2Fwp%2Fv2%2Fcategories&post=16618"},{"taxonomy":"post_tag","embeddable":true,"href":"https:\/\/akdenizolaygazetesi.com\/index.php?rest_route=%2Fwp%2Fv2%2Ftags&post=16618"}],"curies":[{"name":"wp","href":"https:\/\/api.w.org\/{rel}","templated":true}]}}