{"id":1662,"date":"2020-11-04T18:22:11","date_gmt":"2020-11-04T15:22:11","guid":{"rendered":"http:\/\/mersinekonomipolitikagazetesi.com\/?p=1662"},"modified":"2020-11-04T18:22:11","modified_gmt":"2020-11-04T15:22:11","slug":"biberexpo-fuarciligi-ile-tarima-destek","status":"publish","type":"post","link":"https:\/\/akdenizolaygazetesi.com\/?p=1662","title":{"rendered":"B\u0130BEREXPO FUARCILI\u011eI \u0130LE TARIMA DESTEK"},"content":{"rendered":"<p>Mersin Akdeniz Belediyesi Konferans Salonunda 5-7 Nisan 2018 tarihleri aras\u0131nda Kazanl\u0131\u2019da ger\u00e7ekle\u015fecek olan B\u0130BEREXPO fuarc\u0131l\u0131\u011f\u0131 tan\u0131t\u0131m a\u00e7\u0131klamas\u0131nda Mersin Akdeniz b\u00f6lgesinde \u00e7ok biberin yeti\u015fti\u011fini ve bu yap\u0131lan fuarla tar\u0131ma destek \u00e7\u0131k\u0131laca\u011f\u0131 aktar\u0131ld\u0131.<\/p>\n<blockquote type=\"cite\">\n<div dir=\"ltr\">\n<p><span style=\"font-size:16px;\">Mersin Akdeniz Belediyesi Konferans Salonunda 5-7 Nisan 2018 tarihleri aras\u0131nda Kazanl\u0131\u2019da yap\u0131lacak olan B\u0130BEREXPO fuarc\u0131l\u0131\u011f\u0131n\u0131n tan\u0131t\u0131m a\u00e7\u0131klamas\u0131 yap\u0131ld\u0131.<\/span><\/p>\n<p><span style=\"font-size:16px;\">Yap\u0131lacak olan\u00a0 B\u0130BEREXPO fuarc\u0131l\u0131\u011f\u0131n\u0131 tan\u0131t\u0131m a\u00e7\u0131klamas\u0131na Akdeniz Belediye Ba\u015fkan\u0131 Muhittin Pamuk, B\u0130BEREXPO \u015eirket Y\u00f6netim Kurulu ve MSK fuarc\u0131l\u0131\u011f\u0131 Ba\u015fkan\u0131 Sedat Kozcuo\u011flu, Adanal\u0131o\u011flu Muhtar\u0131 Cengiz Demir, Kazanl\u0131 Muhtar\u0131 \u0130brahim Koca ve Akdeniz \u0130l\u00e7esi \u00d6rt\u00fc Alt\u0131 \u00dcreticiler Birli\u011fi Ba\u015fkan\u0131 Tansel \u0130zgi kat\u0131ld\u0131.<\/span><\/p>\n<p><span style=\"font-size:16px;\">Tan\u0131t\u0131m a\u00e7\u0131klamas\u0131nda B\u0130BEREXPO fuarc\u0131l\u0131\u011f\u0131na desteklerini belirterek konu\u015fmas\u0131n\u0131 ger\u00e7ekle\u015ftiren Pamuk, yap\u0131lacak olan bu etkinli\u011fe dahil oldu\u011fundan mutlulu\u011funu dile getirdi.<\/span><\/p>\n<p>\u00a0<\/p>\n<p><span style=\"font-size:16px;\">Pamuk, Adanal\u0131o\u011flu ve Kazanl\u0131 muhtarlar\u0131yla beraber bu b\u00f6lgedeki biber \u00fcreticileri ile di\u011fer payda\u015flar\u0131n, 5-7 Nisan tarihleri aras\u0131nda ortakla\u015fa d\u00fczenleyece\u011fi \u201cB\u0130BEREXPO \/ Biber \u00c7e\u015fitleri Tan\u0131t\u0131m G\u00fcnleri\u201d\u00a0 tan\u0131t\u0131m\u0131n\u0131 yapt\u0131klar\u0131n\u0131 \u00f6ne s\u00fcrd\u00fc.<\/span><\/p>\n<p><span style=\"font-size:16px;\">Ger\u00e7ekle\u015fecek olan tan\u0131t\u0131m esnas\u0131nda ilk defa biber ile yapt\u0131klar\u0131 biber baklavas\u0131 ve dolmal\u0131k biber tatl\u0131s\u0131 halka sunulaca\u011f\u0131 belirtildi.<\/span><\/p>\n<p>\u00a0<\/p>\n<p><span style=\"font-size:16px;\">\u201cGELECEK NES\u0130LLERE VER\u0130ML\u0130 TOPRAKLAR BIRAKMAKG\u00d6REV\u0130M\u0130Z\u201d<\/span><\/p>\n<p>\u00a0<\/p>\n<p><span style=\"font-size:16px;\">Tar\u0131msal \u00fcretim, \u00fclke ekonomisini ayakta tutup gelece\u011fe emin ad\u0131mlarla ilerlemesini sa\u011flayan en \u00f6nemli sekt\u00f6r oldu\u011funu kaydeden Pamuk: \u201c\u00dcretemeyen toplumlar, t\u00fcketime ve d\u0131\u015fa ba\u011f\u0131ml\u0131 hale gelmeye mahk\u00fbmdur. Bu a\u00e7\u0131dan topra\u011f\u0131m\u0131z\u0131n k\u0131ymetini bilmeli; halk ve \u00fcreticiler olarak topra\u011f\u0131m\u0131za ve \u00fcr\u00fcnlerimize sahip \u00e7\u0131kmal\u0131y\u0131z. N\u00fcfusu 8 milyara yakla\u015fan ve kentle\u015fen d\u00fcnyada tar\u0131m; art\u0131k bir \u2018ulusal g\u00fcvenlik sorunu\u2019 haline gelmi\u015ftir. Bu a\u00e7\u0131dan; s\u00fcrd\u00fcr\u00fclebilir tar\u0131m, kalk\u0131nma ve ekosistemin vazge\u00e7ilmez kayna\u011f\u0131 olan topra\u011f\u0131m\u0131z\u0131 korumak, toprakla ilgili fark\u0131ndal\u0131\u011f\u0131 artt\u0131rmak ve gelecek nesillere sa\u011fl\u0131kl\u0131, verimli topraklar b\u0131rakmak en asli g\u00f6revlerimiz aras\u0131nda olmal\u0131d\u0131r.\u201d \u015feklinde konu\u015ftu.<\/span><\/p>\n<p>\u00a0<\/p>\n<p><span style=\"font-size:16px;\">\u201cAKDEN\u0130Z\u2019DE GER\u00c7EKLE\u015eEN \u00dcRET\u0130M 167 B\u0130N 500 TON OLMU\u015eTUR\u201d<\/span><\/p>\n<p>\u00a0<\/p>\n<p><span style=\"font-size:16px;\">Mersin, yakla\u015f\u0131k 5 bin \u00e7ift\u00e7i ailenin ge\u00e7imini biberden sa\u011flad\u0131\u011f\u0131, T\u00fcrkiye\u2019nin \u00f6rt\u00fc alt\u0131 biber deposu olan bir kent oldu\u011funa dikkat \u00e7eken Pamuk, T\u00fcrkiye \u0130statistik Kurumu\u2019nun (T\u00dc\u0130K) 2017 y\u0131l\u0131 verilerine g\u00f6re Mersin; toplamda 50 bin dekar\u0131<\/span><\/p>\n<p><span style=\"font-size:16px;\">a\u015fan bir alanda ve y\u00fczde 11\u2019lik bir payla, biber yeti\u015ftiricili\u011finde \u00fclke genelinde, Antalya\u2019dan sonra ikinci s\u0131rada yer ald\u0131\u011f\u0131n\u0131 \u00f6ne s\u00fcrd\u00fc.\u00a0 S\u00f6zlerine devam eden Pamuk: \u201cT\u00dc\u0130K verilerine g\u00f6re, \u00fclkemizde 805 bin 166 dekarl\u0131k bir alanda biber \u00fcretimi ger\u00e7ekle\u015firken; Mersin il genelinde bu rakam 50 bin 320 dekard\u0131r. Akdeniz s\u0131n\u0131rlar\u0131 i\u00e7inde ise 25 bin dekarl\u0131k alanda biber \u00fcretimi yap\u0131lmaktad\u0131r. T\u00dc\u0130K verileri g\u00f6steriyor ki; ge\u00e7en y\u0131l T\u00fcrkiye\u2019de 2 milyon 608 bin 172 ton biber \u00fcretilmi\u015f olup, bu \u00fcretimin 294 bin 925 tonu Mersin\u2019den sa\u011flanm\u0131\u015ft\u0131r. Akdeniz il\u00e7emizde ger\u00e7ekle\u015fen \u00fcretim ise, ayn\u0131 y\u0131l 167 bin 500 ton olmu\u015ftur.\u201d dedi.<\/span><\/p>\n<p>\u00a0<\/p>\n<p><span style=\"font-size:16px;\">\u201cKAZANLI\u2019DA 6 B\u0130N 800 DEKARDA 40 B\u0130N 800 TON B\u0130BER \u00dcRET\u0130LM\u0130\u015eT\u0130R\u201d<\/span><\/p>\n<p>\u00a0<\/p>\n<p><span style=\"font-size:16px;\">Akdeniz; y\u00fczde 57\u2019lik bir payla, Mersin\u2019de biber \u00fcretiminde ilk s\u0131rada geldi\u011fini belirterek T\u00fcrkiye genelinde biber \u00fcretiminde ise y\u00fczde 7 gibi \u00f6nemli bir paya sahip oldu\u011funu dile getiren Pamuk: \u201cAkdeniz \u0130l\u00e7e G\u0131da Tar\u0131m ve Hayvanc\u0131l\u0131k M\u00fcd\u00fcrl\u00fc\u011f\u00fc verilerine g\u00f6re; ge\u00e7en y\u0131l Adanal\u0131o\u011flu\u2019nda 6 bin 300 dekarl\u0131k alanda 37 bin 800 ton; Kazanl\u0131\u2019da ise 6 bin 800 dekarl\u0131k alanda 40 bin 800 ton biber \u00fcretilmi\u015ftir. Resmi verilerden de anla\u015f\u0131laca\u011f\u0131 \u00fczere; Mersin\u2019de ciddi biber \u00fcretiminin yan\u0131 s\u0131ra, \u00fclke \u00e7ap\u0131ndaki ihracatta da b\u00fcy\u00fck rol oynad\u0131\u011f\u0131 g\u00f6r\u00fclmektedir. Bu anlamda, gerek kent ve \u00fclkemiz ekonomisine<\/span><\/p>\n<p><span style=\"font-size:16px;\">sa\u011flad\u0131\u011f\u0131n\u0131z katma de\u011fer, gerekse ger\u00e7ekle\u015ftirdi\u011finiz istihdam nedeniyle siz \u00fcreticilerimize \u015f\u00fckranlar\u0131m\u0131 sunuyorum.\u201d diye belirtti.<\/span><\/p>\n<p>\u00a0<\/p>\n<p><span style=\"font-size:16px;\">\u201cULUSLARARASI \u00d6L\u00c7EKTE \u0130HRACATIMIZI DAHA Y\u00dcKSEK RAKAMLARA \u00c7IKARAB\u0130L\u0130R\u0130Z\u201d<\/span><\/p>\n<p>\u00a0<\/p>\n<p><span style=\"font-size:16px;\">Pamuk, tar\u0131msal \u00fcretimde geli\u015fen teknolojiyi takip ederek verimli, bereketli, sa\u011fl\u0131kl\u0131 ve farkl\u0131 \u00fcr\u00fcnler elde etmek m\u00fcmk\u00fcn olaca\u011f\u0131n\u0131 ifade ederek\u00a0 tar\u0131msal teknolojiyi, yeni ila\u00e7lar\u0131 ve ila\u00e7lama tekniklerini kullanman\u0131n Tar\u0131m G\u0131da ve Hayvanc\u0131l\u0131k Bakanl\u0131\u011f\u0131n\u0131n yetkili kurumlar\u0131n e\u011fitimlerine kat\u0131lman\u0131n \u00f6nemli oldu\u011funu dile getirdi. Pamuk : \u201c\u00c7\u00fcnk\u00fc \u00e7ift\u00e7ilerimiz, bilin\u00e7li, do\u011fru zamanda ve do\u011fru uygulamalarla istenilen sonu\u00e7lar\u0131 elde edebilecektir. Mersin\u2019i; meyve-sebze \u00fcretimi ve g\u0131da g\u00fcvenli\u011finde d\u00fcnyada marka kent yapmak istiyorsak bunlara dikkat etmeliyiz. Bu sayede hem zirai \u00fcretimdeki kayb\u0131m\u0131z\u0131n \u00f6n\u00fcne ge\u00e7ebilir, hem de ulusal ve uluslar aras\u0131 \u00f6l\u00e7ekte ihracat\u0131m\u0131z\u0131 daha y\u00fcksek rakamlara \u00e7\u0131karabiliriz.\u201d ifadelerini kulland\u0131.<\/span><\/p>\n<p>\u00a0<\/p>\n<p>\u00a0<\/p>\n<p><span style=\"font-size:16px;\">\u201cKENT\u0130M\u0130Z VE \u00dcLKEM\u0130Z ADINA YEN\u0130 BA\u015eARILAR OLMALI\u201d<\/span><\/p>\n<div>\n<div aria-label=\"Geni\u015fletilen i\u00e7eri\u011fi gizleyin\" data-tooltip=\"Geni\u015fletilen i\u00e7eri\u011fi gizleyin\" id=\":4c\" role=\"button\" style=\"clear:both;\" tabindex=\"0\"><span style=\"font-size:16px;\"><img src=\"https:\/\/ssl.gstatic.com\/ui\/v1\/icons\/mail\/images\/cleardot.gif\" style=\"height:8px;width:20px;\" \/><\/span><\/div>\n<\/div>\n<div>\n<p>\u00a0<\/p>\n<p><span style=\"font-size:16px;\">Konu\u015fmas\u0131n\u0131n son b\u00f6l\u00fcm\u00fcnde Pamuk: \u201cBiber tan\u0131t\u0131m g\u00fcnlerinin, b\u00f6lge \u00e7ift\u00e7ilerimizin yo\u011fun emek ve zahmetle elde etti\u011fi \u00fcr\u00fcnlerinin daha da de\u011ferlenmesi; \u00fcreticilerimizin ya\u015fad\u0131\u011f\u0131 s\u0131k\u0131nt\u0131lar\u0131n ortadan kalkarak, emeklerinin ger\u00e7ek kar\u015f\u0131l\u0131\u011f\u0131n\u0131 elde etmeleri a\u00e7\u0131s\u0131ndan \u00f6nem ta\u015f\u0131d\u0131\u011f\u0131na inan\u0131yor, Mersinlileri fuara davet ediyorum. Bu duygu ve d\u00fc\u015f\u00fcncelerle; \u201cB\u0130BEREXPO \/ Biber \u00c7e\u015fitleri Tan\u0131t\u0131m G\u00fcnleri\u2019nin\u201d siz k\u0131ymetli \u00fcreticilerimiz i\u00e7in hay\u0131rlara ve bol kazanca; kentimiz ve \u00fclkemiz ad\u0131na yeni ba\u015far\u0131lara vesile olmas\u0131n\u0131 diliyorum.\u201d diye kaydetti.<\/span><\/p>\n<p>\u00a0<\/p>\n<p><span style=\"font-size:16px;\">KOZCUO\u011eLU: \u201cB\u0130R \u015eEK\u0130LDE D\u00dcNYA DA D\u0130KKATLER\u0130 BURAYA \u00c7EKE\u011e\u0130NE \u0130NANIYORUZ\u201d<\/span><\/p>\n<p>\u00a0<\/p>\n<p><span style=\"font-size:16px;\">Pamuk ba\u015fkan\u2019dan sonra s\u00f6z alan B\u0130BEREXPO Ba\u015fkan\u0131 Sedat kozcuo\u011flu ise \u015funlar\u0131 kaydetti: \u201c Ger\u00e7ekle\u015ftirece\u011fiz bu organizasyon\u00a0 T\u00fcrkiye de\u011fil d\u00fcnyada\u00a0 bir ilk\u00a0 olacak. \u00c7\u00fcnk\u00fc\u00a0d\u00fcnyada biber fuar\u0131 diye bir fuar yok. D\u00fcnyada ilk defa Akdeniz \u0130l\u00e7esi Adanal\u0131o\u011flu b\u00f6lgemizde ger\u00e7ekle\u015fecek. \u00d6zellikle Adanal\u0131o\u011flu ve Kazanl\u0131 b\u00f6lgemizde \u00fcreticilerimize hizmet veren ziraat bayilerimizin burada emekleri \u00e7ok b\u00fcy\u00fck. Asl\u0131nda bu eser onlar\u0131n eseridir. Biz sadece i\u015fin sadece mutfa\u011f\u0131nday\u0131z. Umuyoruz ki ba\u015far\u0131l\u0131 bir organizasyon\u00a0 \u00e7\u0131kar\u0131r\u0131z. Bu s\u00fcrekli yapaca\u011f\u0131m\u0131z ba\u015far\u0131 bizi h\u0131zl\u0131 bir \u015fekilde d\u00fcnya da dikkatleri buraya \u00e7eke\u011fine inan\u0131yoruz.\u201d<\/span><\/p>\n<\/div>\n<\/div>\n<\/blockquote>\n","protected":false},"excerpt":{"rendered":"<p>Mersin Akdeniz Belediyesi Konferans Salonunda 5-7 Nisan 2018 tarihleri aras\u0131nda Kazanl\u0131\u2019da ger\u00e7ekle\u015fecek olan B\u0130BEREXPO fuarc\u0131l\u0131\u011f\u0131 tan\u0131t\u0131m a\u00e7\u0131klamas\u0131nda Mersin Akdeniz b\u00f6lgesinde \u00e7ok biberin yeti\u015fti\u011fini ve bu yap\u0131lan fuarla tar\u0131ma destek \u00e7\u0131k\u0131laca\u011f\u0131 &hellip; <a href=\"https:\/\/akdenizolaygazetesi.com\/?p=1662\" class=\"more-link\">Devam\u0131n\u0131 Oku&#8230;<\/a><\/p>\n","protected":false},"author":1,"featured_media":0,"comment_status":"open","ping_status":"open","sticky":false,"template":"","format":"standard","meta":[],"categories":[],"tags":[],"_links":{"self":[{"href":"https:\/\/akdenizolaygazetesi.com\/index.php?rest_route=\/wp\/v2\/posts\/1662"}],"collection":[{"href":"https:\/\/akdenizolaygazetesi.com\/index.php?rest_route=\/wp\/v2\/posts"}],"about":[{"href":"https:\/\/akdenizolaygazetesi.com\/index.php?rest_route=\/wp\/v2\/types\/post"}],"author":[{"embeddable":true,"href":"https:\/\/akdenizolaygazetesi.com\/index.php?rest_route=\/wp\/v2\/users\/1"}],"replies":[{"embeddable":true,"href":"https:\/\/akdenizolaygazetesi.com\/index.php?rest_route=%2Fwp%2Fv2%2Fcomments&post=1662"}],"version-history":[{"count":0,"href":"https:\/\/akdenizolaygazetesi.com\/index.php?rest_route=\/wp\/v2\/posts\/1662\/revisions"}],"wp:attachment":[{"href":"https:\/\/akdenizolaygazetesi.com\/index.php?rest_route=%2Fwp%2Fv2%2Fmedia&parent=1662"}],"wp:term":[{"taxonomy":"category","embeddable":true,"href":"https:\/\/akdenizolaygazetesi.com\/index.php?rest_route=%2Fwp%2Fv2%2Fcategories&post=1662"},{"taxonomy":"post_tag","embeddable":true,"href":"https:\/\/akdenizolaygazetesi.com\/index.php?rest_route=%2Fwp%2Fv2%2Ftags&post=1662"}],"curies":[{"name":"wp","href":"https:\/\/api.w.org\/{rel}","templated":true}]}}