{"id":16622,"date":"2022-02-13T10:25:52","date_gmt":"2022-02-13T07:25:52","guid":{"rendered":"http:\/\/akdenizolaygazetesi.com\/?p=16622"},"modified":"2022-02-13T10:25:52","modified_gmt":"2022-02-13T07:25:52","slug":"mersinde-gunes-enerji-santrallerinin-kurulmasi-ekonomik-olarak-cok-onemli","status":"publish","type":"post","link":"https:\/\/akdenizolaygazetesi.com\/?p=16622","title":{"rendered":"\u201cMERS\u0130N\u2019DE G\u00dcNE\u015e ENERJ\u0130 SANTRALLER\u0130N\u0130N KURULMASI EKONOM\u0130K OLARAK \u00c7OK \u00d6NEML\u0130\u201d"},"content":{"rendered":"<p>Mersin B\u00fcy\u00fck\u015fehir Belediye Ba\u015fkan\u0131 Vahap Se\u00e7er, MESK\u0130\u2019nin Yeni\u015fehir il\u00e7esinde DY2A Su Deposu ve Terfi \u0130stasyonu\u2019nda devreye ald\u0131\u011f\u0131 \u00c7at\u0131 Tipi G\u00fcne\u015f Enerjisi Santrali\u2019ni gezdi. Ba\u015fkan Se\u00e7er, \u201c\u015eu anda \u00e7ok yeni bir 3 megavatl\u0131k tesisi devreye ald\u0131k. Y\u0131l sonu itibar\u0131yla da 18 megavata eri\u015fmi\u015f olaca\u011f\u0131z\u201d dedi.<\/p>\n<p>Mersin B\u00fcy\u00fck\u015fehir Belediyesi Mersin Su ve Kanalizasyon \u0130daresi (MESK\u0130) Genel M\u00fcd\u00fcrl\u00fc\u011f\u00fc, 3 adet i\u00e7me suyu deposunda toplam 3 megavatl\u0131k \u00c7at\u0131 Tipi G\u00fcne\u015f Enerjisi Santrali (GES) Projesi\u2019ni hayata ge\u00e7irdi. \u00c7al\u0131\u015fma kapsam\u0131nda y\u00fcksek enerji t\u00fcketimli tesislerin enerji ihtiyac\u0131, yenilenebilir enerjiden kar\u015f\u0131lanacak.<\/p>\n<p>\u201cElektrik \u00fcretimlerini kendi b\u00fcnyemizde ger\u00e7ekle\u015ftirmek i\u00e7in \u00e7al\u0131\u015fmalar\u0131m\u0131z var\u201d<\/p>\n<p>Ba\u015fkan Se\u00e7er, enerjinin \u00f6neminin her ge\u00e7en g\u00fcn daha da artt\u0131\u011f\u0131n\u0131 belirterek, B\u00fcy\u00fck\u015fehir Belediyesi ve MESK\u0130\u2019nin elektrik enerjisi \u00fcretimi i\u00e7in \u00f6nemli \u00e7al\u0131\u015fmalar ger\u00e7ekle\u015ftirdi\u011fini s\u00f6yledi. Son g\u00fcnlerde, T\u00fcrkiye\u2019nin hatta d\u00fcnyan\u0131n g\u00fcndeminde elektrik enerjisindeki anormal fiyat art\u0131\u015flar\u0131n\u0131n oldu\u011funa i\u015faret eden Ba\u015fkan Se\u00e7er, \u201cVatanda\u015flar\u0131m\u0131z\u0131n can\u0131n\u0131 yakan rakamlara ula\u015ft\u0131 elektrik fiyatlar\u0131. Mersin B\u00fcy\u00fck\u015fehir Belediyesi ve i\u015ftiraklerinin \u00f6nemli elektrik t\u00fcketimi var. Bizim de elektrik \u00fcretimlerini kendi b\u00fcnyemizde ger\u00e7ekle\u015ftirmek i\u00e7in \u00e7al\u0131\u015fmalar\u0131m\u0131z var. MESK\u0130\u2019de \u00e7ok \u00f6nemli \u00e7al\u0131\u015fmalar yap\u0131yoruz. Ar-Ge birimimiz var\u201d dedi.<\/p>\n<p>\u201cY\u0131l sonuna kadar 134 bin konutu ayd\u0131nlatacak e\u015f de\u011ferde elektrik \u00fcretimine eri\u015fece\u011fiz\u201d<\/p>\n<p>Mersin\u2019in \u00f6nemli bir g\u00fcne\u015f potansiyeli oldu\u011funu vurgulayan ve bu potansiyeli de\u011ferlendirmek istediklerini aktaran Ba\u015fkan Se\u00e7er, \u201cBiz Mersin\u2019de g\u00fcne\u015ften en azami \u015fekilde yararlanmak istiyoruz. Bu g\u00fcnleri g\u00f6rerek bu y\u00f6nde \u00e7al\u0131\u015fmalar\u0131m\u0131z\u0131 ba\u015flatt\u0131k. 3 megavatl\u0131k tesisi yeni devreye ald\u0131k, g\u00fcne\u015f enerji santrallerimizi ve bu y\u0131l sonuna kadar bu oran\u0131 18 megavata \u00e7\u0131karmak i\u00e7in \u00e7al\u0131\u015f\u0131yor arkada\u015flar\u0131m\u0131z. Y\u0131l sonu itibar\u0131yla da 18 megavata eri\u015fmi\u015f olaca\u011f\u0131z. Bu daha iyi anla\u015f\u0131ls\u0131n diye s\u00f6yl\u00fcyorum. Yeni devreye ald\u0131\u011f\u0131m\u0131z tesis 2 bin konutu ayd\u0131nlatacak e\u015f de\u011ferde bir elektrik enerjisi \u00fcretiyor. Y\u0131l sonuna kadar da yeni devreye alaca\u011f\u0131m\u0131z sistemlerle 12 bin konutu ayd\u0131nlatacak e\u015f de\u011ferde elektrik \u00fcretimine eri\u015fece\u011fiz\u201d diye konu\u015ftu.<\/p>\n<p>\u00c7\u00f6pten de elektrik \u00fcretiliyor<\/p>\n<p>B\u00fcy\u00fck\u015fehir Belediyesi\u2019nin kat\u0131 at\u0131k d\u00fczenli depolama tesislerinde 75 bin konutu ayd\u0131nlatmaya yetecek e\u015f de\u011ferde \u00e7\u00f6pten elektrik \u00fcretiminin s\u00fcrd\u00fc\u011f\u00fcn\u00fc an\u0131msatan Ba\u015fkan Se\u00e7er, y\u0131l sonuna kadar \u00fcretim de\u011ferlerinin artaca\u011f\u0131n\u0131 s\u00f6yledi. Se\u00e7er, \u201cYo\u011fun bir \u00e7al\u0131\u015fmam\u0131z var. Bu y\u0131l sonuna kadar oradaki rakam\u0131 da 122 bin konutu ayd\u0131nlatacak seviyeye \u00e7\u0131karaca\u011f\u0131z. Yani g\u00fcne\u015ften, gazdan Mersin B\u00fcy\u00fck\u015fehir Belediyesi\u2019nin ve i\u015ftiraklerinin bu y\u0131l sonuna kadar \u00fcretti\u011fi elektrik toplamda \u015fu anki 77 bin konutu ayd\u0131nlatacak seviyedeki \u00fcretimden 134 bin konutu ayd\u0131nlatacak seviyelere ula\u015facak\u201d dedi.<\/p>\n<p>\u201cYenilenebilir enerji kaynaklar\u0131n\u0131 harekete ge\u00e7irmek i\u00e7in te\u015fviklerin art\u0131r\u0131lmas\u0131 laz\u0131m\u201d<\/p>\n<p>Ba\u015fkan Se\u00e7er, yenilenebilir enerji yat\u0131r\u0131mlar\u0131n\u0131n artmas\u0131 i\u00e7in destekler gerekti\u011fini s\u00f6zlerine ekleyerek, \u201cBu anlamda da T\u00fcrkiye\u2019deki \u00f6zellikle yenilenebilir enerji kaynaklar\u0131n\u0131 harekete ge\u00e7irmek i\u00e7in merkezi y\u00f6netimlerin te\u015fviklerinin art\u0131r\u0131lmas\u0131 gerekti\u011fini d\u00fc\u015f\u00fcn\u00fcyorum. Bu g\u00fcne\u015f enerjisidir, bu biyok\u00fctledir, bu biyogazd\u0131r, bu r\u00fczg\u00e2r enerjisidir, hidrolik enerjidir. E\u011fer projeksiyonlar\u0131m\u0131z daha \u00e7ok yenilenebilir enerji kaynaklar\u0131 \u00fczerine yo\u011funla\u015f\u0131rsa bu \u00fclkemizin ekonomisine bug\u00fcn en \u00e7ok y\u00fck\u00fc getiren enerji temininde de \u00f6nemli bir rahatlamaya neden olacakt\u0131r\u201d diye konu\u015ftu.<\/p>\n<p>Mersin gibi \u00f6nemli g\u00fcne\u015f potansiyeline sahip bir \u015fehirde n\u00fckleer enerji yat\u0131r\u0131m\u0131 yap\u0131ld\u0131\u011f\u0131na dikkat \u00e7eken Ba\u015fkan Se\u00e7er, \u015funlar\u0131 s\u00f6yledi:<\/p>\n<p>\u201cMersin\u2019de bu kadar \u00f6nemli g\u00fcne\u015f enerji potansiyelini bir kenara b\u0131rakarak, Mersin gibi tar\u0131m, turizm kenti bir do\u011fa cenneti \u015fehirde n\u00fckleer enerji yat\u0131r\u0131m\u0131 yap\u0131yoruz. Bu kadar da paradoksal bir durumla kar\u015f\u0131 kar\u015f\u0131yay\u0131z. Tekrar s\u00f6yl\u00fcyorum; enerji, enerji kaynaklar\u0131, enerji maliyetleri \u00e7ok \u00f6nemli. \u00dclkemizin ekonomisine \u00f6nemli y\u00fck getiriyor. Tekrar d\u00fcnyadaki geli\u015fmelere dikkat \u00e7ekmek istiyorum. \u00d6zellikle enerji kaynaklar\u0131n\u0131n oldu\u011fu Ortado\u011fu\u2019daki geli\u015fmeler, Kafkaslar\u2019daki geli\u015fmeler, son Rusya-Ukrayna geli\u015fmesi ve d\u00fcnya konjonkt\u00fcr\u00fcndeki siyasal gerginlikler, \u00c7in-Amerika ekonomi sava\u015f\u0131 gibi bir\u00e7ok etkenin enerji fiyatlar\u0131n\u0131 \u00f6n\u00fcm\u00fczdeki g\u00fcnlerde \u00e7ok daha y\u00fcksek seviyelere t\u0131rmand\u0131raca\u011f\u0131 \u00f6ng\u00f6r\u00fcs\u00fc i\u00e7erisindeyim.\u201d<\/p>\n<p>\u201cMersin\u2019de g\u00fcne\u015f enerji santrallerinin kurulmas\u0131 ekonomik olarak \u00e7ok \u00f6nemli\u201d<\/p>\n<p>Ba\u015fkan Se\u00e7er son olarak, B\u00fcy\u00fck\u015fehir Belediyesi ve MESK\u0130\u2019de yenilenebilir enerji kaynaklar\u0131n\u0131 kullanarak enerji \u00fcretimi i\u00e7in \u00e7al\u0131\u015fmalar\u0131 yo\u011funla\u015ft\u0131racaklar\u0131n\u0131 belirterek, \u201cKendi b\u00fcnyemizde yenilenebilir enerji kaynaklar\u0131n\u0131 kullanarak da her birimimizde kendi enerjimizi kullanmak i\u00e7in arkada\u015flar\u0131m\u0131zla yo\u011fun bir \u00e7al\u0131\u015fma i\u00e7erisindeyiz. Yeni devreye ald\u0131\u011f\u0131m\u0131z 3 megavatl\u0131k \u00e7at\u0131 tipi enerji santralimiz \u015fu anda i\u00e7inde oldu\u011fumuz santral bu tip bir santral. Buras\u0131 1 megavatl\u0131k ama bunun gibi 2 ayr\u0131 yerde de toplam yeni devreye ald\u0131\u011f\u0131m\u0131z 3 megavatl\u0131k santral var. Yeni elektrik \u00fccret tarifesi ile mukayese etti\u011fimiz zaman, ki biz bunlar\u0131n \u00e7al\u0131\u015fmalar\u0131n\u0131 daha \u00f6nce yapt\u0131k, 4,5 y\u0131l amortisman s\u00fcresini hesaplam\u0131\u015ft\u0131k; bu yeni tarife ile beraber, yeni fiyatlarla beraber bunun 2,5 y\u0131la d\u00fc\u015ft\u00fc\u011f\u00fcn\u00fc g\u00f6r\u00fcyoruz. Bu da ekonomik \u00fcretim a\u00e7\u0131s\u0131ndan bize bir yol g\u00f6steriyor ve demek ki Mersin gibi bir yerde g\u00fcne\u015f enerji santrallerinin kurulmas\u0131n\u0131n ekonomik olarak da \u00e7ok \u00f6nemli oldu\u011fu y\u00f6n\u00fcnde bir durum ortaya \u00e7\u0131k\u0131yor\u201d dedi.<\/p>\n<p>1 metrek\u00fcp su ba\u015f\u0131na harcanan enerji bedeli ve su maliyetleri azalacak<\/p>\n<p>MESK\u0130, G\u00fcne\u015f Enerjisi Santralleri sayesinde; Tarsus D2 Su Deposu ve Terfi \u0130stasyonu 680 kWp (1700 adet solar panel), Toroslar D2 Su Deposu ve Terfi \u0130stasyonu 1302 kWp (3255 adet solar panel) ve Yeni\u015fehir DY2A Su Deposu ve Terfi \u0130stasyonu 838 kWp (2095 adet solar panel) olmak \u00fczere toplam 2820 kWp kurulu g\u00fc\u00e7 ile y\u0131ll\u0131k yakla\u015f\u0131k 2 bin 32 konutun elektrik t\u00fcketim ihtiyac\u0131na e\u015fde\u011fer elektrik \u00fcretimi hedefliyor. Bu \u00fcretim sayesinde MESK\u0130\u2019nin 3 b\u00fcy\u00fck tesisinin y\u0131ll\u0131k ihtiyac\u0131 olan enerjinin tamam\u0131na yak\u0131n\u0131 kar\u015f\u0131lanacak. B\u00f6ylece 1 metrek\u00fcp su ba\u015f\u0131na harcanan enerji bedeli ve su maliyetleri de azalacak.<\/p>\n<p>G\u00fcne\u015f enerji santralleri, ihtiya\u00e7 fazlas\u0131 \u00fcretece\u011fi enerjiyi da\u011f\u0131t\u0131m \u015febekesinde kullan\u0131lmak \u00fczere sisteme ileterek y\u0131ll\u0131k 6 milyon 650 bin lira kazan\u00e7 elde edecek ve b\u00f6lgedeki enerji \u00fcretimine de katk\u0131 sa\u011flayacak. MESK\u0130, yenilenebilir enerji kaynaklar\u0131na yapt\u0131\u011f\u0131 bu yat\u0131r\u0131m sayesinde; y\u0131lda 2 bin 214 ton CO2 sal\u0131n\u0131m\u0131n\u0131n \u00f6n\u00fcne ge\u00e7erek 5 bin 387 a\u011fac\u0131n hayat\u0131n\u0131 kurtarmay\u0131 hedefliyor. Yenilenebilir enerji yat\u0131r\u0131mlar\u0131na devam edecek olan MESK\u0130, y\u0131l sonuna kadar kurulu g\u00fcc\u00fcn\u00fc alt\u0131 kat\u0131na \u00e7\u0131kararak 1 bin 192 konutun elektrik t\u00fcketimini kar\u015f\u0131layacak kadar enerji \u00fcretmeyi \u00f6ng\u00f6r\u00fcyor.<\/p>\n","protected":false},"excerpt":{"rendered":"<p>Mersin B\u00fcy\u00fck\u015fehir Belediye Ba\u015fkan\u0131 Vahap Se\u00e7er, MESK\u0130\u2019nin Yeni\u015fehir il\u00e7esinde DY2A Su Deposu ve Terfi \u0130stasyonu\u2019nda devreye ald\u0131\u011f\u0131 \u00c7at\u0131 Tipi G\u00fcne\u015f Enerjisi Santrali\u2019ni gezdi. Ba\u015fkan Se\u00e7er, \u201c\u015eu anda \u00e7ok yeni bir &hellip; <a href=\"https:\/\/akdenizolaygazetesi.com\/?p=16622\" class=\"more-link\">Devam\u0131n\u0131 Oku&#8230;<\/a><\/p>\n","protected":false},"author":2,"featured_media":16623,"comment_status":"open","ping_status":"open","sticky":false,"template":"","format":"standard","meta":[],"categories":[7,8,2,5,11],"tags":[],"_links":{"self":[{"href":"https:\/\/akdenizolaygazetesi.com\/index.php?rest_route=\/wp\/v2\/posts\/16622"}],"collection":[{"href":"https:\/\/akdenizolaygazetesi.com\/index.php?rest_route=\/wp\/v2\/posts"}],"about":[{"href":"https:\/\/akdenizolaygazetesi.com\/index.php?rest_route=\/wp\/v2\/types\/post"}],"author":[{"embeddable":true,"href":"https:\/\/akdenizolaygazetesi.com\/index.php?rest_route=\/wp\/v2\/users\/2"}],"replies":[{"embeddable":true,"href":"https:\/\/akdenizolaygazetesi.com\/index.php?rest_route=%2Fwp%2Fv2%2Fcomments&post=16622"}],"version-history":[{"count":1,"href":"https:\/\/akdenizolaygazetesi.com\/index.php?rest_route=\/wp\/v2\/posts\/16622\/revisions"}],"predecessor-version":[{"id":16624,"href":"https:\/\/akdenizolaygazetesi.com\/index.php?rest_route=\/wp\/v2\/posts\/16622\/revisions\/16624"}],"wp:featuredmedia":[{"embeddable":true,"href":"https:\/\/akdenizolaygazetesi.com\/index.php?rest_route=\/wp\/v2\/media\/16623"}],"wp:attachment":[{"href":"https:\/\/akdenizolaygazetesi.com\/index.php?rest_route=%2Fwp%2Fv2%2Fmedia&parent=16622"}],"wp:term":[{"taxonomy":"category","embeddable":true,"href":"https:\/\/akdenizolaygazetesi.com\/index.php?rest_route=%2Fwp%2Fv2%2Fcategories&post=16622"},{"taxonomy":"post_tag","embeddable":true,"href":"https:\/\/akdenizolaygazetesi.com\/index.php?rest_route=%2Fwp%2Fv2%2Ftags&post=16622"}],"curies":[{"name":"wp","href":"https:\/\/api.w.org\/{rel}","templated":true}]}}