{"id":16625,"date":"2022-02-13T14:58:29","date_gmt":"2022-02-13T11:58:29","guid":{"rendered":"http:\/\/akdenizolaygazetesi.com\/?p=16625"},"modified":"2022-02-13T14:58:29","modified_gmt":"2022-02-13T11:58:29","slug":"toroslarda-kis-da-guzel","status":"publish","type":"post","link":"https:\/\/akdenizolaygazetesi.com\/?p=16625","title":{"rendered":"&#8220;TOROSLAR&#8217;DA KI\u015e DA G\u00dcZEL&#8221;"},"content":{"rendered":"<p>Toroslar Belediyesi&#8217;nin Mersin&#8217;de bir ilki ger\u00e7ekle\u015ftirerek Arslank\u00f6y Yaylas\u0131&#8217;nda d\u00fczenledi\u011fi 2. Kar Festivali&#8217;nin ikinci g\u00fcn\u00fcnde co\u015fku daha da artt\u0131.  Festival ile t\u00fcm T\u00fcrkiye&#8217;ye k\u0131\u015f turizminin ve sporlar\u0131n\u0131n Mersin&#8217;de de yap\u0131laca\u011f\u0131n\u0131n en g\u00fczel mesaj\u0131 verildi.<\/p>\n<p>Toroslar Belediye Ba\u015fkan\u0131 Ats\u0131z Af\u015f\u0131n Y\u0131lmaz, festival alan\u0131nda vatanda\u015flar\u0131n sevgi g\u00f6sterileri ile kar\u015f\u0131land\u0131. Festivali organize etmesinden dolay\u0131 Ba\u015fkan Y\u0131lmaz&#8217;a te\u015fekk\u00fcr eden vatanda\u015flar, festivalin devam\u0131n\u0131 diledi.<\/p>\n<p>Ba\u015fkan Y\u0131lmaz, hem\u015fehrileriyle kar \u00fcst\u00fcnde halay \u00e7ekti, co\u015fkuya ortak oldu.<\/p>\n<p>Mersin ve il\u00e7elerinin yan\u0131 s\u0131ra \u00c7ukurova b\u00f6lgesinden yo\u011fun kat\u0131l\u0131m\u0131n oldu\u011fu festivalde binlerce ki\u015fi, Toroslar&#8217;\u0131n kartpostall\u0131k manzaras\u0131 e\u015fli\u011finde yama\u00e7 para\u015f\u00fct\u00fc, snowboard ve k\u0131zakla kayman\u0131n keyfini ya\u015fad\u0131.<\/p>\n<p>Mersin&#8217;in her noktas\u0131nda festivale kat\u0131lmak isteyen vatanda\u015flar i\u00e7in 145 ara\u00e7 kald\u0131r\u0131ld\u0131. 7&#8217;den 70&#8217;e herkes festival alan\u0131nda kar\u0131n tad\u0131n\u0131 doyas\u0131ya \u00e7\u0131kard\u0131.<\/p>\n<p>Festivale kat\u0131lanlar; k\u0131\u015f sporlar\u0131n\u0131n yan\u0131 s\u0131ra g\u00fcn boyu DJ performans\u0131, voleybol, buz hokeyi ve halat \u00e7ekme, kardan adam yar\u0131\u015fmas\u0131, dans,  zumba, step aerobik g\u00f6sterileri ile hafta sonunu dolu dolu ge\u00e7irdi. B\u00f6lge esnaf\u0131 da a\u00e7\u0131lan stantlarda birbirinden lezzetli y\u00f6resel \u00fcr\u00fcnlerinin tan\u0131t\u0131m\u0131n\u0131 ve sat\u0131\u015f\u0131n\u0131 yapt\u0131.<\/p>\n<p>&#8220;Kat\u0131l\u0131mc\u0131lar S\u00fcrprizlerle Kar\u015f\u0131la\u015ft\u0131, Eski K\u0131\u015f G\u00fcnleri Hat\u0131rland\u0131&#8221;<\/p>\n<p>Beyaz \u00f6rt\u00fcyle kaplanan Toroslar&#8217;\u0131n zirvesi, k\u0131rm\u0131z\u0131 kalplerle s\u00fcslendi. \u00dccretsiz internet hizmetinin verildi\u011fi festival alan\u0131nda Toroslar KarFest etiketiyle kardan adam, kardan anne ve kardan \u00e7ocuktan olu\u015fan dev kardan aile ise foto\u011fraflar\u0131n par\u00e7as\u0131 oldu.<\/p>\n<p>Tahta tahterevalli ve Sevgililer G\u00fcn\u00fc temas\u0131yla s\u00fcslenen sal\u0131ncaklar da \u00e7ocuk ve gen\u00e7lerin yan\u0131 s\u0131ra b\u00fcy\u00fcklerin de yo\u011fun ilgisini g\u00f6rd\u00fc ve herkesi eski g\u00fcnlere g\u00f6t\u00fcrd\u00fc.<\/p>\n<p>Festivalde Kardan Adamlar Yar\u0131\u015ft\u0131<\/p>\n<p>Festivalde, kardan adamlar yar\u0131\u015ft\u0131. Kat\u0131l\u0131mc\u0131lar, en g\u00fczel kardan adam\u0131 yapabilmek i\u00e7in h\u00fcnerlerini sergiledi.<\/p>\n<p>Yar\u0131\u015fmada dereceye girenler, kupalar\u0131n\u0131 Ba\u015fkan Y\u0131lmaz&#8217;\u0131n elinden ald\u0131. Ba\u015fkan Y\u0131lmaz, dereceye girenleri tebrik ederek, festivale olan yo\u011fun ilginin sevindirici oldu\u011funu s\u00f6yledi.<\/p>\n<p>&#8220;Kar Berekettir&#8221;<\/p>\n<p>Toroslar Belediye Ba\u015fkan\u0131 Ats\u0131z Af\u015f\u0131n Y\u0131lmaz, Mersin&#8217;de bir marka olan Toroslar 2. Kar Fesitvali&#8217;nin ikinci g\u00fcn\u00fcnde co\u015fkunun daha da artt\u0131\u011f\u0131n\u0131 belirterek; &#8220;Kar berekettir. Ge\u00e7ti\u011fimiz haftalarda il\u00e7emizin y\u00fcksek kesimlerinde yo\u011fun kar ya\u011f\u0131\u015f\u0131 ya\u015fand\u0131. Bug\u00fcn de bu g\u00fczel havada Toroslar\u0131m\u0131z\u0131n zirvesinde 2. Kar Festivalimizi yapman\u0131n, birlik ve beraberli\u011fimizin en g\u00fczel foto\u011fraf karesini vermenin mutlulu\u011funu ya\u015f\u0131yoruz&#8221; dedi.<\/p>\n","protected":false},"excerpt":{"rendered":"<p>Toroslar Belediyesi&#8217;nin Mersin&#8217;de bir ilki ger\u00e7ekle\u015ftirerek Arslank\u00f6y Yaylas\u0131&#8217;nda d\u00fczenledi\u011fi 2. Kar Festivali&#8217;nin ikinci g\u00fcn\u00fcnde co\u015fku daha da artt\u0131. Festival ile t\u00fcm T\u00fcrkiye&#8217;ye k\u0131\u015f turizminin ve sporlar\u0131n\u0131n Mersin&#8217;de de yap\u0131laca\u011f\u0131n\u0131n en &hellip; <a href=\"https:\/\/akdenizolaygazetesi.com\/?p=16625\" class=\"more-link\">Devam\u0131n\u0131 Oku&#8230;<\/a><\/p>\n","protected":false},"author":2,"featured_media":16626,"comment_status":"open","ping_status":"open","sticky":false,"template":"","format":"standard","meta":[],"categories":[3,5],"tags":[],"_links":{"self":[{"href":"https:\/\/akdenizolaygazetesi.com\/index.php?rest_route=\/wp\/v2\/posts\/16625"}],"collection":[{"href":"https:\/\/akdenizolaygazetesi.com\/index.php?rest_route=\/wp\/v2\/posts"}],"about":[{"href":"https:\/\/akdenizolaygazetesi.com\/index.php?rest_route=\/wp\/v2\/types\/post"}],"author":[{"embeddable":true,"href":"https:\/\/akdenizolaygazetesi.com\/index.php?rest_route=\/wp\/v2\/users\/2"}],"replies":[{"embeddable":true,"href":"https:\/\/akdenizolaygazetesi.com\/index.php?rest_route=%2Fwp%2Fv2%2Fcomments&post=16625"}],"version-history":[{"count":1,"href":"https:\/\/akdenizolaygazetesi.com\/index.php?rest_route=\/wp\/v2\/posts\/16625\/revisions"}],"predecessor-version":[{"id":16627,"href":"https:\/\/akdenizolaygazetesi.com\/index.php?rest_route=\/wp\/v2\/posts\/16625\/revisions\/16627"}],"wp:featuredmedia":[{"embeddable":true,"href":"https:\/\/akdenizolaygazetesi.com\/index.php?rest_route=\/wp\/v2\/media\/16626"}],"wp:attachment":[{"href":"https:\/\/akdenizolaygazetesi.com\/index.php?rest_route=%2Fwp%2Fv2%2Fmedia&parent=16625"}],"wp:term":[{"taxonomy":"category","embeddable":true,"href":"https:\/\/akdenizolaygazetesi.com\/index.php?rest_route=%2Fwp%2Fv2%2Fcategories&post=16625"},{"taxonomy":"post_tag","embeddable":true,"href":"https:\/\/akdenizolaygazetesi.com\/index.php?rest_route=%2Fwp%2Fv2%2Ftags&post=16625"}],"curies":[{"name":"wp","href":"https:\/\/api.w.org\/{rel}","templated":true}]}}