{"id":1663,"date":"2020-11-04T18:22:11","date_gmt":"2020-11-04T15:22:11","guid":{"rendered":"http:\/\/mersinekonomipolitikagazetesi.com\/?p=1663"},"modified":"2020-11-04T18:22:11","modified_gmt":"2020-11-04T15:22:11","slug":"akkuyu-nukleerine-kucuk-bir-azinlik-karar-veriyor","status":"publish","type":"post","link":"https:\/\/akdenizolaygazetesi.com\/?p=1663","title":{"rendered":"\u201cAKKUYU N\u00dcKLEER\u0130NE K\u00dc\u00c7\u00dcK B\u0130R AZINLIK KARAR VER\u0130YOR\u201d"},"content":{"rendered":"<p>CHP Mersin \u0130l Dan\u0131\u015fma Kurulu \u00dcyeleri ve Ba\u015fkan\u0131 Adil Aktay, Mersin Akkuyu\u2019da temelleri at\u0131lacak olan n\u00fckleer santrallerin Mersin i\u00e7in tehlike arz etti\u011fini ve Mersin halk\u0131n\u0131n y\u00fczde 86\u2019s\u0131 n\u00fckleer santrali istemediklerini \u00f6ne s\u00fcrd\u00fc.<\/p>\n<blockquote type=\"cite\">\n<div dir=\"ltr\">\n<p><span style=\"font-size:16px;\">Mersin CHP \u0130l Ba\u015fkan\u0131 Adil Aktay \u00f6nc\u00fcl\u00fc\u011f\u00fcnde \u2018Akkuyu N\u00fckleer Santrali Deklarasyonu\u2019 ba\u015fl\u0131\u011f\u0131 ad\u0131 alt\u0131nda a\u00e7\u0131klama ger\u00e7ekle\u015fti.<\/span><\/p>\n<p><span style=\"font-size:16px;\">Ger\u00e7ekle\u015fen a\u00e7\u0131klama konu\u015fmas\u0131n\u0131 Adil Aktay yapt\u0131.<\/span><\/p>\n<p><span style=\"font-size:16px;\">A\u00e7\u0131klama konu\u015fmas\u0131nda Serdar Erkan\u00a0 (TMMOB MMO Mersin\u00a0<a data-saferedirecturl=\"https:\/\/www.google.com\/url?hl=tr&amp;q=http:\/\/4.ve&amp;source=gmail&amp;ust=1522761964874000&amp;usg=AFQjCNFNZ-ipB3ilVMYCJv02rP2l8LWJ8Q\" href=\"http:\/\/4.ve\/\" target=\"_blank\" rel=\"noopener noreferrer\">4.ve<\/a>\u00a05. D\u00f6nem \u015eube B\u015fk.), Av. Alpay Antmen (\u00d6nceki d\u00f6nem Baro B\u015fk), Do\u00e7.Dr. Erkan Akta\u015f(Mezitli Kent Konseyi \u00f6nceki B\u015fk), Av. Semra Kabasakal (Mersin \u00c7evre Derne\u011fi-MER\u00c7ED B\u015fk. Yrd.) \u00a0yer ald\u0131.<\/span><\/p>\n<p>\u00a0<\/p>\n<p><span style=\"font-size:16px;\">Mersin\u2019de akkuyu n\u00fckleer santralinin plan\u0131n ortaya at\u0131ld\u0131\u011f\u0131 g\u00fcnden beri bir\u00e7ok kurum ve kurulu\u015f taraf\u0131ndan tepki almas\u0131na ra\u011fmen temelleri at\u0131laca\u011f\u0131 konusunda Chp Mersin \u0130l Dan\u0131\u015fma Kurulu \u00dcyeleri ve Ba\u015fkan\u0131 Adil Aktay ile beraber ger\u00e7ekle\u015ftirdikleri a\u00e7\u0131klamada temelleri at\u0131lacak olan n\u00fckleer santrallerin \u00fclke i\u00e7in \u00e7ok risk ta\u015f\u0131d\u0131\u011f\u0131 kaydedildi.<\/span><\/p>\n<p>\u00a0<\/p>\n<p><span style=\"font-size:16px;\">Adil Aktay, siyasi iktidar Mersin Akkuyu\u2019da bir N\u00fckleer Santral in\u015fa etmek istediklerini n\u00fckleer santraller kurulumu uzun s\u00fcren ve y\u00fcksek maliyetli olan tesisler oldu\u011funa dikkat \u00e7ekerek \u00f6mr\u00fcn\u00fc tamamlayan tesislerin s\u00f6k\u00fclmesi i\u015flemi de uzun s\u00fcreli ve olduk\u00e7a tehlikeli oldu\u011funu vurgulad\u0131.<\/span><\/p>\n<p>\u00a0<\/p>\n<p><span style=\"font-size:16px;\">Aktay: \u201cD\u00fcnyada \u015fu ana kadar radyoaktif at\u0131klar\u0131n g\u00fcvenle saklanabilmesine y\u00f6nelik bir form\u00fcl bulunabilmi\u015f de\u011fildir. Do\u011fa olaylar\u0131n\u0131n (Deprem, tsunami vb.) \u00e7ok\u00e7a ya\u015fand\u0131\u011f\u0131 D\u00fcnyam\u0131zda n\u00fckleer santraller s\u00fcrekli kaza tehlikesi ta\u015f\u0131d\u0131\u011f\u0131 bilinmektedir.\u201d diye belirtti.<\/span><\/p>\n<p>\u00a0<\/p>\n<p><span style=\"font-size:16px;\">\u201cGELECEK KU\u015eAKLARIN SA\u011eLI\u011eI H\u0130\u00c7E SAYILIYOR\u201d<\/span><\/p>\n<p>\u00a0<\/p>\n<p><span style=\"font-size:16px;\">\u00c7evrenin kirlenmesi konusunda \u00f6nlemek yurtta\u015flar\u0131n \u00f6devi oldu\u011funu kaydeden Aktay: \u201cAnayasam\u0131z\u0131n 56. maddesine g\u00f6re \u00e7evreyi geli\u015ftirmek, sa\u011fl\u0131kl\u0131 bir \u00e7evrede ya\u015famak ve \u00e7evre kirlenmesini \u00f6nlemek de; devletin ve yurtta\u015flar\u0131n \u00f6nemli hakk\u0131 ve \u00f6devidir. Ancak son y\u0131llarda do\u011fam\u0131z\u0131n rant h\u0131rs\u0131na kurban edilmesi g\u00fczel Mersinimizi ve \u00fclkemizi giderek yok etmekte, tar\u0131m\u0131 ve sa\u011fl\u0131\u011f\u0131m\u0131z\u0131 tehdit etmekte, gelecek ku\u015faklar ; topraks\u0131z, susuz, ye\u015filsiz bir d\u00fcnyaya mahkum edilmeye \u00e7al\u0131\u015f\u0131lmaktad\u0131r.\u201d dedi. Yap\u0131lmak istenen N\u00fckleer Santral ne yerli, ne de milli oldu\u011funa dikkat \u00e7eken Aktay: \u201cBug\u00fcn i\u00e7in yakla\u015f\u0131k 4 dolar-cente sat\u0131lan 1 kw-saat elektrik Akkuyu N\u00fckleer Santrali taraf\u0131ndan bize 12.35 dolar-cent den sat\u0131larak, d\u00fcnyan\u0131n en pahal\u0131 \u00fcretilen elektri\u011finin bedeli de halk\u0131m\u0131z\u0131n cebinden \u00e7\u0131kacakt\u0131r.\u201d ifadelerini kulland\u0131.<\/span><\/p>\n<p>\u00a0<\/p>\n<p><span style=\"font-size:16px;\">\u201cAVRUPA \u0130NSAN HAKLARI S\u00d6ZLE\u015eMES\u0130 H\u00dcK\u00dcMLER\u0130NE VE ANAYASAMIZA AYKIRIDIR\u201d<\/span><\/p>\n<p>\u00a0<\/p>\n<p><span style=\"font-size:16px;\">Mersinliler olarak, kayg\u0131lar dikkate al\u0131nmadan, yok say\u0131larak, halk\u0131n gelece\u011fi ile ilgili planlara, Mersin\u2019de ya\u015famayan \u00e7ok k\u00fc\u00e7\u00fck bir mutlu az\u0131nl\u0131k karar verdi\u011fini belirten Aktay: \u201cBu durum, 1992 y\u0131l\u0131nda devlet olarak alt\u0131na imza att\u0131\u011f\u0131m\u0131z uluslararas\u0131 Rio s\u00f6zle\u015fmesinin ba\u011flay\u0131c\u0131 h\u00fck\u00fcmlerine, Avrupa \u0130nsan Haklar\u0131\u00a0<span style=\"font-family: sans-serif, Arial, Verdana, 'Trebuchet MS'; line-height: 1.6em;\">S\u00f6zle\u015fmesi h\u00fck\u00fcmlerine ve anayasam\u0131za ayk\u0131r\u0131d\u0131r. \u00c7\u00fcnk\u00fc, Mersin B\u00fcy\u00fck\u015fehir ve Mezitli Belediyelerinin resmi kurullar\u0131 olan Kent Konseyleri ba\u015fta olmak \u00fczere, di\u011fer il\u00e7e kent konseylerinin katk\u0131lar\u0131yla, 2016 y\u0131l\u0131 May\u0131s ay\u0131nda Mersin genelindeki 13 il\u00e7ede yap\u0131lan \u00e7ok kapsaml\u0131 resmi anket sonu\u00e7lar\u0131na g\u00f6re; Mersin halk\u0131n\u0131n % 86\u2019s\u0131 n\u00fckleer santral i\u00e7in Mersin Akkuyu\u2019da n\u00fckleer santral istememektedir.\u201d \u015feklinde konu\u015ftu.<\/span><\/span><\/p>\n<p>\u00a0<\/p>\n<p><span style=\"font-size:16px;\">\u201cAKKUYU CENNETEN B\u0130R PAR\u00c7A OLARAK \u00c7OCUKLARIMIZA KALMAYA DEVAM ETS\u0130N!\u201d<\/span><\/p>\n<p>\u00a0<\/p>\n<p><span style=\"font-size:16px;\">\u201cN\u00fckleer Santralin Akkuyu\u2019ya yap\u0131lmas\u0131 halinde Mersin, t\u00fcm D\u00fcnya\u2019da her t\u00fcrl\u00fc tehdide a\u00e7\u0131k bir n\u00fckleer kent olarak tescillenecektir!\u201d \u015feklinde dikkat \u00e7eken Aktay: \u201c T\u00fcm canl\u0131lar\u0131 korumak ve gelecek nesillere daha g\u00fczel bir D\u00fcnya b\u0131rakmak i\u00e7in , hukuk arkadan dolan\u0131larak, do\u011fal alanlar\u0131n kirli enerji yat\u0131r\u0131mlar\u0131 nedeniyle tahrip edilmesine son verilmelidir. \u00d6nce iktidara, sonra t\u00fcm T\u00fcrkiye kamuoyuna sesleniyoruz; Akkuyu bir \u00c7ernobil olmas\u0131n , Akkuyu bir Fukushima olmas\u0131n , Akkuyu cenneten bir par\u00e7a olarak \u00e7ocuklar\u0131m\u0131za kalmaya devam etsin! Mersin Halk\u0131n\u0131n N\u00fckleer Santrale kar\u015f\u0131 olu\u015fturdu\u011fu ortak akl\u0131n savunucu olan Mersin CHP\u2019nin \u0130l Dan\u0131\u015fma Kurulu \u00dcyeleri halk\u0131n sonuna kadar yan\u0131nda oldu\u011funu, T\u00fcrkiye\u2019ye ve t\u00fcm D\u00fcnya\u2019ya ilan ederken, N\u00fckleer Santrali Mersinlilere dayatanlar\u0131n tarih \u00f6n\u00fcnde gelecek ku\u015faklara kar\u015f\u0131 sorumlu\u00a0<span style=\"font-family: sans-serif, Arial, Verdana, 'Trebuchet MS'; line-height: 1.6em;\">olacaklar\u0131n\u0131 hat\u0131rlatarak, tarihe not d\u00fc\u015f\u00fcyoruz.\u201d ifadelerini kullanarak son c\u00fcmlelerini tamamlad\u0131.<\/span><\/span><\/p>\n<\/div>\n<\/blockquote>\n","protected":false},"excerpt":{"rendered":"<p>CHP Mersin \u0130l Dan\u0131\u015fma Kurulu \u00dcyeleri ve Ba\u015fkan\u0131 Adil Aktay, Mersin Akkuyu\u2019da temelleri at\u0131lacak olan n\u00fckleer santrallerin Mersin i\u00e7in tehlike arz etti\u011fini ve Mersin halk\u0131n\u0131n y\u00fczde 86\u2019s\u0131 n\u00fckleer santrali istemediklerini &hellip; <a href=\"https:\/\/akdenizolaygazetesi.com\/?p=1663\" class=\"more-link\">Devam\u0131n\u0131 Oku&#8230;<\/a><\/p>\n","protected":false},"author":1,"featured_media":0,"comment_status":"open","ping_status":"open","sticky":false,"template":"","format":"standard","meta":[],"categories":[],"tags":[],"_links":{"self":[{"href":"https:\/\/akdenizolaygazetesi.com\/index.php?rest_route=\/wp\/v2\/posts\/1663"}],"collection":[{"href":"https:\/\/akdenizolaygazetesi.com\/index.php?rest_route=\/wp\/v2\/posts"}],"about":[{"href":"https:\/\/akdenizolaygazetesi.com\/index.php?rest_route=\/wp\/v2\/types\/post"}],"author":[{"embeddable":true,"href":"https:\/\/akdenizolaygazetesi.com\/index.php?rest_route=\/wp\/v2\/users\/1"}],"replies":[{"embeddable":true,"href":"https:\/\/akdenizolaygazetesi.com\/index.php?rest_route=%2Fwp%2Fv2%2Fcomments&post=1663"}],"version-history":[{"count":0,"href":"https:\/\/akdenizolaygazetesi.com\/index.php?rest_route=\/wp\/v2\/posts\/1663\/revisions"}],"wp:attachment":[{"href":"https:\/\/akdenizolaygazetesi.com\/index.php?rest_route=%2Fwp%2Fv2%2Fmedia&parent=1663"}],"wp:term":[{"taxonomy":"category","embeddable":true,"href":"https:\/\/akdenizolaygazetesi.com\/index.php?rest_route=%2Fwp%2Fv2%2Fcategories&post=1663"},{"taxonomy":"post_tag","embeddable":true,"href":"https:\/\/akdenizolaygazetesi.com\/index.php?rest_route=%2Fwp%2Fv2%2Ftags&post=1663"}],"curies":[{"name":"wp","href":"https:\/\/api.w.org\/{rel}","templated":true}]}}