{"id":16631,"date":"2022-02-13T15:02:49","date_gmt":"2022-02-13T12:02:49","guid":{"rendered":"http:\/\/akdenizolaygazetesi.com\/?p=16631"},"modified":"2022-02-13T15:02:49","modified_gmt":"2022-02-13T12:02:49","slug":"ogrencilerimizin-moral-ve-motivasyonu-bizim-icin-cok-onemli","status":"publish","type":"post","link":"https:\/\/akdenizolaygazetesi.com\/?p=16631","title":{"rendered":"\u201c\u00d6\u011frencilerimizin moral ve motivasyonu bizim i\u00e7in \u00e7ok \u00f6nemli\u201d"},"content":{"rendered":"<p>Akdeniz Belediyesi, Y\u00fcksek\u00f6\u011fretim Kurumlar\u0131 S\u0131nav\u0131\u2019na (YKS) haz\u0131rlanan \u00f6\u011frencileri ve e\u011fitmenleri karla bulu\u015fturdu. Ba\u015fkan G\u00fcltak, \u00f6\u011frencilerinin moral ve motivasyonu i\u00e7in bu tarz etkinliklerin \u00f6nemine vurgu yaparak, s\u0131nava haz\u0131rlanan t\u00fcm \u00f6\u011frencilere ba\u015far\u0131lar diledi.<br \/>\nAkdeniz Belediyesi K\u00fclt\u00fcr ve Sosyal \u0130\u015fler M\u00fcd\u00fcrl\u00fc\u011f\u00fc, Metropol G\u00f6kdelen binas\u0131n\u0131n 29\u2019uncu kat\u0131nda faaliyete ge\u00e7en et\u00fct merkezinde, \u00fccretsiz \u00fcniversite haz\u0131rl\u0131k kursu g\u00f6ren \u00f6\u011frencileri karla bulu\u015fturdu. Hafta sonu \u00f6\u011frenci ve \u00f6\u011fretmenlerin i\u00e7inde oldu\u011fu yakla\u015f\u0131k 100 ki\u015filik ekibi, merkez bina \u00f6n\u00fcnden Karbo\u011faz\u0131\u2019na u\u011furlayan Akdeniz Belediye Ba\u015fkan\u0131 M. Mustafa G\u00fcltak, \u201cGen\u00e7lerimizin ve \u00e7ocuklar\u0131m\u0131z\u0131n mutlulu\u011fu bizim mutlulu\u011fumuzdur. \u00d6\u011frencilerimizin motive olmalar\u0131, ba\u015far\u0131lar\u0131n\u0131n artmas\u0131 noktas\u0131nda da elimizden geleni yapmaya devam edece\u011fiz\u201d diye konu\u015ftu.<br \/>\n \u201c\u00d6\u011frencilerimizin moral ve motivasyonu bizim i\u00e7in \u00e7ok \u00f6nemli\u201d<br \/>\nGe\u00e7ti\u011fimiz g\u00fcnlerde yar\u0131y\u0131l tatili sonras\u0131 okula ba\u015flayan minik \u00f6\u011frencilere, okullar\u0131n\u0131n bah\u00e7elerine, Toroslar\u0131n y\u00fcksek kesimlerinden tonlarca kar ta\u015f\u0131y\u0131p s\u00fcrpriz yapan Ba\u015fkan G\u00fcltak, bu hafta sonu da onlarca \u00fcniversite aday\u0131 \u00f6\u011frenciyi Karbo\u011faz\u0131\u2019na u\u011furlamaktan duydu\u011fu memnuniyeti dile getirdi. Ba\u015fkan G\u00fcltak; \u201cDi\u011fer y\u0131llarda oldu\u011fu gibi, kar mevsiminde, ilk ve ortaokullarda okuyan \u00f6\u011frencilerimize kamyon kamyon kar getirdik. \u00c7ocuklar\u0131m\u0131z, okul bah\u00e7elerine d\u00f6kt\u00fc\u011f\u00fcm\u00fcz karlarla doyas\u0131ya e\u011flendiler, karla oynama heyecan\u0131n\u0131 ya\u015fad\u0131lar. \u015eimdi de Karbo\u011faz\u2019\u0131 b\u00f6lgesine \u00f6\u011frencilerimizi \u00f6\u011fretmenleri ile birlikte u\u011furluyoruz. Onlar\u0131n motive olmas\u0131 bizler i\u00e7in \u00e7ok \u00f6nemli. Orada \u00e7ok e\u011fleneceklerinden eminim. Mersin\u2019in de g\u00fczelli\u011fi bu. Bir yanda denize giriyorsunuz. Di\u011fer yanda 17-18 derece havayla kar\u015f\u0131la\u015f\u0131rken, yar\u0131m saat sonra kara gidebiliyorsunuz. Cennet Mersinimize ve g\u00fczel Akdenizimize herkesi bekliyoruz\u201d ifadelerini kulland\u0131.<br \/>\n\u201cHer daim yan\u0131n\u0131zday\u0131m\u201d<br \/>\nBa\u015fkan G\u00fcltak, \u201cGazi Mustafa Kemal Atat\u00fcrk\u2019\u00fcn hedef g\u00f6sterdi\u011fi muas\u0131r medeniyetler seviyesine \u00e7\u0131kmak istiyorsak ayaklar\u0131 yere sa\u011flam basan, emin ad\u0131mlarla ilerleyen, bilimin \u0131\u015f\u0131\u011f\u0131nda g\u00fc\u00e7l\u00fc nesiller yeti\u015ftirmek zorunday\u0131z. Bize d\u00fc\u015fen; gen\u00e7lerimizi, gerek e\u011fitim gerek de ba\u015far\u0131 i\u00e7in motivasyon noktas\u0131nda desteklemektir. Her daim onlar\u0131n yan\u0131nda olaca\u011f\u0131m\u0131zdan kimsenin \u015f\u00fcphesi olmas\u0131n\u201d dedi.<br \/>\nKarbo\u011faz\u0131na ula\u015fan \u00f6\u011frenciler de \u00e7ok mutlu olduklar\u0131n\u0131, derslerin ve s\u0131nav\u0131n stresini \u00fczerlerinden at\u0131p,  keyifli bir hafta sonu ge\u00e7irdiklerini dile getirerek, Akdeniz Belediye Ba\u015fkan\u0131 G\u00fcltak\u2019a te\u015fekk\u00fcr ettiler. \u00d6\u011fretmen ve \u00f6\u011frenciler, kardan adam yap\u0131p kartopu oynad\u0131klar\u0131 etkinlikte g\u00f6n\u00fcllerince e\u011flenip g\u00fczel bir g\u00fcn ge\u00e7irdiler.<\/p>\n","protected":false},"excerpt":{"rendered":"<p>Akdeniz Belediyesi, Y\u00fcksek\u00f6\u011fretim Kurumlar\u0131 S\u0131nav\u0131\u2019na (YKS) haz\u0131rlanan \u00f6\u011frencileri ve e\u011fitmenleri karla bulu\u015fturdu. Ba\u015fkan G\u00fcltak, \u00f6\u011frencilerinin moral ve motivasyonu i\u00e7in bu tarz etkinliklerin \u00f6nemine vurgu yaparak, s\u0131nava haz\u0131rlanan t\u00fcm \u00f6\u011frencilere ba\u015far\u0131lar &hellip; <a href=\"https:\/\/akdenizolaygazetesi.com\/?p=16631\" class=\"more-link\">Devam\u0131n\u0131 Oku&#8230;<\/a><\/p>\n","protected":false},"author":2,"featured_media":16632,"comment_status":"open","ping_status":"open","sticky":false,"template":"","format":"standard","meta":[],"categories":[2,3,5],"tags":[],"_links":{"self":[{"href":"https:\/\/akdenizolaygazetesi.com\/index.php?rest_route=\/wp\/v2\/posts\/16631"}],"collection":[{"href":"https:\/\/akdenizolaygazetesi.com\/index.php?rest_route=\/wp\/v2\/posts"}],"about":[{"href":"https:\/\/akdenizolaygazetesi.com\/index.php?rest_route=\/wp\/v2\/types\/post"}],"author":[{"embeddable":true,"href":"https:\/\/akdenizolaygazetesi.com\/index.php?rest_route=\/wp\/v2\/users\/2"}],"replies":[{"embeddable":true,"href":"https:\/\/akdenizolaygazetesi.com\/index.php?rest_route=%2Fwp%2Fv2%2Fcomments&post=16631"}],"version-history":[{"count":1,"href":"https:\/\/akdenizolaygazetesi.com\/index.php?rest_route=\/wp\/v2\/posts\/16631\/revisions"}],"predecessor-version":[{"id":16633,"href":"https:\/\/akdenizolaygazetesi.com\/index.php?rest_route=\/wp\/v2\/posts\/16631\/revisions\/16633"}],"wp:featuredmedia":[{"embeddable":true,"href":"https:\/\/akdenizolaygazetesi.com\/index.php?rest_route=\/wp\/v2\/media\/16632"}],"wp:attachment":[{"href":"https:\/\/akdenizolaygazetesi.com\/index.php?rest_route=%2Fwp%2Fv2%2Fmedia&parent=16631"}],"wp:term":[{"taxonomy":"category","embeddable":true,"href":"https:\/\/akdenizolaygazetesi.com\/index.php?rest_route=%2Fwp%2Fv2%2Fcategories&post=16631"},{"taxonomy":"post_tag","embeddable":true,"href":"https:\/\/akdenizolaygazetesi.com\/index.php?rest_route=%2Fwp%2Fv2%2Ftags&post=16631"}],"curies":[{"name":"wp","href":"https:\/\/api.w.org\/{rel}","templated":true}]}}