{"id":1664,"date":"2020-11-04T18:22:11","date_gmt":"2020-11-04T15:22:11","guid":{"rendered":"http:\/\/mersinekonomipolitikagazetesi.com\/?p=1664"},"modified":"2020-11-04T18:22:11","modified_gmt":"2020-11-04T15:22:11","slug":"cinsel-siddetin-haberlestirilmesi-egitimi-verildi","status":"publish","type":"post","link":"https:\/\/akdenizolaygazetesi.com\/?p=1664","title":{"rendered":"\u2018C\u0130NSEL \u015e\u0130DDET\u0130N HABERLE\u015eT\u0130R\u0130LMES\u0130 E\u011e\u0130T\u0130M\u0130\u2019 VER\u0130LD\u0130"},"content":{"rendered":"<p>Mersin Gazeteciler Cemiyeti\u2019nde \u2018Dilimizi D\u00f6n\u00fc\u015ft\u00fcr\u00fcyoruz: Cinsel \u015eiddet Alan\u0131nda Hak Temelli Habercilik e\u011fitimi\u2019 ba\u015fl\u0131\u011f\u0131 ad\u0131 alt\u0131nda ger\u00e7ekle\u015fen 2 g\u00fcnl\u00fck s\u00fcren etkinlikte  cinsiyet\u00e7ilik gibi konular tart\u0131\u015f\u0131larak, uygulamalar ve haber analizleri  ile yap\u0131ld\u0131.<\/p>\n<blockquote type=\"cite\">\n<div dir=\"ltr\">\n<p><span style=\"font-size:16px;\">Mersin Gazeteciler Cemiyeti\u2019nde, Cinsel \u015eiddetle M\u00fccadele Derne\u011fi (C\u015eMD), Mersin Gazeteciler Cemiyeti ve Muamma LGBT i\u015fbirli\u011fiyle, \u2018Dilimizi D\u00f6n\u00fc\u015ft\u00fcr\u00fcyoruz: Cinsel \u015eiddet Alan\u0131nda Hak Temelli Habercilik e\u011fitimi\u2019 ger\u00e7ekle\u015fti.<\/span><\/p>\n<p>\u00a0<\/p>\n<p><span style=\"font-size:16px;\">Cinsel \u015eiddetle M\u00fccadele Derne\u011fi taraf\u0131ndan d\u00fczenlenen, \u00a0\u2018Dilimizi D\u00f6n\u00fc\u015ft\u00fcr\u00fcyoruz: Cinsel \u015eiddet Alan\u0131nda Hak Temelli Habercilik E\u011fitimi\u2019nde 31 Mart\u2019ta farkl\u0131 meslek gruplar yer ald\u0131.<\/span><\/p>\n<p>\u00a0<\/p>\n<p><span style=\"font-size:16px;\">1 Nisan\u2019da ise medya \u00e7al\u0131\u015fanlar\u0131, \u00f6\u011fretim g\u00f6revlileri ve ileti\u015fim fak\u00fcltesi \u00f6\u011frencileriyle ger\u00e7ekle\u015fti.<\/span><\/p>\n<p>\u00a0<\/p>\n<p><span style=\"font-size:16px;\">E\u011fitimde cinsel \u015fiddet tan\u0131m\u0131, bi\u00e7imleri, kavramlar ve mitler, cinsel istismara koruyucu-\u00f6nleyici yakla\u015f\u0131m, \u00e7ocuklar i\u00e7in onay kavram\u0131, toplumsal cinsiyet temelli \u015fiddet, fl\u00f6rt \u015fiddeti, g\u00fcvenli ili\u015fki cinsel \u015fiddet alan\u0131nda hak temelli yay\u0131nc\u0131l\u0131k, hayvana y\u00f6nelik cinsel \u015fiddet, t\u00fcrc\u00fcl\u00fck ve cinsiyet\u00e7ilik vb. konular tart\u0131\u015f\u0131larak, uygulamalar ve haber analizleri yap\u0131ld\u0131.<\/span><\/p>\n<p>\u00a0<\/p>\n<p><span style=\"font-size:16px;\">\u201cBA\u015eVURAN \u0130HT\u0130YA\u00c7 SAH\u0130PLER\u0130NE Y\u00d6NLEND\u0130RME VE MATERYAL DESTE\u011e\u0130 SA\u011eLIYORUZ.\u201d<\/span><\/p>\n<p>\u00a0<\/p>\n<p><span style=\"font-size:16px;\">Konu\u015fmas\u0131n\u0131 ger\u00e7ekle\u015ftiren E\u011fitmen \u015eehlem Ka\u00e7ar: \u201cCM\u015eD\u2019 olarak ama\u00e7lar\u0131m\u0131z cinsel \u015fiddeti azaltmakt\u0131r. Cinsel \u015fiddetin cinsellik olmad\u0131\u011f\u0131n\u0131, \u015fiddete maruz b\u0131rak\u0131l\u0131yor. Cinsel \u015fiddetten hayatta kalanlar\u0131n haklar\u0131na ve ihtiya\u00e7lar\u0131na y\u00f6nelik hizmet ve destek veren ki\u015fi kurum ve sivil toplum \u00f6rg\u00fctlerinin kapasitelerini g\u00fc\u00e7lendirici i\u00e7erik \u00e7al\u0131\u015fmalar\u0131 yap\u0131yoruz. E\u011fitim alan\u0131nda \u00e7al\u0131\u015fan meslek uzmanlar\u0131n\u0131n \u00e7ocuk ve gen\u00e7lerle \u00e7al\u0131\u015fabilece\u011fi e\u011fitim materyalleri \u00fcreterek koruyucu \u00f6nleyici \u00e7al\u0131\u015fmalar\u0131n artmas\u0131na katk\u0131 sunuyoruz. Kurum ve kurulu\u015flara taciz ve \u015fiddeti \u00f6nleme politika metinleri haz\u0131rlama s\u00fcre\u00e7lerinde dan\u0131\u015fmanl\u0131k veriyoruz. Ba\u015fvuran ihtiya\u00e7 sahiplerine y\u00f6nlendirme ve materyal deste\u011fi sa\u011fl\u0131yoruz.\u201d \u015feklinde konu\u015ftu.<\/span><\/p>\n<p>\u00a0<\/p>\n<p><span style=\"font-size:16px;\">\u201cB\u0130LG\u0130LEND\u0130R\u0130C\u0130 \u0130\u00c7ER\u0130KLER GEL\u0130\u015eT\u0130R\u0130YORUZ\u201d<\/span><\/p>\n<p>\u00a0<\/p>\n<p><span style=\"font-size:16px;\">Cinsel \u015fiddet alan\u0131nda as\u0131l de\u011fi\u015ftirilmesi ve geli\u015ftirilmesi gerekenin dil ve yakla\u015f\u0131m oldu\u011funu kaydeden Ka\u00e7ar: \u00a0\u201cCinsel \u015fiddetle ilgili toplumda d\u00f6n\u00fc\u015ft\u00fcr\u00fcc\u00fc bir etki yaratan bilin\u00e7 ve fark\u0131ndal\u0131k geli\u015ftiren \u015fiddetten hayatta kalanlar\u0131 \u015fiddete tan\u0131k olanlar\u0131 g\u00fc\u00e7lendiren bir ileti\u015fim dili ve yakla\u015f\u0131m\u0131n\u0131n olu\u015fmas\u0131 i\u00e7in kavramsal tart\u0131\u015fmalar\u0131 y\u00fcr\u00fct\u00fcyor, g\u00f6rsel ve bilgilendirici i\u00e7erikler geli\u015ftiriyoruz. Etkin sosyal medya kullan\u0131m\u0131 r\u00f6portajlar, d\u00fczenli yay\u0131nlar b\u00fcltenler kat\u0131ld\u0131\u011f\u0131m\u0131z etkinlikler y\u00fcr\u00fctt\u00fc\u011f\u00fcm\u00fcz kampanyalar \u00fcretti\u011fimiz g\u00f6rsel materyaller arac\u0131l\u0131\u011f\u0131yla bu dil ve yakla\u015f\u0131m\u0131 yayg\u0131nla\u015ft\u0131rmal\u0131y\u0131z.\u201d ifadelerini kulland\u0131.<\/span><\/p>\n<p>\u00a0<\/p>\n<p>\u00a0<\/p>\n<p><span style=\"font-size:16px;\">\u00a0\u201cDilimizi D\u00f6n\u00fc\u015ft\u00fcr\u00fcyoruz: Cinsel \u015eiddet Alan\u0131nda Hak Temelli Habercilik\u201d e\u011fitimin sonucunda Cinsel \u015eiddetle M\u00fccadele Derne\u011fi taraf\u0131ndan kat\u0131l\u0131mc\u0131lara kat\u0131l\u0131m belgelerinin verilmesiyle e\u011fitim son buldu.<\/span><\/p>\n<p>\u00a0<\/p>\n<\/div>\n<\/blockquote>\n","protected":false},"excerpt":{"rendered":"<p>Mersin Gazeteciler Cemiyeti\u2019nde \u2018Dilimizi D\u00f6n\u00fc\u015ft\u00fcr\u00fcyoruz: Cinsel \u015eiddet Alan\u0131nda Hak Temelli Habercilik e\u011fitimi\u2019 ba\u015fl\u0131\u011f\u0131 ad\u0131 alt\u0131nda ger\u00e7ekle\u015fen 2 g\u00fcnl\u00fck s\u00fcren etkinlikte cinsiyet\u00e7ilik gibi konular tart\u0131\u015f\u0131larak, uygulamalar ve haber analizleri ile yap\u0131ld\u0131. &hellip; <a href=\"https:\/\/akdenizolaygazetesi.com\/?p=1664\" class=\"more-link\">Devam\u0131n\u0131 Oku&#8230;<\/a><\/p>\n","protected":false},"author":1,"featured_media":0,"comment_status":"open","ping_status":"open","sticky":false,"template":"","format":"standard","meta":[],"categories":[],"tags":[],"_links":{"self":[{"href":"https:\/\/akdenizolaygazetesi.com\/index.php?rest_route=\/wp\/v2\/posts\/1664"}],"collection":[{"href":"https:\/\/akdenizolaygazetesi.com\/index.php?rest_route=\/wp\/v2\/posts"}],"about":[{"href":"https:\/\/akdenizolaygazetesi.com\/index.php?rest_route=\/wp\/v2\/types\/post"}],"author":[{"embeddable":true,"href":"https:\/\/akdenizolaygazetesi.com\/index.php?rest_route=\/wp\/v2\/users\/1"}],"replies":[{"embeddable":true,"href":"https:\/\/akdenizolaygazetesi.com\/index.php?rest_route=%2Fwp%2Fv2%2Fcomments&post=1664"}],"version-history":[{"count":0,"href":"https:\/\/akdenizolaygazetesi.com\/index.php?rest_route=\/wp\/v2\/posts\/1664\/revisions"}],"wp:attachment":[{"href":"https:\/\/akdenizolaygazetesi.com\/index.php?rest_route=%2Fwp%2Fv2%2Fmedia&parent=1664"}],"wp:term":[{"taxonomy":"category","embeddable":true,"href":"https:\/\/akdenizolaygazetesi.com\/index.php?rest_route=%2Fwp%2Fv2%2Fcategories&post=1664"},{"taxonomy":"post_tag","embeddable":true,"href":"https:\/\/akdenizolaygazetesi.com\/index.php?rest_route=%2Fwp%2Fv2%2Ftags&post=1664"}],"curies":[{"name":"wp","href":"https:\/\/api.w.org\/{rel}","templated":true}]}}