{"id":16643,"date":"2022-02-14T12:29:49","date_gmt":"2022-02-14T09:29:49","guid":{"rendered":"http:\/\/akdenizolaygazetesi.com\/?p=16643"},"modified":"2022-02-14T12:29:49","modified_gmt":"2022-02-14T09:29:49","slug":"mdobtan-operacapella-konseri","status":"publish","type":"post","link":"https:\/\/akdenizolaygazetesi.com\/?p=16643","title":{"rendered":"MDOB&#8217;tan \u201cOperAcapella\u201d  konseri"},"content":{"rendered":"<p>Mersin Devlet Opera ve Balesi<br \/>\n16 \u015eubat 2022 \u00c7ar\u015famba g\u00fcn\u00fc saat 20.00\u2019 da Opera Sahnesi\u2019nde \u201cOperAcapella\u201d  konseri d\u00fczenliyor.<\/p>\n<p>\u0130nsan sesinin enstr\u00fcman olarak kullan\u0131ld\u0131\u011f\u0131 \u201cA Capella\u201d \u00e7ok sesli m\u00fczik t\u00fcr\u00fc Mersinli sanatseverlerin be\u011fenisine sunulacak. D\u00fcnya\u2019da birbirinden farkl\u0131 \u00f6rne\u011fi bulunan Acapella eserlerini Mersin Devlet Opera ve Balesi koro sanat\u00e7\u0131lar\u0131 ve koro \u015fefi An\u0131l Ayd\u0131n\u2019 \u0131n \u00f6nderli\u011finde de\u011ferli sanatseverler ile bulu\u015fturuyor.<\/p>\n<p> T\u00fcrk bestecilerinden ve d\u00fcnya koro repertuvar\u0131ndan sevilen \u015fark\u0131lar\u0131n yer alaca\u011f\u0131 konserde ayr\u0131ca Afrika Halk \u015eark\u0131lar\u0131n\u0131n renkli, hareketli ve s\u0131cac\u0131k melodileri, Mersin Devlet Opera ve Balesi korosu sanat\u00e7\u0131lar\u0131n\u0131n zengin ses rengi ve ahengi ile sahnede olacak.<\/p>\n","protected":false},"excerpt":{"rendered":"<p>Mersin Devlet Opera ve Balesi 16 \u015eubat 2022 \u00c7ar\u015famba g\u00fcn\u00fc saat 20.00\u2019 da Opera Sahnesi\u2019nde \u201cOperAcapella\u201d konseri d\u00fczenliyor. \u0130nsan sesinin enstr\u00fcman olarak kullan\u0131ld\u0131\u011f\u0131 \u201cA Capella\u201d \u00e7ok sesli m\u00fczik t\u00fcr\u00fc Mersinli &hellip; <a href=\"https:\/\/akdenizolaygazetesi.com\/?p=16643\" class=\"more-link\">Devam\u0131n\u0131 Oku&#8230;<\/a><\/p>\n","protected":false},"author":2,"featured_media":16644,"comment_status":"open","ping_status":"open","sticky":false,"template":"","format":"standard","meta":[],"categories":[2,3],"tags":[],"_links":{"self":[{"href":"https:\/\/akdenizolaygazetesi.com\/index.php?rest_route=\/wp\/v2\/posts\/16643"}],"collection":[{"href":"https:\/\/akdenizolaygazetesi.com\/index.php?rest_route=\/wp\/v2\/posts"}],"about":[{"href":"https:\/\/akdenizolaygazetesi.com\/index.php?rest_route=\/wp\/v2\/types\/post"}],"author":[{"embeddable":true,"href":"https:\/\/akdenizolaygazetesi.com\/index.php?rest_route=\/wp\/v2\/users\/2"}],"replies":[{"embeddable":true,"href":"https:\/\/akdenizolaygazetesi.com\/index.php?rest_route=%2Fwp%2Fv2%2Fcomments&post=16643"}],"version-history":[{"count":1,"href":"https:\/\/akdenizolaygazetesi.com\/index.php?rest_route=\/wp\/v2\/posts\/16643\/revisions"}],"predecessor-version":[{"id":16645,"href":"https:\/\/akdenizolaygazetesi.com\/index.php?rest_route=\/wp\/v2\/posts\/16643\/revisions\/16645"}],"wp:featuredmedia":[{"embeddable":true,"href":"https:\/\/akdenizolaygazetesi.com\/index.php?rest_route=\/wp\/v2\/media\/16644"}],"wp:attachment":[{"href":"https:\/\/akdenizolaygazetesi.com\/index.php?rest_route=%2Fwp%2Fv2%2Fmedia&parent=16643"}],"wp:term":[{"taxonomy":"category","embeddable":true,"href":"https:\/\/akdenizolaygazetesi.com\/index.php?rest_route=%2Fwp%2Fv2%2Fcategories&post=16643"},{"taxonomy":"post_tag","embeddable":true,"href":"https:\/\/akdenizolaygazetesi.com\/index.php?rest_route=%2Fwp%2Fv2%2Ftags&post=16643"}],"curies":[{"name":"wp","href":"https:\/\/api.w.org\/{rel}","templated":true}]}}