{"id":16646,"date":"2022-02-14T12:32:54","date_gmt":"2022-02-14T09:32:54","guid":{"rendered":"http:\/\/akdenizolaygazetesi.com\/?p=16646"},"modified":"2022-02-14T12:32:54","modified_gmt":"2022-02-14T09:32:54","slug":"kdv-indirimi-ticareti-canlandiracak","status":"publish","type":"post","link":"https:\/\/akdenizolaygazetesi.com\/?p=16646","title":{"rendered":"\u201cKDV indirimi ticareti canland\u0131racak\u201d"},"content":{"rendered":"<p>Mersin Ticaret Borsas\u0131 Ba\u015fkan\u0131 Abdullah \u00d6zdemir, temel g\u0131da \u00fcr\u00fcnlerinde KDV oran\u0131n\u0131n y\u00fczde 1\u2019e d\u00fc\u015f\u00fcr\u00fclmesinin hem ekonomik hem de psikolojik a\u00e7\u0131dan olumlu bir ad\u0131m oldu\u011funu belirtti. KDV indiriminin enflasyonla m\u00fccadelede b\u00fcy\u00fck \u00f6nem ta\u015f\u0131yaca\u011f\u0131n\u0131 vurgulayan \u00d6zdemir, ayn\u0131 zamanda t\u00fcketiciye de nefes ald\u0131raca\u011f\u0131n\u0131 kaydederek, \u201cEtiket fiyatlar\u0131ndaki d\u00fc\u015f\u00fc\u015f ticareti de canland\u0131racak\u201d dedi.<br \/>\nMersin Ticaret Borsas\u0131 Ba\u015fkan\u0131 \u00d6zdemir, bir a\u00e7\u0131klama yaparak, temel g\u0131da \u00fcr\u00fcnlerinde KDV indirimi karar\u0131n\u0131 de\u011ferlendirdi. 13 \u015eubat 2022 tarihli Resme Gazetede listesi yer alan temel g\u0131da \u00fcr\u00fcnlerinde KDV oran\u0131n\u0131n y\u00fczde 1 seviyesine indirilmesi karar\u0131n\u0131n enflasyon ile m\u00fccadele s\u00fcrecinde b\u00fcy\u00fck \u00f6nem ta\u015f\u0131d\u0131\u011f\u0131n\u0131 dile getiren \u00d6zdemir, \u201cNitekim d\u00fcnya genelinde de bir\u00e7ok \u00fclkeyi yak\u0131ndan ilgilendiren ekonomik sorunlardan biri haline gelen g\u0131da enflasyonu, \u00fclkemizde son olarak y\u00fczde 55,61 seviyesine kadar t\u0131rmanm\u0131\u015ft\u0131. T\u00fcketicilerimizi olumsuz y\u00f6nde etkileyen bu s\u00fcre\u00e7te g\u0131da \u00fcr\u00fcnlerinde uygulanan KDV oran\u0131n\u0131n y\u00fczde 8\u2019den y\u00fczde 1 d\u00fczeyine indirilmesini en son 27 Eyl\u00fcl 2021\u2019de olmak \u00fczere \u00e7e\u015fitli zamanlarda talep etmi\u015ftik. Devletimiz bu talebimize kar\u015f\u0131l\u0131k vererek enflasyon ile m\u00fccadelede t\u00fcm imkanlar\u0131n kullan\u0131lmas\u0131 noktas\u0131nda ne kadar kararl\u0131 oldu\u011funu a\u00e7\u0131k bir \u015fekilde ortaya koymu\u015ftur. G\u0131da enflasyonu, enflasyon sepetinin d\u00f6rtte birini olu\u015fturdu\u011fundan, T\u00dcFE\u2019nin d\u00fc\u015fmesini de sa\u011flayacakt\u0131r\u201d ifadelerini kulland\u0131. <\/p>\n<p>Bug\u00fcnden itibaren ilgili \u00fcr\u00fcnlerde ya\u015fanacak y\u00fczde 7\u2019lik KDV indiriminin, gelirlerinin \u00f6nemli bir b\u00f6l\u00fcm\u00fcn\u00fc g\u0131da \u00fcr\u00fcnlerine harcayan ba\u015fta d\u00fc\u015f\u00fck gelirli kesim olmak \u00fczere t\u00fcm t\u00fcketicilere nefes ald\u0131raca\u011f\u0131n\u0131 belirten \u00d6zdemir, \u015f\u00f6yle devam etti: \u201cAyn\u0131 zamanda bu ad\u0131m, sadece ekonomik anlamda de\u011fil, psikolojik a\u00e7\u0131dan da bir motivasyon kayna\u011f\u0131 olacakt\u0131r. Bu indirim, etiket fiyatlar\u0131nda d\u00fc\u015f\u00fc\u015f olu\u015fturaca\u011f\u0131 gibi g\u0131da \u00fcr\u00fcnlerine olan talebi artt\u0131raca\u011f\u0131ndan ticareti de canland\u0131racak.\u201d<br \/>\n\u00d6zdemir, devletin bu fedakarl\u0131\u011f\u0131n\u0131n, hazine gelirleri a\u00e7\u0131s\u0131ndan k\u0131sa vadede bir kay\u0131p gibi g\u00f6r\u00fcnse de uzun d\u00f6nemde kay\u0131t d\u0131\u015f\u0131 ekonominin kay\u0131t i\u00e7ine al\u0131nmas\u0131yla vergi gelir kay\u0131plar\u0131n\u0131n \u00f6nemli bir k\u0131sm\u0131n\u0131n telafi edilebilece\u011fine dikkat \u00e7ekerek, \u201cBu nedenle etiket fiyatlar\u0131na ilave olarak kay\u0131t d\u0131\u015f\u0131 ile m\u00fccadeleye y\u00f6nelik kurulacak olan etkin bir denetim mekanizmas\u0131 \u00e7ok daha sa\u011fl\u0131kl\u0131 bir yap\u0131n\u0131n olu\u015fmas\u0131n\u0131 sa\u011flayacakt\u0131r. \u00d6zellikle i\u00e7erisinden ge\u00e7mekte oldu\u011fumuz pandemi s\u00fcreci sa\u011fl\u0131kl\u0131, kaliteli ve ucuz g\u0131daya daha kolay eri\u015fimin \u00f6nemini hepimize g\u00f6stermi\u015ftir. Bu nedenle g\u0131da enflasyonu ekonomik bir sorun olman\u0131n da \u00f6tesinde sosyal bir problemdir. Devletimiz, gelir vergilerinden yapm\u0131\u015f oldu\u011fu bu fedakarl\u0131k ile sorunlar\u0131m\u0131z\u0131 sahiplenerek vatanda\u015flar\u0131m\u0131z\u0131n yan\u0131nda oldu\u011funu g\u00f6stermi\u015f ve gelece\u011fe y\u00f6nelik \u00f6nemli bir moral sa\u011flam\u0131\u015ft\u0131r. \u0130sti\u015fareye a\u00e7\u0131k, icraat ve \u00e7\u00f6z\u00fcm odakl\u0131 bu bak\u0131\u015f a\u00e7\u0131s\u0131 g\u00fc\u00e7lenerek s\u00fcrd\u00fc\u011f\u00fc s\u00fcrece hedeflenen enflasyon d\u00fczeylerine ula\u015f\u0131laca\u011f\u0131 kan\u0131s\u0131nday\u0131m\u201d dedi. <\/p>\n","protected":false},"excerpt":{"rendered":"<p>Mersin Ticaret Borsas\u0131 Ba\u015fkan\u0131 Abdullah \u00d6zdemir, temel g\u0131da \u00fcr\u00fcnlerinde KDV oran\u0131n\u0131n y\u00fczde 1\u2019e d\u00fc\u015f\u00fcr\u00fclmesinin hem ekonomik hem de psikolojik a\u00e7\u0131dan olumlu bir ad\u0131m oldu\u011funu belirtti. KDV indiriminin enflasyonla m\u00fccadelede b\u00fcy\u00fck &hellip; <a href=\"https:\/\/akdenizolaygazetesi.com\/?p=16646\" class=\"more-link\">Devam\u0131n\u0131 Oku&#8230;<\/a><\/p>\n","protected":false},"author":2,"featured_media":16647,"comment_status":"open","ping_status":"open","sticky":false,"template":"","format":"standard","meta":[],"categories":[34,1,2,3,6],"tags":[],"_links":{"self":[{"href":"https:\/\/akdenizolaygazetesi.com\/index.php?rest_route=\/wp\/v2\/posts\/16646"}],"collection":[{"href":"https:\/\/akdenizolaygazetesi.com\/index.php?rest_route=\/wp\/v2\/posts"}],"about":[{"href":"https:\/\/akdenizolaygazetesi.com\/index.php?rest_route=\/wp\/v2\/types\/post"}],"author":[{"embeddable":true,"href":"https:\/\/akdenizolaygazetesi.com\/index.php?rest_route=\/wp\/v2\/users\/2"}],"replies":[{"embeddable":true,"href":"https:\/\/akdenizolaygazetesi.com\/index.php?rest_route=%2Fwp%2Fv2%2Fcomments&post=16646"}],"version-history":[{"count":1,"href":"https:\/\/akdenizolaygazetesi.com\/index.php?rest_route=\/wp\/v2\/posts\/16646\/revisions"}],"predecessor-version":[{"id":16648,"href":"https:\/\/akdenizolaygazetesi.com\/index.php?rest_route=\/wp\/v2\/posts\/16646\/revisions\/16648"}],"wp:featuredmedia":[{"embeddable":true,"href":"https:\/\/akdenizolaygazetesi.com\/index.php?rest_route=\/wp\/v2\/media\/16647"}],"wp:attachment":[{"href":"https:\/\/akdenizolaygazetesi.com\/index.php?rest_route=%2Fwp%2Fv2%2Fmedia&parent=16646"}],"wp:term":[{"taxonomy":"category","embeddable":true,"href":"https:\/\/akdenizolaygazetesi.com\/index.php?rest_route=%2Fwp%2Fv2%2Fcategories&post=16646"},{"taxonomy":"post_tag","embeddable":true,"href":"https:\/\/akdenizolaygazetesi.com\/index.php?rest_route=%2Fwp%2Fv2%2Ftags&post=16646"}],"curies":[{"name":"wp","href":"https:\/\/api.w.org\/{rel}","templated":true}]}}