{"id":16656,"date":"2022-02-15T10:09:15","date_gmt":"2022-02-15T07:09:15","guid":{"rendered":"http:\/\/akdenizolaygazetesi.com\/?p=16656"},"modified":"2022-02-15T10:09:15","modified_gmt":"2022-02-15T07:09:15","slug":"vatandaslar-festivali-cok-sevdi","status":"publish","type":"post","link":"https:\/\/akdenizolaygazetesi.com\/?p=16656","title":{"rendered":"&#8220;Vatanda\u015flar, Festivali \u00c7ok Sevdi&#8221;"},"content":{"rendered":"<p>Mersin&#8217;de ilk kez Toroslar Belediyesi&#8217;nce d\u00fczenlenen Toroslar 2&#8217;nci Kar Festivali, \u00c7ukurova b\u00f6lgesine damga vurdu.<\/p>\n<p>Toroslar Belediye Ba\u015fkan\u0131 Ats\u0131z Af\u015f\u0131n Y\u0131lmaz, binlerce ki\u015fiyi bulu\u015fturdu\u011fu Toroslar Kar Festivali ile deniz, kum ve g\u00fcne\u015f \u00fc\u00e7l\u00fcs\u00fcyle tan\u0131nan Mersin&#8217;in k\u0131\u015f turizminde de bir marka oldu\u011funu t\u00fcm T\u00fcrkiye&#8217;ye g\u00f6sterdi.<\/p>\n<p>\u0130ki g\u00fcn s\u00fcren festival,  s\u00fcrpriz bir nikah merasimine de sahne oldu. Kar \u00fcst\u00fcnde gen\u00e7 bir \u00e7iftin nik\u00e2h\u0131n\u0131 k\u0131yarak, mutluluklar\u0131n\u0131 per\u00e7inleyen Ba\u015fkan Y\u0131lmaz; &#8220;Kar Festivalimizde g\u00fczel bir birlikteli\u011fe \u015fahitlik ettik. Toroslar Kar Festivali, kentimizde yeni bir markad\u0131r. Bu festivali hem T\u00fcrkiye hem d\u00fcnya konu\u015facak&#8221; dedi.<\/p>\n<p>\u0130l\u00e7enin 1453 rak\u0131ml\u0131 Arslank\u00f6y Yaylas\u0131&#8217;nda bulunan festival alan\u0131 yama\u00e7 para\u015f\u00fct\u00fc, voleybol, halat \u00e7ekme, kardan adam yar\u0131\u015fmas\u0131, buz hokeyi, dans g\u00f6sterileri ve konserlerle adeta co\u015ftu.<\/p>\n<p>Mersin ve il\u00e7elerinin yan\u0131 s\u0131ra \u00c7ukurova b\u00f6lgesinden yo\u011fun kat\u0131l\u0131m\u0131n oldu\u011fu festivalde 7&#8217;den 70&#8217;e herkes, Toroslar&#8217;\u0131n kartpostall\u0131k manzaras\u0131 e\u015fli\u011finde snowboard yapt\u0131 ve k\u0131zakla kayman\u0131n keyfini ya\u015fad\u0131.<\/p>\n<p>&#8220;Vatanda\u015flar, Festivali \u00c7ok Sevdi&#8221;<\/p>\n<p>Ba\u015fkan Y\u0131lmaz, festival alan\u0131nda vatanda\u015flar\u0131n yo\u011fun ilgisi ve sevgi g\u00f6sterileri ile kar\u015f\u0131land\u0131. Festivali organize etmesinden dolay\u0131 Ba\u015fkan Y\u0131lmaz&#8217;a te\u015fekk\u00fcr eden vatanda\u015flar, festivalin devam\u0131n\u0131 diledi.<\/p>\n<p>T\u00fcrkmen vatanda\u015flar\u0131n da kat\u0131ld\u0131\u011f\u0131 festivalde Ba\u015fkan Y\u0131lmaz, hem\u015fehrileriyle kar \u00fcst\u00fcnde halay \u00e7ekti, co\u015fkuya ortak oldu. Festivalde \u00e7ocuklar ve gen\u00e7ler kadar b\u00fcy\u00fckler de doyas\u0131ya e\u011flendi, kartopu oynad\u0131.<\/p>\n<p>Festival sabah\u0131nda vatanda\u015flar, Mersin&#8217;in d\u00f6rt merkez il\u00e7esinden sunulan servis imk\u00e2n\u0131ndan \u00fccretsiz olarak faydaland\u0131. T\u00fcm ihtiya\u00e7lar\u0131n d\u00fc\u015f\u00fcn\u00fcld\u00fc\u011f\u00fc festival alan\u0131nda kat\u0131l\u0131mc\u0131lara Toroslar Belediyesince \u00e7ay ve \u00e7orba ikram edildi. Kat\u0131l\u0131mc\u0131lar, sucuk ekmek yiyerek g\u00fcn boyu festivalin tad\u0131n\u0131 \u00e7\u0131kard\u0131.<\/p>\n<p>&#8220;Bir \u00d6m\u00fcr Boyu Mutlulu\u011fa Kar \u00dcst\u00fcnde &#8220;Evet&#8221; Dediler&#8221;<\/p>\n<p>Ba\u015fkan Y\u0131lmaz, nik\u00e2hlar\u0131n\u0131 k\u0131ymalar\u0131 i\u00e7in ba\u015fvuru yapan Yeliz Sad\u0131 ve Mehmet Arslan \u00e7iftinin nikah\u0131n\u0131 ise kar \u00fcst\u00fcnde k\u0131yd\u0131. Bir \u00f6m\u00fcr mutlulu\u011fa Toroslar&#8217;\u0131n zirvesinde &#8220;evet&#8221; diyen \u00e7iftin \u015fahitleri ise festival alan\u0131nda bulunan binlerce ki\u015fi oldu. Ba\u015fkan Y\u0131lmaz, \u00e7ifti tebrik ederek mutluluklar diledi.<\/p>\n<p>Gen\u00e7 \u00c7ift; &#8220;Nik\u00e2h\u0131m\u0131z, G\u00fczel Bir An\u0131ya D\u00f6n\u00fc\u015ft\u00fc&#8221;<\/p>\n<p>Bu mutlu g\u00fcnlerini g\u00fczel bir an\u0131ya d\u00f6n\u00fc\u015ft\u00fcren Ba\u015fkan Y\u0131lmaz&#8217;a te\u015fekk\u00fcr eden gen\u00e7 \u00e7ift ise nikahlar\u0131n\u0131n k\u0131y\u0131lmas\u0131n\u0131n ard\u0131ndan iki beyaz g\u00fcvercini g\u00f6ky\u00fcz\u00fcne b\u0131rakt\u0131 ve ilk danslar\u0131n\u0131 yine binlerce ki\u015finin alk\u0131\u015flar\u0131yla yapt\u0131.<\/p>\n<p>&#8220;Toroslar&#8217;\u0131n Semalar\u0131nda T\u00fcrk Bayra\u011f\u0131 Dalgaland\u0131r\u0131ld\u0131&#8221;<\/p>\n<p>Dev T\u00fcrk bayra\u011f\u0131n\u0131n i\u015flendi\u011fi festival alan\u0131nda kamp\u00e7\u0131lar ve yama\u00e7 para\u015f\u00fct\u00fc pilotlar\u0131 da yerini ald\u0131. Yama\u00e7 para\u015f\u00fctleri, Toroslar&#8217;\u0131n semalar\u0131n\u0131 s\u00fcslerken, Arslank\u00f6yl\u00fc pilot Ahmet Ersoy da g\u00f6ky\u00fcz\u00fcnde T\u00fcrk Bayra\u011f\u0131&#8217;n\u0131 dalgaland\u0131rd\u0131. Pilotlar, beyaza b\u00fcr\u00fcnen do\u011fan\u0131n ve r\u00fczg\u00e2r\u0131n tad\u0131n\u0131 \u00e7\u0131kard\u0131.<\/p>\n<p>&#8220;Kat\u0131l\u0131mc\u0131lar, S\u00fcrprizlerle Kar\u015f\u0131la\u015ft\u0131&#8221;<\/p>\n<p>14 \u015eubat Sevgililer G\u00fcn\u00fc i\u00e7in haz\u0131rlanan s\u00fcrpriz temalar, foto\u011fraf karelerini s\u00fcslerken festival alan\u0131nda belediye ekipleri taraf\u0131ndan \u00f6zenle yap\u0131lan kardan adam, kardan anne ve kardan \u00e7ocuktan olu\u015fan dev kardan aile de yo\u011fun ilgi g\u00f6rd\u00fc.<\/p>\n<p>Tahta tahterevalli ve Sevgililer G\u00fcn\u00fc temas\u0131yla s\u00fcslenen sal\u0131ncaklar da \u00e7ocuk ve gen\u00e7lerin yan\u0131 s\u0131ra b\u00fcy\u00fcklerin de yo\u011fun ilgisini g\u00f6rd\u00fc ve herkesi eski g\u00fcnlere g\u00f6t\u00fcrd\u00fc.<\/p>\n<p>B\u00f6lge esnaf\u0131 ve Arslank\u00f6yl\u00fc vatanda\u015flar, a\u00e7\u0131lan stantlarda y\u00f6resel \u00fcr\u00fcnlerinin tan\u0131t\u0131m\u0131n\u0131 ve sat\u0131\u015f\u0131n\u0131 yaparken, Toroslar Belediyesi&#8217;nin TORTEK kursiyerleri de el eme\u011fi ve g\u00f6z nuru ile \u00fcrettikleri \u00fcr\u00fcnlerini sergileme imkan\u0131 buldu.<\/p>\n<p>Festivalde sunulan \u00fccretsiz internet hizmeti ile kat\u0131l\u0131mc\u0131lar, ToroslarKarFest etiketini kullanarak kentin e\u015fsiz g\u00fczelli\u011fini t\u00fcm d\u00fcnyaya duyurdu.<\/p>\n<p>BA\u015eKAN YILMAZ; &#8220;KAR FEST\u0130VAL\u0130M\u0130Z, T\u00dcRK\u0130YE&#8217;DE YEN\u0130 B\u0130R MARKADIR&#8221;<\/p>\n<p>Toroslar Belediye Ba\u015fkan\u0131 Ats\u0131z Af\u015f\u0131n Y\u0131lmaz, festivale yo\u011fun ilgi g\u00f6steren ve sahip \u00e7\u0131kan t\u00fcm vatanda\u015flara te\u015fekk\u00fcr ederek, festival ile Mersin&#8217;de k\u0131\u015f turizmi konusunda bir \u00e7\u0131\u011f\u0131r a\u00e7t\u0131klar\u0131n\u0131 s\u00f6yledi.<\/p>\n<p>Ba\u015fkan Y\u0131lmaz; &#8220;Bu festival, birlik ve beraberlik i\u00e7inde yap\u0131lm\u0131\u015f ve ba\u015far\u0131l\u0131 olmu\u015f bir \u00e7al\u0131\u015fma. Mersin&#8217;de ve \u00c7ukurova b\u00f6lgesinde iki y\u0131l \u00f6nce ilkini d\u00fczenlemi\u015ftik.  B\u00f6lgemizde, bu konseptte yap\u0131lan ba\u015fka festival yok. Siz de\u011ferli hem\u015fehrilerimiz de festivali \u00e7ok sevdiniz. Bu da bizi daha \u00e7ok motive ediyor. Biz de sizlerden ald\u0131\u011f\u0131m\u0131z g\u00fc\u00e7le \u00e7al\u0131\u015farak daha iyisini yapmaya devam edece\u011fiz. T\u00fcrkiye genelinde yap\u0131lan ara\u015ft\u0131rmada B\u00fcy\u00fck\u015fehir il\u00e7e belediyeleri aras\u0131nda T\u00fcrkiye&#8217;nin en ba\u015far\u0131l\u0131 3. il\u00e7e belediye ba\u015fkan\u0131 se\u00e7ildik. Bu ba\u015far\u0131da gece g\u00fcnd\u00fcz demeden, ya\u011fmurda, karda, k\u0131\u015fta \u00e7al\u0131\u015fan t\u00fcm \u00e7al\u0131\u015fma arkada\u015flar\u0131ma te\u015fekk\u00fcr ediyorum. \u00c7\u00fcnk\u00fc yapt\u0131\u011f\u0131m\u0131z bu i\u015f, ekibimizle birlikte bir tak\u0131m oyunu. Biz, 11 ki\u015filik bir tak\u0131m\u0131z. Bu tak\u0131m\u0131n 12&#8217;ncisi sizlersiniz. T\u00fcm vatanda\u015flar\u0131m\u0131za desteklerinden dolay\u0131 te\u015fekk\u00fcr ediyorum. Kar Festivalimiz ile b\u00f6lgemize, kentimize bir de\u011fer katt\u0131k. T\u00fcrkiye \u00e7ap\u0131nda yeni bir marka olu\u015fturduk. Arslank\u00f6yl\u00fc hem\u015fehrilerimize de festivalimize sunduklar\u0131 katk\u0131lar\u0131ndan dolay\u0131 te\u015fekk\u00fcr ediyorum. Bu ba\u015far\u0131 hepimizin ve hep beraber daha \u00e7ok \u00e7al\u0131\u015faca\u011f\u0131z. Kentimizi daha da kalk\u0131nd\u0131raca\u011f\u0131z&#8221; \u015feklinde konu\u015ftu.<\/p>\n<p>&#8220;Yapt\u0131\u011f\u0131m\u0131z \u00e7al\u0131\u015fmalar\u0131n sonucunu al\u0131yoruz&#8221; diyen Ba\u015fkan Y\u0131lmaz; &#8220;Sizlerin y\u00fcz\u00fc g\u00fcl\u00fcyor, \u00e7ocuklar\u0131m\u0131z\u0131n y\u00fcz\u00fc g\u00fcl\u00fcyor. Sizler mutlu olunca bizler de mutlu oluyoruz. Festivalimize kat\u0131ld\u0131\u011f\u0131n\u0131z i\u00e7in hepinize ayr\u0131 ayr\u0131 te\u015fekk\u00fcr ediyorum. Biz, g\u00fczellik ar\u0131yoruz. T\u00fcrkiye&#8217;nin ve d\u00fcnyan\u0131n neresinde vatanda\u015f\u0131m\u0131z\u0131n faydas\u0131na olan bir g\u00fczellik varsa bunu almak, getirmek g\u00f6revimiz. Bu \u00e7al\u0131\u015fmalar\u0131m\u0131za ayn\u0131 h\u0131zla devam edece\u011fiz. Yeter ki bir ve beraber olal\u0131m&#8221; ifadelerini kulland\u0131.<\/p>\n<p>&#8220;BU G\u00dcZELL\u0130\u011e\u0130, B\u0130RL\u0130\u011e\u0130 VE BERABERL\u0130\u011e\u0130 HERKES G\u00d6RS\u00dcN&#8221;<\/p>\n<p>Kat\u0131l\u0131mc\u0131lardan \u00e7ektikleri foto\u011fraf\u0131,  ToroslarKarFest etiketiyle sosyal medyada payla\u015fmalar\u0131n\u0131 da isteyen Ba\u015fkan Y\u0131lmaz;  &#8220;Bu g\u00fczelli\u011fi, birli\u011fimizi ve beraberli\u011fimiz herkes g\u00f6rs\u00fcn. Beraber olu\u015fturdu\u011fumuz bu yeni markay\u0131 t\u00fcm T\u00fcrkiye ve d\u00fcnya g\u00f6rs\u00fcn&#8221; dedi.<\/p>\n","protected":false},"excerpt":{"rendered":"<p>Mersin&#8217;de ilk kez Toroslar Belediyesi&#8217;nce d\u00fczenlenen Toroslar 2&#8217;nci Kar Festivali, \u00c7ukurova b\u00f6lgesine damga vurdu. Toroslar Belediye Ba\u015fkan\u0131 Ats\u0131z Af\u015f\u0131n Y\u0131lmaz, binlerce ki\u015fiyi bulu\u015fturdu\u011fu Toroslar Kar Festivali ile deniz, kum ve &hellip; <a href=\"https:\/\/akdenizolaygazetesi.com\/?p=16656\" class=\"more-link\">Devam\u0131n\u0131 Oku&#8230;<\/a><\/p>\n","protected":false},"author":2,"featured_media":16657,"comment_status":"open","ping_status":"open","sticky":false,"template":"","format":"standard","meta":[],"categories":[1,3],"tags":[],"_links":{"self":[{"href":"https:\/\/akdenizolaygazetesi.com\/index.php?rest_route=\/wp\/v2\/posts\/16656"}],"collection":[{"href":"https:\/\/akdenizolaygazetesi.com\/index.php?rest_route=\/wp\/v2\/posts"}],"about":[{"href":"https:\/\/akdenizolaygazetesi.com\/index.php?rest_route=\/wp\/v2\/types\/post"}],"author":[{"embeddable":true,"href":"https:\/\/akdenizolaygazetesi.com\/index.php?rest_route=\/wp\/v2\/users\/2"}],"replies":[{"embeddable":true,"href":"https:\/\/akdenizolaygazetesi.com\/index.php?rest_route=%2Fwp%2Fv2%2Fcomments&post=16656"}],"version-history":[{"count":1,"href":"https:\/\/akdenizolaygazetesi.com\/index.php?rest_route=\/wp\/v2\/posts\/16656\/revisions"}],"predecessor-version":[{"id":16658,"href":"https:\/\/akdenizolaygazetesi.com\/index.php?rest_route=\/wp\/v2\/posts\/16656\/revisions\/16658"}],"wp:featuredmedia":[{"embeddable":true,"href":"https:\/\/akdenizolaygazetesi.com\/index.php?rest_route=\/wp\/v2\/media\/16657"}],"wp:attachment":[{"href":"https:\/\/akdenizolaygazetesi.com\/index.php?rest_route=%2Fwp%2Fv2%2Fmedia&parent=16656"}],"wp:term":[{"taxonomy":"category","embeddable":true,"href":"https:\/\/akdenizolaygazetesi.com\/index.php?rest_route=%2Fwp%2Fv2%2Fcategories&post=16656"},{"taxonomy":"post_tag","embeddable":true,"href":"https:\/\/akdenizolaygazetesi.com\/index.php?rest_route=%2Fwp%2Fv2%2Ftags&post=16656"}],"curies":[{"name":"wp","href":"https:\/\/api.w.org\/{rel}","templated":true}]}}