{"id":1666,"date":"2020-11-04T18:22:13","date_gmt":"2020-11-04T15:22:13","guid":{"rendered":"http:\/\/mersinekonomipolitikagazetesi.com\/?p=1666"},"modified":"2020-11-04T18:22:13","modified_gmt":"2020-11-04T15:22:13","slug":"otizmli-cocuklar-icin-mavi-balonlu-yuruyus","status":"publish","type":"post","link":"https:\/\/akdenizolaygazetesi.com\/?p=1666","title":{"rendered":"Otizmli \u00e7ocuklar i\u00e7in &#8220;mavi balonlu&#8221; y\u00fcr\u00fcy\u00fc\u015f"},"content":{"rendered":"<p>D\u00fcnya Otizm Fark\u0131ndal\u0131k G\u00fcn\u00fc etkinlikleri kapsam\u0131nda, &#8216;Kabul et, fark et, bizimle y\u00fcr\u00fc&#8217; slogan\u0131yla Mersin&#8217;de y\u00fcr\u00fcy\u00fc\u015f yap\u0131ld\u0131.<\/p>\n<p><span style=\"font-size:16px;\"><span style=\"font-family: sans-serif; line-height: 20px; text-align: justify; background-color: rgb(242, 244, 245);\">Ellerinde mavi balonlarla y\u00fcr\u00fcyen y\u00fczlerce ki\u015fi, otizmli bireyler i\u00e7in fark\u0131ndal\u0131k olu\u015fturdu. Aile ve Sosyal Politikalar \u0130l M\u00fcd\u00fcr\u00fc Veysel Topkaya, &#8220;Otizm bir hastal\u0131k de\u011fildir. Otizmi bir fark\u0131ndal\u0131k olarak g\u00f6r\u00fcyoruz&#8221; dedi.\u00a0<\/span><br style=\"box-sizing: border-box; font-family: sans-serif; font-size: 14px; line-height: 20px; text-align: justify; background-color: rgb(242, 244, 245);\" \/><br \/>\n<span style=\"font-family: sans-serif; line-height: 20px; text-align: justify; background-color: rgb(242, 244, 245);\">2 Nisan D\u00fcnya Otizm Fark\u0131ndal\u0131k G\u00fcn\u00fc dolay\u0131s\u0131yla Mersin&#8217;de y\u00fcr\u00fcy\u00fc\u015f ger\u00e7ekle\u015ftirildi. Mersin Valisi Ali \u0130hsan Su&#8217;nun e\u015fi Zeliha Su&#8217;nun da kat\u0131ld\u0131\u011f\u0131 y\u00fcr\u00fcy\u00fc\u015fte y\u00fczlerce ki\u015fi ellerindeki mavi balonlarla otizm bireyler i\u00e7in fark\u0131ndal\u0131k olu\u015fturdu. Etkinlikte konu\u015fan Aile ve Sosyal Politikalar \u0130l M\u00fcd\u00fcr\u00fc Veysel Topkaya, bug\u00fcn t\u00fcm d\u00fcnyada otizmli bireyler i\u00e7in fark\u0131ndal\u0131k etkinlikleri yap\u0131ld\u0131\u011f\u0131n\u0131 s\u00f6yledi. T\u00fcm d\u00fcnyada oldu\u011fu gibi T\u00fcrkiye&#8217;de de 81 ilde \u00e7e\u015fitli etkinlikler yap\u0131ld\u0131\u011f\u0131n\u0131 belirten Topkaya, &#8220;Otizm bir kere hastal\u0131k de\u011fildir, bir rahats\u0131zl\u0131kt\u0131r. Otizmli olan bireyler hayat\u0131n her evresinde, \u00e7evremizde, okulumuzda, bir halk otob\u00fcs\u00fcnde veya yemek yedi\u011fimiz bir lokantada olabilirler. Biz bunlar\u0131 otizmi bir farkl\u0131l\u0131k olarak g\u00f6r\u00fcyoruz. Otizm bir eksiklik de\u011fil, bir farkl\u0131l\u0131kt\u0131r. Biz bunu kabul ediyoruz, fark ediyoruz ve bununla beraber y\u00fcr\u00fcy\u00fcp, hayata \u00f6yle devam ediyoruz. Otizmli bireylerin \u00f6zellikle toplumda ya\u015fam\u0131\u015f olduklar\u0131 bir tak\u0131m sorunlar, s\u0131k\u0131nt\u0131larla ilgili toplumu yeterince bilin\u00e7lendirebilirsek ve bu farkl\u0131l\u0131klar\u0131m\u0131z\u0131 da b\u00f6yle g\u00f6z \u00f6n\u00fcne getirip, onlarla toplumda ya\u015fad\u0131\u011f\u0131m\u0131z alan\u0131, ya\u015fad\u0131\u011f\u0131m\u0131z \u00e7evreyi onlar i\u00e7in ya\u015fan\u0131labilir bir hale getirdi\u011fimiz zaman onlar\u0131n hayatta kar\u015f\u0131la\u015fabilecekleri bir tak\u0131m olumsuzluklar\u0131n da \u00f6n\u00fcne ge\u00e7mi\u015f oluruz. Herkesin farkl\u0131 olan bir yetenekleri var. Otizmli \u00e7ocuklar\u0131m\u0131zda bir eksiklik de\u011fil her insanda oldu\u011fu gibi bir farkl\u0131l\u0131kt\u0131r. \u0130\u015fte biz bu farkl\u0131l\u0131klar\u0131 kabul etti\u011fimiz zaman, bu farkl\u0131l\u0131klar\u0131 fark etti\u011fimiz zaman bu otizmli \u00e7ocuklar\u0131m\u0131z\u0131n \u00f6zellikle farkl\u0131 olan y\u00f6nlerini geli\u015ftirdi\u011fimizde kesinlikle inan\u0131yoruz onlardan bir deha \u00e7\u0131kabilir&#8221; diye konu\u015ftu.\u00a0<\/span><br style=\"box-sizing: border-box; font-family: sans-serif; font-size: 14px; line-height: 20px; text-align: justify; background-color: rgb(242, 244, 245);\" \/><br \/>\n<span style=\"font-family: sans-serif; line-height: 20px; text-align: justify; background-color: rgb(242, 244, 245);\">Mersin&#8217;de etkinlikler kapsam\u0131nda mavi balonlarla y\u00fcr\u00fcy\u00fc\u015f yapt\u0131klar\u0131n\u0131 dile getiren Topkaya, &#8220;Kabul et, fark et, bizimle y\u00fcr\u00fc&#8217; slogan\u0131yla bunu ger\u00e7ekle\u015ftirdik. Kabul et \u015fudur. Otizmli bireyler toplumda herkes gibi ayn\u0131 davran\u0131\u015flar\u0131 sergileyemeyebilirler. Bunlar bizimle g\u00f6z temas\u0131ndan ka\u00e7\u0131n\u0131rlar. Elimizi uzatt\u0131\u011f\u0131m\u0131z zaman elini vermeyebilirler. Di\u011fer insanlar gibi akranlar\u0131yla oyuncaklar\u0131yla oynamayabilirler. Biz bunlar\u0131 bu \u015fekilde fark etti\u011fimiz zaman kabul et, i\u00e7inde ya\u015fad\u0131\u011f\u0131m\u0131z alanda bu bireylerin varl\u0131\u011f\u0131n\u0131 her an hissedip, onlar\u0131 o \u015fekilde kabul ederek ya\u015fam\u0131m\u0131za devam etmeliyiz. Y\u00fcr\u00fc de de kast\u0131m\u0131z \u015fu. Biz i\u00e7inde ya\u015fad\u0131\u011f\u0131m\u0131z d\u00fcnyay\u0131, i\u00e7inde ya\u015fad\u0131\u011f\u0131m\u0131z hayat\u0131 otizmli bireylerle beraber in\u015fa ederek, onlarla beraber y\u00fcr\u00fcd\u00fc\u011f\u00fcm\u00fcz zaman, onlar\u0131n kar\u015f\u0131la\u015fabilecekleri toplumdaki bir tak\u0131m olumsuzluklar\u0131n \u00f6n\u00fcne ge\u00e7ebiliriz. Bug\u00fcnde yakla\u015f\u0131k bin ki\u015finin kat\u0131l\u0131m\u0131yla bir y\u00fcr\u00fcy\u00fc\u015f ger\u00e7ekle\u015ftirdik&#8221; \u015feklinde konu\u015ftu.\u00a0<\/span><br style=\"box-sizing: border-box; font-family: sans-serif; font-size: 14px; line-height: 20px; text-align: justify; background-color: rgb(242, 244, 245);\" \/><br \/>\n<span style=\"font-family: sans-serif; line-height: 20px; text-align: justify; background-color: rgb(242, 244, 245);\">Konu\u015fmalar\u0131n ard\u0131ndan halk oyunlar\u0131 ekibi g\u00f6steri yapt\u0131. Etkinli\u011fin sonunda y\u00fczlerce ki\u015fi ellerindeki balonlar\u0131 g\u00f6ky\u00fcz\u00fcne b\u0131rakt\u0131.\u00a0<\/span><\/span><\/p>\n","protected":false},"excerpt":{"rendered":"<p>D\u00fcnya Otizm Fark\u0131ndal\u0131k G\u00fcn\u00fc etkinlikleri kapsam\u0131nda, &#8216;Kabul et, fark et, bizimle y\u00fcr\u00fc&#8217; slogan\u0131yla Mersin&#8217;de y\u00fcr\u00fcy\u00fc\u015f yap\u0131ld\u0131. Ellerinde mavi balonlarla y\u00fcr\u00fcyen y\u00fczlerce ki\u015fi, otizmli bireyler i\u00e7in fark\u0131ndal\u0131k olu\u015fturdu. Aile ve Sosyal &hellip; <a href=\"https:\/\/akdenizolaygazetesi.com\/?p=1666\" class=\"more-link\">Devam\u0131n\u0131 Oku&#8230;<\/a><\/p>\n","protected":false},"author":1,"featured_media":0,"comment_status":"open","ping_status":"open","sticky":false,"template":"","format":"standard","meta":[],"categories":[],"tags":[],"_links":{"self":[{"href":"https:\/\/akdenizolaygazetesi.com\/index.php?rest_route=\/wp\/v2\/posts\/1666"}],"collection":[{"href":"https:\/\/akdenizolaygazetesi.com\/index.php?rest_route=\/wp\/v2\/posts"}],"about":[{"href":"https:\/\/akdenizolaygazetesi.com\/index.php?rest_route=\/wp\/v2\/types\/post"}],"author":[{"embeddable":true,"href":"https:\/\/akdenizolaygazetesi.com\/index.php?rest_route=\/wp\/v2\/users\/1"}],"replies":[{"embeddable":true,"href":"https:\/\/akdenizolaygazetesi.com\/index.php?rest_route=%2Fwp%2Fv2%2Fcomments&post=1666"}],"version-history":[{"count":0,"href":"https:\/\/akdenizolaygazetesi.com\/index.php?rest_route=\/wp\/v2\/posts\/1666\/revisions"}],"wp:attachment":[{"href":"https:\/\/akdenizolaygazetesi.com\/index.php?rest_route=%2Fwp%2Fv2%2Fmedia&parent=1666"}],"wp:term":[{"taxonomy":"category","embeddable":true,"href":"https:\/\/akdenizolaygazetesi.com\/index.php?rest_route=%2Fwp%2Fv2%2Fcategories&post=1666"},{"taxonomy":"post_tag","embeddable":true,"href":"https:\/\/akdenizolaygazetesi.com\/index.php?rest_route=%2Fwp%2Fv2%2Ftags&post=1666"}],"curies":[{"name":"wp","href":"https:\/\/api.w.org\/{rel}","templated":true}]}}