{"id":16662,"date":"2022-02-15T10:12:43","date_gmt":"2022-02-15T07:12:43","guid":{"rendered":"http:\/\/akdenizolaygazetesi.com\/?p=16662"},"modified":"2022-02-15T10:12:43","modified_gmt":"2022-02-15T07:12:43","slug":"selale-otelin-yerine-cok-fonksiyonlu-bir-kompleks-insa-edilecek","status":"publish","type":"post","link":"https:\/\/akdenizolaygazetesi.com\/?p=16662","title":{"rendered":"\u015eELALE OTEL&#8217;\u0130N YER\u0130NE \u00c7OK FONKS\u0130YONLU B\u0130R KOMPLEKS \u0130N\u015eA ED\u0130LECEK"},"content":{"rendered":"<p>Mersin B\u00fcy\u00fck\u015fehir Belediye Meclisi&#8217;nin 2022 y\u0131l\u0131 \u015eubat ay\u0131 2. Birle\u015fim Toplant\u0131s\u0131, B\u00fcy\u00fck\u015fehir Belediye Ba\u015fkan\u0131 Vahap Se\u00e7er ba\u015fkanl\u0131\u011f\u0131nda ger\u00e7ekle\u015ftirildi. MESK\u0130 ile \u0130tfaiye, Mezarl\u0131klar, Engelliler ve Sa\u011fl\u0131k Hizmetleri Daireleri&#8217;nin b\u00fcnyesine kazand\u0131rd\u0131klar\u0131 90 yeni ara\u00e7la ilgili teknik detaylar\u0131 anlatan ve bu ara\u00e7lar\u0131n hizmet vermeye ba\u015flad\u0131\u011f\u0131n\u0131 belirten Ba\u015fkan Se\u00e7er, &#8220;Yeni ara\u00e7lar\u0131m\u0131z Mersinimize hay\u0131rl\u0131 olsun&#8221; dedi. Se\u00e7er, su saya\u00e7lar\u0131n\u0131n de\u011fi\u015ftirilmesine y\u00f6nelik \u00e7al\u0131\u015fmalar\u0131n aylar \u00f6nce ba\u015flat\u0131ld\u0131\u011f\u0131n\u0131, ilk olarak Mente\u015f Mahallesi&#8217;nde 3 bin 247 abonenin sayac\u0131n\u0131n de\u011fi\u015fti\u011fini ifade ederek, ekonomik olarak zor durumdaki vatanda\u015flara daha fazla y\u00fck yaratmamak i\u00e7in bedellerin taksitli olarak al\u0131naca\u011f\u0131n\u0131 s\u00f6yledi.<br \/>\n&#8220;Topluma \u00f6rnek olmak istiyorsak sevgi dilini terk etmemeliyiz&#8221;<br \/>\nBa\u015fkan Se\u00e7er, Meclis&#8217;in dilek ve temenniler b\u00f6l\u00fcm\u00fcnde 14 \u015eubat Sevgililer G\u00fcn\u00fc&#8217;n\u00fc kutlayarak, &#8220;Sevgi, b\u00fct\u00fcn d\u00fcnyada ya\u015fam\u0131 anlaml\u0131 k\u0131lan bir kavram. Sevgililer G\u00fcn\u00fc&#8217;n\u00fc kutlarken sevginin her ge\u00e7en g\u00fcn daha anlaml\u0131 oldu\u011fu g\u00fcn\u00fcm\u00fczde kutupla\u015ft\u0131r\u0131c\u0131, ayr\u0131\u015ft\u0131ran bir dilden uzak kalmam\u0131z gerekti\u011fini bir kez daha yinelemek istiyorum. \u0130nsanlar\u0131n birbirine sevgi diliyle konu\u015fmaya ihtiya\u00e7 duydu\u011funu, bunun toplumun t\u00fcm kesimleri ve genel menfaatimize oldu\u011funu s\u00f6ylememe ve bunda biz siyasilerin \u00e7ok \u00f6nemli sorumlulu\u011fu oldu\u011funu hat\u0131rlatmama san\u0131r\u0131m ihtiya\u00e7 yok. Topluma \u00f6rnek olmak istiyorsak sevgi dilini terk etmemeliyiz. Bu konuda herkes \u00fczerine d\u00fc\u015feni yapmal\u0131. Unutmayal\u0131m ki sevgi dilde ba\u015flar, kalpte devam eder. Sevgililer G\u00fcn\u00fcn\u00fcz kutlu olsun&#8221; dedi.<br \/>\n&#8220;Kad\u0131nlar\u0131m\u0131z\u0131n hak etti\u011fi konuma y\u00fckselmesi i\u00e7in gerekli t\u00fcm ad\u0131mlar\u0131 at\u0131yoruz&#8221;<br \/>\nMedeni Kanun&#8217;un kabul edili\u015finin 96. y\u0131l d\u00f6n\u00fcm\u00fcn\u00fc de kutlayan Ba\u015fkan Se\u00e7er, bu kanunla kad\u0131n-erkek e\u015fitli\u011finin temelinin at\u0131ld\u0131\u011f\u0131n\u0131, kad\u0131nlar\u0131n evlilik, meslek hayat\u0131 ve g\u00fcndelik hayatta \u00f6nemli kazan\u0131mlar elde etti\u011fini ifade etti. Mersin B\u00fcy\u00fck\u015fehir Belediyesi olarak kad\u0131n haklar\u0131n\u0131n g\u00fc\u00e7lendirilmesini sa\u011flamaya y\u00f6nelik \u00e7al\u0131\u015fmalar s\u00fcrd\u00fcrd\u00fcklerini vurgulayan Ba\u015fkan Se\u00e7er, \u015funlar\u0131 s\u00f6yledi:<br \/>\n&#8220;Bizim i\u00e7in &#8216;M\u00fcmk\u00fcn m\u00fcd\u00fcr ki bir toplumun yar\u0131s\u0131 topraklara zincirlerle ba\u011fl\u0131 kald\u0131k\u00e7a di\u011fer k\u0131sm\u0131 g\u00f6klere y\u00fckselebilsin&#8217; diyen Gazi Mustafa Kemal Atat\u00fcrk&#8217;\u00fcn anlaml\u0131 s\u00f6zleri rehber niteli\u011findedir. Kad\u0131nlar\u0131m\u0131z\u0131n \u00e7a\u011fda\u015f toplumda hak etti\u011fi konuma y\u00fckselmesi i\u00e7in gerekli t\u00fcm ad\u0131mlar\u0131 at\u0131yoruz. Yerel E\u015fitlik Eylem Plan\u0131m\u0131z\u0131n birinci y\u0131l\u0131ndaki sonu\u00e7lar\u0131n\u0131 da sizinle payla\u015fmak isterim. Eylem Plan\u0131m\u0131zda ge\u00e7en y\u0131lki 88 maddelik hedefin 11&#8217;i pandemi s\u00fcrecinde ya\u015fan\u0131lan ola\u011fan\u00fcst\u00fc durumlardan dolay\u0131 ger\u00e7ekle\u015fememi\u015ftir ancak zor ko\u015fullara ra\u011fmen 77 hedefi dairelerimiz ba\u015far\u0131yla ger\u00e7ekle\u015ftirmi\u015f ve % 87.5 oran\u0131nda bir ger\u00e7ekle\u015fme sa\u011flanm\u0131\u015ft\u0131r. 2022 y\u0131l\u0131nda hedeflerimizi ger\u00e7ekle\u015ftirmek i\u00e7in kararl\u0131 ad\u0131mlarla y\u00fcr\u00fcd\u00fc\u011f\u00fcm\u00fcz\u00fcn bilinmesini isterim. B\u00fcy\u00fck \u00d6nder Atat\u00fcrk&#8217;\u00fc \u015f\u00fckranla ve rahmetle an\u0131yor, laik, demokratik, \u00e7a\u011fda\u015f bir T\u00fcrkiye&#8217;nin esas\u0131n\u0131 ve temelini olu\u015fturan Medeni Kanun&#8217;un kabul\u00fcn\u00fcn y\u0131l d\u00f6n\u00fcm\u00fcn\u00fc kutluyorum.&#8221;<br \/>\n\u015eelale Otel&#8217;in yerine \u00e7ok fonksiyonlu bir kompleks in\u015fa edilecek<br \/>\nTarsus&#8217;ta bulunan \u015eelale Otel&#8217;le ilgili de a\u00e7\u0131klamalarda bulunan Ba\u015fkan Se\u00e7er, Otel&#8217;in \u00d6zel \u0130dare&#8217;den kendilerine ge\u00e7ti\u011fini, \u00c7evre ve \u015eehircilik \u0130l M\u00fcd\u00fcrl\u00fc\u011f\u00fc taraf\u0131ndan riskli yap\u0131 olarak tespit edildi\u011fini s\u00f6yledi. 9 Kas\u0131m 2021&#8217;de Tarsus Kaymakaml\u0131\u011f\u0131&#8217;n\u0131n B\u00fcy\u00fck\u015fehir Belediyesi&#8217;ne yazd\u0131\u011f\u0131 yaz\u0131da riskli yap\u0131 tespitine karar verilen \u015eelale Otel&#8217;in y\u0131k\u0131lma s\u00fcresinin 60 g\u00fcn i\u00e7erisinde bildirilmesini talep etti\u011fini ifade eden Ba\u015fkan Se\u00e7er, \u015eelale Otel&#8217;i \u00e7ok fonksiyonlu bir yap\u0131 \u015feklinde vatanda\u015flar\u0131n kullan\u0131m\u0131na sunacaklar\u0131n\u0131 bildirdi. Se\u00e7er, &#8220;\u015eelale Otel, zemin art\u0131 7 katl\u0131 betonarme bir bina. Biz y\u0131k\u0131m i\u015flemlerini ba\u015flatt\u0131k, \u00e7al\u0131\u015fmalar devam ediyor. Y\u0131k\u0131m i\u015fi i\u00e7in ihale tarihimiz 24 \u015eubat 2022. Yani bu ay\u0131n 24&#8217;\u00fcnde y\u0131k\u0131m i\u00e7in ihalesi yap\u0131lacak. Tahmini olarak da A\u011fustos&#8217;un ikinci yar\u0131s\u0131nda y\u0131k\u0131m i\u015finin bitece\u011fini \u00f6ng\u00f6r\u00fcyoruz. Halk\u0131n kullan\u0131m\u0131na a\u00e7\u0131lacak ve i\u00e7erisinde geni\u015f peyzaj alanlar\u0131n\u0131n bulundu\u011fu restoran, hediyelik e\u015fya, y\u00fczme havuzu; halk\u0131n kullanaca\u011f\u0131; sergi salonlar\u0131 ve \u00e7ok ama\u00e7l\u0131 salon bulunan simgesel \u00f6zellikli bir yap\u0131 olu\u015fturulmas\u0131n\u0131 hedefliyoruz. Bu sebeple 7 Nisan 2022&#8217;de sonu\u00e7lanacak proje yar\u0131\u015fmas\u0131na daha \u00f6nce belediye olarak \u00e7\u0131km\u0131\u015ft\u0131k. \u015eu anda proje yar\u0131\u015fmas\u0131n\u0131n sonu\u00e7lanmas\u0131n\u0131 bekliyoruz. Kazanan proje \u00fczerinde uygulama projesini haz\u0131rlat\u0131p tahmini 2023 sonuna kadar halka a\u00e7\u0131k ve \u00e7ok fonksiyonlu kompleksi Tarsus ve Mersin halk\u0131n\u0131n kullan\u0131m\u0131na a\u00e7mak istiyoruz&#8221; dedi.<br \/>\nBa\u015fkan Se\u00e7er, B\u00fcy\u00fck\u015fehir b\u00fcnyesine kazand\u0131r\u0131lan ara\u00e7lar\u0131 anlatt\u0131<br \/>\nBa\u015fkan Se\u00e7er, k\u0131sa s\u00fcre \u00f6nce MESK\u0130 ile \u0130tfaiye, Mezarl\u0131klar, Engelliler ve Sa\u011fl\u0131k Hizmetleri Daireleri b\u00fcnyesine kazand\u0131rd\u0131klar\u0131 90 yeni arac\u0131n teknik bilgisini payla\u015farak, \u015f\u00f6yle devam etti:<br \/>\n&#8220;20 itfaiye arac\u0131n\u0131 itfaiye te\u015fkilat\u0131m\u0131za kazand\u0131rd\u0131k. Bu hafta sonu itibar\u0131yla b\u00f6lgelerine g\u00f6nderdik, hizmete ald\u0131k. Bu ara\u00e7lar\u0131n \u00f6zellikleri dar sokaklara girebiliyor olmalar\u0131. Daha manevra kabiliyetleri y\u00fcksek ve \u00e7ok fonksiyonel ara\u00e7lar. \u00dc\u00e7 arac\u0131n yapt\u0131\u011f\u0131 i\u015fi bir ba\u015f\u0131na yapabilecek donan\u0131ma sahip, \u00f6nemli ara\u00e7lar. Kazaya m\u00fcdahalelerde ya da g\u00f6\u00e7\u00fcklerde, depremde, g\u00f6\u00e7\u00fck alt\u0131ndaki m\u00fcdahalelerde de \u00e7ok rahat kullan\u0131labilecek, yang\u0131na m\u00fcdahalede bulunabilecek bir\u00e7ok fonksiyonu bir arada bulunduran ara\u00e7lar. Bunun yan\u0131nda yine MESK\u0130 b\u00fcnyesine kamyonet, pikap ve forklift olmak \u00fczere toplam 58 arac\u0131 ara\u00e7 park\u0131m\u0131za kazand\u0131rd\u0131k. Yine cenaze hizmetlerinde kullan\u0131lmak \u00fczere cenaze nakil arac\u0131n\u0131n say\u0131s\u0131n\u0131 40&#8217;tan 50&#8217;ye \u00e7\u0131kartt\u0131k. 10 yeni ara\u00e7 \u00f6nceki g\u00fcn itibari ile hizmete al\u0131nd\u0131. Daha \u00e7ok \u015fehirler aras\u0131 nakillerde bu yeni ara\u00e7lar\u0131 kullanaca\u011f\u0131z. Yine \u015fu anda 8 adet olan hasta nakili i\u00e7in kulland\u0131\u011f\u0131m\u0131z ambulans say\u0131s\u0131n\u0131 da yeni 2 ambulans\u0131m\u0131zla beraber 10&#8217;a \u00e7\u0131karm\u0131\u015f olduk. Toplamda Mersin B\u00fcy\u00fck\u015fehir Belediyesi&#8217;ne ve i\u015ftirakimiz olan MESK\u0130&#8217;ye toplam 90 yeni ara\u00e7 kazand\u0131rm\u0131\u015f olduk. Mersinimize hay\u0131rl\u0131 olsun.&#8221;<br \/>\nBa\u015fkan Se\u00e7er&#8217;den de\u011fi\u015ftirilen su saya\u00e7lar\u0131 a\u00e7\u0131klamas\u0131<br \/>\nBir Meclis \u00fcyesinin de\u011fi\u015ftirilen su saya\u00e7lar\u0131 ile ilgili de\u011ferlendirmeleri \u00fczerine Ba\u015fkan Se\u00e7er, &#8220;Bu \u00e7al\u0131\u015fmalar aylar \u00f6nce ba\u015fl\u0131yor. Bu karar\u0131 biz yeni vermedik do\u011fal olarak. 2021 y\u0131l\u0131n\u0131n ba\u015f\u0131ndan bu yana hatta 2020 y\u0131l\u0131nda ba\u015flatt\u0131\u011f\u0131m\u0131z bir \u00e7al\u0131\u015fma nihayete erdi. \u00c7\u00fcnk\u00fc bunun karar\u0131n\u0131 ald\u0131k, al\u0131m prosed\u00fcrlerini yerine getirdik ve yeni y\u0131l itibariyle de bu saatler eskileri ile de\u011fi\u015ftirilerek yenilenmeye ba\u015flad\u0131lar. Uzaktan okumal\u0131 saya\u00e7lar\u0131m\u0131z\u0131 pilot olarak Mente\u015f&#8217;te ba\u015flatt\u0131k, bunun yan\u0131nda Kuzeykent ve Pirireis. Bu \u00fc\u00e7 noktada sadece Mente\u015f Mahallesi&#8217;nde 3 bin 247 abonenin sayac\u0131 de\u011fi\u015fti. Karar eski al\u0131nm\u0131\u015f bir karar, uygulama yeni olunca \u00f6yle bir d\u00f6neme denk geldi ki her \u015feyin ate\u015f pahas\u0131 oldu\u011fu, herkesin hayat pahal\u0131l\u0131\u011f\u0131ndan \u015fik\u00e2yet etti\u011fi bir d\u00f6neme denk geldi.  Elektrik faturalar\u0131n\u0131n yan\u0131nda bir de su faturalar\u0131na bu ilaveler bence de uygun g\u00f6r\u00fclmedi. Zaten hemen m\u00fcdahale ettim&#8221; dedi.<br \/>\nBelli bir s\u00fcre ge\u00e7tikten sonra yasal olarak saya\u00e7lar\u0131n de\u011fi\u015ftirildi\u011fini ifade eden Ba\u015fkan Se\u00e7er, de\u011fi\u015ftirilen su saya\u00e7lar\u0131n\u0131n teknik detaylar\u0131n\u0131 payla\u015farak, saya\u00e7 \u00fccretlerinin abonelerden taksitler halinde al\u0131naca\u011f\u0131n\u0131 belirtti. Se\u00e7er, \u015funlar\u0131 s\u00f6yledi:<br \/>\n&#8220;Biz zaten bu saya\u00e7lar\u0131 yasal olarak de\u011fi\u015ftiriyoruz. Belli bir s\u00fcre sonra de\u011fi\u015ftiriyoruz. Ar\u0131zal\u0131ysa ya da belli bir ekonomik \u00f6mr\u00fcn\u00fc tamamlam\u0131\u015fsa. Burada da yapt\u0131\u011f\u0131m\u0131z i\u015flem \u015fu; bu sayac\u0131n piyasa fiyat\u0131 605 TL. 605 TL&#8217;ye alm\u0131\u015f\u0131z. Ak\u0131ll\u0131 saya\u00e7. Uzaktan okuyabiliyorsun, suyu kesebiliyorsun, verebiliyorsun, ar\u0131za varsa g\u00f6rebiliyorsun sistemde. 2 y\u0131ldan az s\u00fcreli aboneler i\u00e7in zaten biz bedel alm\u0131yoruz. 2 ile 7 y\u0131ll\u0131k saya\u00e7lar i\u00e7in onun amortisman\u0131n\u0131, ortalama amortisman\u0131n\u0131 d\u00fc\u015f\u00fcyoruz. Hani siz dediniz ya; &#8217;10 y\u0131lda bir de\u011fi\u015ftirebilirsiniz&#8217;. Biz zaten onu hesap ediyoruz. 605 liray\u0131 biz \u00f6d\u00fcyoruz. Sayac\u0131n\u0131z 0-2 y\u0131ll\u0131k ise para vermiyorsunuz. 7 y\u0131ll\u0131\u011fa kadarsa 119.77 TL (KDV dahil) al\u0131yoruz. E\u011fer 7 y\u0131l \u00fczeri ise 239.54 TL (KDV dahil) al\u0131yoruz. Ben de olay\u0131 duyar duymaz takribi dedim ki; maksimum \u00f6deyecek olan 240 lira \u00f6der. 8 aya b\u00f6lerseniz, ayl\u0131k 30 lira da yazarsan\u0131z, 8 ayda bitirirler. Yani bu 10 ay olmu\u015f, 12 ay olmu\u015f, onlar \u00e7ok mesele de\u011fil. Yine arkada\u015flar \u00e7al\u0131\u015f\u0131rlar. Yani 7 y\u0131l\u0131 ge\u00e7memi\u015fse 119 lira, yani \u00e7ok d\u00fc\u015f\u00fck bedel. Duyar duymaz ben de rahats\u0131z oldum ama benim bu karar\u0131 verme s\u00fcrem 12 ay \u00f6nce. 12 ay \u00f6nce ben Ocak 2022&#8217;nin ba\u015f\u0131nda bu kadar her \u015feyin el yakaca\u011f\u0131n\u0131 tahmin edemezdim. Siz de takdir edersiniz. Durum bundan ibarettir. \u00dczerinde yine bakal\u0131m. Yani sistem olarak. Bunun \u015fu anda da de\u011fi\u015ftirme i\u015flemini durdurduk. \u00c7\u00fcnk\u00fc sistemde de\u011fi\u015fiklik yapaca\u011f\u0131z. Dijital ortamdan takip ediliyor. Program\u0131 de\u011fi\u015ftirmemiz laz\u0131m. Biz tabi ki vatanda\u015f\u0131m\u0131z\u0131n \u00fczerine bir y\u00fck gelmesin diye arzu ediyoruz. Onun i\u00e7in de zaten bedelini biz \u00f6d\u00fcyoruz.&#8221;<br \/>\nBa\u015fkan Se\u00e7er, 20 bin sayac\u0131n de\u011fi\u015fece\u011fini belirterek, &#8220;20 bin saat de\u011fi\u015fecek, bu bir teknolojik ad\u0131md\u0131r. Bir \u00e7\u0131ta y\u00fckseltmesidir. Onun bedelini kurum \u00f6d\u00fcyor. Bunu biz t\u00fcketiciye yans\u0131tm\u0131yoruz. Mekanik saat \u00fccreti \u00fczerinden. Yani normal, zorunlu, de\u011fi\u015ftirecek adam. Onun \u00fczerinden sadece siz bana onu \u00f6de diyoruz, biz o mekani\u011fi alaca\u011f\u0131z, \u00fcst\u00fcn\u00fc biz tamaml\u0131yoruz. Ama daha teknolojik, uzaktan okumal\u0131 saat tak\u0131yoruz&#8221; dedi.<\/p>\n","protected":false},"excerpt":{"rendered":"<p>Mersin B\u00fcy\u00fck\u015fehir Belediye Meclisi&#8217;nin 2022 y\u0131l\u0131 \u015eubat ay\u0131 2. Birle\u015fim Toplant\u0131s\u0131, B\u00fcy\u00fck\u015fehir Belediye Ba\u015fkan\u0131 Vahap Se\u00e7er ba\u015fkanl\u0131\u011f\u0131nda ger\u00e7ekle\u015ftirildi. MESK\u0130 ile \u0130tfaiye, Mezarl\u0131klar, Engelliler ve Sa\u011fl\u0131k Hizmetleri Daireleri&#8217;nin b\u00fcnyesine kazand\u0131rd\u0131klar\u0131 90 &hellip; <a href=\"https:\/\/akdenizolaygazetesi.com\/?p=16662\" class=\"more-link\">Devam\u0131n\u0131 Oku&#8230;<\/a><\/p>\n","protected":false},"author":2,"featured_media":16663,"comment_status":"open","ping_status":"open","sticky":false,"template":"","format":"standard","meta":[],"categories":[8,34,1,3,11],"tags":[],"_links":{"self":[{"href":"https:\/\/akdenizolaygazetesi.com\/index.php?rest_route=\/wp\/v2\/posts\/16662"}],"collection":[{"href":"https:\/\/akdenizolaygazetesi.com\/index.php?rest_route=\/wp\/v2\/posts"}],"about":[{"href":"https:\/\/akdenizolaygazetesi.com\/index.php?rest_route=\/wp\/v2\/types\/post"}],"author":[{"embeddable":true,"href":"https:\/\/akdenizolaygazetesi.com\/index.php?rest_route=\/wp\/v2\/users\/2"}],"replies":[{"embeddable":true,"href":"https:\/\/akdenizolaygazetesi.com\/index.php?rest_route=%2Fwp%2Fv2%2Fcomments&post=16662"}],"version-history":[{"count":1,"href":"https:\/\/akdenizolaygazetesi.com\/index.php?rest_route=\/wp\/v2\/posts\/16662\/revisions"}],"predecessor-version":[{"id":16664,"href":"https:\/\/akdenizolaygazetesi.com\/index.php?rest_route=\/wp\/v2\/posts\/16662\/revisions\/16664"}],"wp:featuredmedia":[{"embeddable":true,"href":"https:\/\/akdenizolaygazetesi.com\/index.php?rest_route=\/wp\/v2\/media\/16663"}],"wp:attachment":[{"href":"https:\/\/akdenizolaygazetesi.com\/index.php?rest_route=%2Fwp%2Fv2%2Fmedia&parent=16662"}],"wp:term":[{"taxonomy":"category","embeddable":true,"href":"https:\/\/akdenizolaygazetesi.com\/index.php?rest_route=%2Fwp%2Fv2%2Fcategories&post=16662"},{"taxonomy":"post_tag","embeddable":true,"href":"https:\/\/akdenizolaygazetesi.com\/index.php?rest_route=%2Fwp%2Fv2%2Ftags&post=16662"}],"curies":[{"name":"wp","href":"https:\/\/api.w.org\/{rel}","templated":true}]}}