{"id":1667,"date":"2020-11-04T18:22:13","date_gmt":"2020-11-04T15:22:13","guid":{"rendered":"http:\/\/mersinekonomipolitikagazetesi.com\/?p=1667"},"modified":"2020-11-04T18:22:13","modified_gmt":"2020-11-04T15:22:13","slug":"bozyazidaki-sehitler-belgeselinde-duygulu-anlar-yasandi","status":"publish","type":"post","link":"https:\/\/akdenizolaygazetesi.com\/?p=1667","title":{"rendered":"Bozyaz\u0131&#8217;daki &#8216;\u015fehitler&#8217; belgeselinde duygulu anlar ya\u015fand\u0131"},"content":{"rendered":"<p>Bozyaz\u0131 Belediyesi taraf\u0131ndan haz\u0131rlanan &#8216;Bozyaz\u0131 \u015eehitleri&#8217; belgesel filiminin galas\u0131nda duygu dolu anlar ya\u015fand\u0131. G\u00f6sterim s\u0131ras\u0131nda \u015fehit anneleri, yak\u0131nlar\u0131 ve izleyiciler g\u00f6zya\u015flar\u0131na hakim olamad\u0131.<\/p>\n<p><span style=\"font-size:16px;\"><span style=\"font-family: sans-serif; line-height: 20px; text-align: justify; background-color: rgb(242, 244, 245);\">Bozyaz\u0131l\u0131 8 \u015fehidi anmak, hat\u0131ralar\u0131n\u0131 gelecek nesillerde ya\u015fatmak amac\u0131yla Bozyaz\u0131 Belediyesi taraf\u0131ndan bir film \u015firketine yapt\u0131r\u0131lan &#8216;Bozyaz\u0131l\u0131 \u015eehitler Belgeseli&#8217;nin gala g\u00f6sterimi bir otelin salonunda ger\u00e7ekle\u015ftirildi.\u00a0<\/span><br style=\"box-sizing: border-box; font-family: sans-serif; font-size: 14px; line-height: 20px; text-align: justify; background-color: rgb(242, 244, 245);\" \/><br \/>\n<span style=\"font-family: sans-serif; line-height: 20px; text-align: justify; background-color: rgb(242, 244, 245);\">&#8220;Vatan\u0131m\u0131z\u0131 hepimiz seviyoruz, ama en \u00e7ok \u015fehit ve gaziler seviyor&#8221;\u00a0<\/span><br style=\"box-sizing: border-box; font-family: sans-serif; font-size: 14px; line-height: 20px; text-align: justify; background-color: rgb(242, 244, 245);\" \/><br \/>\n<span style=\"font-family: sans-serif; line-height: 20px; text-align: justify; background-color: rgb(242, 244, 245);\">Etkinlikte konu\u015fan Bozyaz\u0131 Belediye Ba\u015fkan\u0131 Mehmet Ball\u0131, \u015fehitlerin unutulmamas\u0131 ve gelecek nesillere aktar\u0131lmas\u0131 i\u00e7in bu belgesel filmini haz\u0131rlad\u0131klar\u0131n\u0131 s\u00f6yledi. Ball\u0131, \u201cBu memleketi hepimiz seviyoruz. Kimimiz s\u00f6zde severiz, kimimiz \u00f6zde severiz. Ama \u015furas\u0131 muhakkak ki, bu memleketi en \u00e7ok seven, bu vatan\u0131n b\u00f6l\u00fcnmemesi i\u00e7in, bu milletin bir olmas\u0131 i\u00e7in en \u00e7ok fedakarl\u0131kta bulunan ki\u015fidir. O da ba\u015fta \u015fehitlerimiz, sonra gazilerimizdir. Elbette ya\u015fayarak hizmet edenlerin hizmetlerini de k\u00fc\u00e7\u00fcmsemiyorum. Ama en b\u00fcy\u00fck varl\u0131\u011f\u0131m\u0131z can\u0131m\u0131zd\u0131r. \u0130\u015fte \u015fehitlerimiz onu vermi\u015flerdir&#8221; dedi.\u00a0<\/span><br style=\"box-sizing: border-box; font-family: sans-serif; font-size: 14px; line-height: 20px; text-align: justify; background-color: rgb(242, 244, 245);\" \/><br \/>\n<span style=\"font-family: sans-serif; line-height: 20px; text-align: justify; background-color: rgb(242, 244, 245);\">&#8220;\u015eehitler unutulduklar\u0131 zaman \u00f6l\u00fcr&#8221;\u00a0<\/span><br style=\"box-sizing: border-box; font-family: sans-serif; font-size: 14px; line-height: 20px; text-align: justify; background-color: rgb(242, 244, 245);\" \/><br \/>\n<span style=\"font-family: sans-serif; line-height: 20px; text-align: justify; background-color: rgb(242, 244, 245);\">S\u00f6zlerini, &#8220;\u015eehitler as\u0131l unutulduklar\u0131 zaman \u00f6l\u00fcrler&#8217; diyerek s\u00fcrd\u00fcren Ball\u0131, &#8220;K\u00f6klerimizi unutursak yar\u0131nlar\u0131 g\u00f6remeyiz. Hep ileri bakmak zorunday\u0131z. Ama d\u00fcn\u00fc de unutmayaca\u011f\u0131z. Hainleri unutmayaca\u011f\u0131z. Bizi yok etmek isteyenleri unutmayaca\u011f\u0131z. T\u00fcrk milleti olarak daha fazla sanc\u0131 \u00e7ekmekle kar\u015f\u0131 kar\u015f\u0131yay\u0131z. Niye \u015fanl\u0131 bir mazimiz var. Avrupa unutam\u0131yor Viyana kap\u0131lar\u0131n\u0131, Kosova\u2019y\u0131 unutam\u0131yor, \u0130stanbul\u2019un al\u0131n\u0131\u015f\u0131n\u0131 unutam\u0131yor. Dolay\u0131s\u0131yla biz T\u00fcrk milleti olarak zaten tarihten sicilliyiz onlar\u0131n g\u00f6z\u00fcnde. D\u00fcnyan\u0131n cennet vatan\u0131nda ya\u015faman\u0131n bir bedeli var. Bu bedel \u015fehitlerimizle \u00f6deniyor. \u015eehitlerimizin geride kalan g\u00f6z\u00fc ya\u015fl\u0131 analar\u0131, e\u015fleri, yetim yavrular\u0131 bizim \u00e7ocuklar\u0131m\u0131z, e\u015flerimiz, anam\u0131z g\u00fcls\u00fcn diye a\u011fl\u0131yor. Bunu hi\u00e7bir zaman unutmamal\u0131y\u0131z\u201d diye konu\u015ftu.\u00a0<\/span><br style=\"box-sizing: border-box; font-family: sans-serif; font-size: 14px; line-height: 20px; text-align: justify; background-color: rgb(242, 244, 245);\" \/><br \/>\n<span style=\"font-family: sans-serif; line-height: 20px; text-align: justify; background-color: rgb(242, 244, 245);\">Ta\u015fdan: &#8220;\u015eehit yak\u0131nlar\u0131 ve gazilerimiz ba\u015f\u0131m\u0131z\u0131n tac\u0131d\u0131r&#8221;\u00a0<\/span><br style=\"box-sizing: border-box; font-family: sans-serif; font-size: 14px; line-height: 20px; text-align: justify; background-color: rgb(242, 244, 245);\" \/><br \/>\n<span style=\"font-family: sans-serif; line-height: 20px; text-align: justify; background-color: rgb(242, 244, 245);\">Kaymakam Hayat\u0131 Ta\u015fdan ise belediyenin yapm\u0131\u015f oldu\u011fu k\u0131ymetli bir \u00e7al\u0131\u015fman\u0131n ortaya \u00e7\u0131kmas\u0131n\u0131n heyecan\u0131n\u0131 ya\u015fad\u0131klar\u0131n\u0131 ifade ederek, &#8220;\u015eehitler ger\u00e7ekten unutulmaz. Ama onlar\u0131n da hat\u0131ralar\u0131n\u0131n yak\u0131nlar\u0131n\u0131n bir belgesel ile filime konu edilmesine, bir sonraki nesillere g\u00f6r\u00fcnt\u00fcl\u00fc aktar\u0131lmas\u0131na ve ar\u015fivlerde bulunmas\u0131 a\u00e7\u0131s\u0131ndan, ya\u015fanan duygunun her zaman canl\u0131 tutulmas\u0131 a\u00e7\u0131s\u0131ndan son derece k\u0131ymetli bir i\u015f ortaya koyulmu\u015f. G\u00f6n\u00fclden kutluyorum. Burada beraber ya\u015fad\u0131\u011f\u0131m\u0131z \u015fehit yak\u0131nlar\u0131m\u0131z, gazilerimiz var. Onlar bizlerin ba\u015f tac\u0131, \u015fehitlerimizin bizlere emanetidir. Gazilerimiz zaten ba\u015f\u0131m\u0131z\u0131n tac\u0131. Devletimiz \u015fehit yak\u0131nlar\u0131na, gazilerimize m\u00fcmk\u00fcn oldu\u011funca sahip \u00e7\u0131kamaya, onlar\u0131 ma\u011fdur etmemeye, ihtiya\u00e7lar\u0131n\u0131 kar\u015f\u0131lamaya gayret ediyor. Bizlerde insan olarak, millet olarak onlar\u0131 her zaman ba\u015f tac\u0131 ediyoruz ve etmeliyiz&#8221; ifadelerini kulland\u0131.\u00a0<\/span><br style=\"box-sizing: border-box; font-family: sans-serif; font-size: 14px; line-height: 20px; text-align: justify; background-color: rgb(242, 244, 245);\" \/><br \/>\n<span style=\"font-family: sans-serif; line-height: 20px; text-align: justify; background-color: rgb(242, 244, 245);\">Yakla\u015f\u0131k 2 ayd\u0131r T\u00fcrk askerinin s\u0131n\u0131r d\u0131\u015f\u0131nda ter\u00f6r \u00f6rg\u00fctlerine kar\u015f\u0131 kahramanca m\u00fccadele verdiklerini hat\u0131rlatan Ta\u015fdan, &#8220;Biz yakla\u015f\u0131k 40 y\u0131ld\u0131r herhangi bir g\u00fcn\u00fc ter\u00f6rs\u00fcz ge\u00e7en bir \u00fclke de\u011filiz. Bu operasyonlar, m\u00fccadeleler \u00f6n\u00fcm\u00fczdeki bir 40 y\u0131l\u0131n daha ter\u00f6rle ge\u00e7memesi i\u00e7in yap\u0131l\u0131yor. Ger\u00e7ekten orada fiili bir durum olu\u015fturarak, bir devlet yap\u0131lanmas\u0131 olu\u015fturarak aleyhimize \u00e7al\u0131\u015facak bir yap\u0131lanma olu\u015fturarak bir sonraki neslimizin de her g\u00fcn ter\u00f6rle muhatap olmas\u0131n\u0131 istemiyorsak, devletimizin bu yapt\u0131\u011f\u0131n\u0131, g\u00fcvenlik g\u00fc\u00e7lerinin yapt\u0131\u011f\u0131 bu m\u00fccadeleyi hepimizin anlam\u0131\u015f olmas\u0131 laz\u0131m. Bizler zaten anl\u0131yoruz ondan \u015f\u00fcphe yok. Ancak bu vatan \u00fczerinde ya\u015fad\u0131\u011f\u0131 halde anlamayan \u00e7evreler olabilir. Onlar\u0131nda anlamas\u0131n\u0131 temenni ediyoruz. Uluslararas\u0131 geli\u015fmeler art\u0131k bizim g\u00fcnl\u00fck hayat\u0131m\u0131z\u0131n bir par\u00e7as\u0131 oldu. Suriye\u2019deki \u00e7ok uluslu g\u00fc\u00e7lerin oradan \u00e7ekilece\u011fini duyurmas\u0131n\u0131n sebebi nedir acaba. Biz yakla\u015f\u0131k 2 ayd\u0131r b\u00fct\u00fcn g\u00fcc\u00fcm\u00fczle, enerjimizle oraday\u0131z ve bunun sonucudur. Yakla\u015f\u0131k 5 milyon Suriyeliyi ensar zihniyeti ile misafir etti\u011fimiz \u015fu son 5 y\u0131lda onlara kap\u0131lar\u0131m\u0131z\u0131 g\u00f6n\u00fcllerimizi a\u00e7t\u0131k. Ama g\u00f6n\u00fcl ister ki, herkes kendi vatan\u0131n da ba\u011f\u0131ms\u0131z h\u00fcr ve \u00f6zg\u00fcrce ya\u015fas\u0131n&#8221; \u015feklinde konu\u015ftu.\u00a0<\/span><br style=\"box-sizing: border-box; font-family: sans-serif; font-size: 14px; line-height: 20px; text-align: justify; background-color: rgb(242, 244, 245);\" \/><br \/>\n<span style=\"font-family: sans-serif; line-height: 20px; text-align: justify; background-color: rgb(242, 244, 245);\">&#8220;\u00d6dedi\u011fimiz bedel T\u00fcrkiye Cumhuriyeti Devleti&#8217;nin var olabilmesi i\u00e7indir&#8221;\u00a0<\/span><br style=\"box-sizing: border-box; font-family: sans-serif; font-size: 14px; line-height: 20px; text-align: justify; background-color: rgb(242, 244, 245);\" \/><br \/>\n<span style=\"font-family: sans-serif; line-height: 20px; text-align: justify; background-color: rgb(242, 244, 245);\">\u015eehit yak\u0131nlar\u0131 ad\u0131na konu\u015fan \u015fehit e\u015fi Y\u0131ld\u0131z Namdar, Bozyaz\u0131 Belediyesi&#8217;nin \u015fehitlerini unutturmamak, onlar\u0131 ya\u015fatmak ad\u0131na \u00f6nemli bir \u00e7al\u0131\u015fma yapt\u0131\u011f\u0131n\u0131 belirterek, eme\u011fi ge\u00e7enlere te\u015fekk\u00fcr etti. Namdar, \u201cBug\u00fcn hem h\u00fczn\u00fc hem de mutlulu\u011fu bir arada ya\u015f\u0131yoruz. H\u00fcz\u00fcnl\u00fcy\u00fcz can\u0131m\u0131zdan can gitti, kan\u0131m\u0131zdan kan gitti. Annelerin \u00f6p\u00fcp koklayamaya k\u0131yamad\u0131\u011f\u0131 evlatlar\u0131 haince, kalle\u015f\u00e7e, ac\u0131mas\u0131zca onlardan kopart\u0131ld\u0131. E\u015flerinin evlerinin direkleri, evlatlar\u0131n\u0131n babalar\u0131 gitti. Evler \u00fczerlerine y\u0131k\u0131ld\u0131. \u00c7ocuklar baba kelimesini kullanamadan, babas\u0131n\u0131n s\u0131cakl\u0131\u011f\u0131n\u0131 tadamadan, kokusunu duyamadan boynu b\u00fck\u00fck kald\u0131. Ve bizler sevdiklerimizin kokusunu so\u011fuk mezar ta\u015flar\u0131na sar\u0131larak gidermeye \u00e7al\u0131\u015ft\u0131k. Yokluklar\u0131 da\u011f oldu, yokluklar\u0131 i\u00e7imizi ac\u0131tt\u0131. Ama bug\u00fcn mutluyuz. Mutluyuz ki, bizlerin \u00f6dedi\u011fi bedeller T\u00fcrkiye Cumhuriyeti Devleti&#8217;nin var olabilmesi i\u00e7indir. Bizim \u00f6dedi\u011fimiz bedeller T\u00fcrk bayra\u011f\u0131n\u0131n onurla dalgalanmas\u0131\u00a0<\/span><br style=\"box-sizing: border-box; font-family: sans-serif; font-size: 14px; line-height: 20px; text-align: justify; background-color: rgb(242, 244, 245);\" \/><br \/>\n<span style=\"font-family: sans-serif; line-height: 20px; text-align: justify; background-color: rgb(242, 244, 245);\">i\u00e7indi. Bizim \u00f6dedi\u011fimiz bedeller ezan\u0131n susmamas\u0131 i\u00e7indi. \u00c7ok \u015f\u00fck\u00fcr bug\u00fcn \u015fahit oluyoruz ki, T\u00fcrk milleti bir b\u00fct\u00fcn olmu\u015f, T\u00fcrk milleti u\u011fruna canlar\u0131n\u0131 feda etti\u011fi de\u011ferlere sahip \u00e7\u0131k\u0131yor&#8221; dedi.\u00a0<\/span><br style=\"box-sizing: border-box; font-family: sans-serif; font-size: 14px; line-height: 20px; text-align: justify; background-color: rgb(242, 244, 245);\" \/><br \/>\n<span style=\"font-family: sans-serif; line-height: 20px; text-align: justify; background-color: rgb(242, 244, 245);\">Yap\u0131lan konu\u015fmalar\u0131n ard\u0131ndan \u015fehit yak\u0131nlar\u0131na Kaymakam Ta\u015fdan ve Belediye Ba\u015fkan\u0131 Ball\u0131 taraf\u0131ndan filimin kopyas\u0131 ile T\u00fcrk bayra\u011f\u0131 verildi. Ard\u0131ndan filimin g\u00f6sterimi yap\u0131ld\u0131. G\u00f6sterim s\u0131ras\u0131nda \u015fehit yak\u0131nlar\u0131 g\u00f6z ya\u015flar\u0131n\u0131 tutamayarak uzun s\u00fcre a\u011flad\u0131. Film sonras\u0131 verilen resepsiyonla \u015fehit yak\u0131nlar\u0131, gaziler ve kat\u0131l\u0131mc\u0131lara \u00e7e\u015fitli ikramlarda bulunuldu.\u00a0<\/span><\/span><\/p>\n","protected":false},"excerpt":{"rendered":"<p>Bozyaz\u0131 Belediyesi taraf\u0131ndan haz\u0131rlanan &#8216;Bozyaz\u0131 \u015eehitleri&#8217; belgesel filiminin galas\u0131nda duygu dolu anlar ya\u015fand\u0131. G\u00f6sterim s\u0131ras\u0131nda \u015fehit anneleri, yak\u0131nlar\u0131 ve izleyiciler g\u00f6zya\u015flar\u0131na hakim olamad\u0131. Bozyaz\u0131l\u0131 8 \u015fehidi anmak, hat\u0131ralar\u0131n\u0131 gelecek nesillerde &hellip; <a href=\"https:\/\/akdenizolaygazetesi.com\/?p=1667\" class=\"more-link\">Devam\u0131n\u0131 Oku&#8230;<\/a><\/p>\n","protected":false},"author":1,"featured_media":0,"comment_status":"open","ping_status":"open","sticky":false,"template":"","format":"standard","meta":[],"categories":[],"tags":[],"_links":{"self":[{"href":"https:\/\/akdenizolaygazetesi.com\/index.php?rest_route=\/wp\/v2\/posts\/1667"}],"collection":[{"href":"https:\/\/akdenizolaygazetesi.com\/index.php?rest_route=\/wp\/v2\/posts"}],"about":[{"href":"https:\/\/akdenizolaygazetesi.com\/index.php?rest_route=\/wp\/v2\/types\/post"}],"author":[{"embeddable":true,"href":"https:\/\/akdenizolaygazetesi.com\/index.php?rest_route=\/wp\/v2\/users\/1"}],"replies":[{"embeddable":true,"href":"https:\/\/akdenizolaygazetesi.com\/index.php?rest_route=%2Fwp%2Fv2%2Fcomments&post=1667"}],"version-history":[{"count":0,"href":"https:\/\/akdenizolaygazetesi.com\/index.php?rest_route=\/wp\/v2\/posts\/1667\/revisions"}],"wp:attachment":[{"href":"https:\/\/akdenizolaygazetesi.com\/index.php?rest_route=%2Fwp%2Fv2%2Fmedia&parent=1667"}],"wp:term":[{"taxonomy":"category","embeddable":true,"href":"https:\/\/akdenizolaygazetesi.com\/index.php?rest_route=%2Fwp%2Fv2%2Fcategories&post=1667"},{"taxonomy":"post_tag","embeddable":true,"href":"https:\/\/akdenizolaygazetesi.com\/index.php?rest_route=%2Fwp%2Fv2%2Ftags&post=1667"}],"curies":[{"name":"wp","href":"https:\/\/api.w.org\/{rel}","templated":true}]}}