{"id":16678,"date":"2022-02-15T10:23:56","date_gmt":"2022-02-15T07:23:56","guid":{"rendered":"http:\/\/akdenizolaygazetesi.com\/?p=16678"},"modified":"2022-02-15T10:23:56","modified_gmt":"2022-02-15T07:23:56","slug":"buyuksehir-camliyaylada-asiri-yagis-nedeniyle-olusan-olumsuzluklari-bir-bir-ortadan-kaldiriyor","status":"publish","type":"post","link":"https:\/\/akdenizolaygazetesi.com\/?p=16678","title":{"rendered":"B\u00dcY\u00dcK\u015eEH\u0130R, \u00c7AMLIYAYLA&#8217;DA A\u015eIRI YA\u011eI\u015e NEDEN\u0130YLE OLU\u015eAN OLUMSUZLUKLARI B\u0130R B\u0130R ORTADAN KALDIRIYOR"},"content":{"rendered":"<p>Mersin B\u00fcy\u00fck\u015fehir Belediyesi, son d\u00f6nemde b\u00f6lge genelinde etkili olan sa\u011fanak ve a\u015f\u0131r\u0131 kar ya\u011f\u0131\u015f\u0131n\u0131n yaratt\u0131\u011f\u0131 olumsuzluklar\u0131 bir bir ortadan kald\u0131r\u0131yor.<br \/>\nKar ya\u011f\u0131\u015f\u0131n\u0131n yo\u011fun ya\u015fand\u0131\u011f\u0131 il\u00e7elerden biri olan \u00c7aml\u0131yayla&#8217;da, 7\/24 hizmet veren ekipleriyle t\u00fcm yollarda kar k\u00fcreme ve tuzlama faaliyetini eksiksiz bir \u015fekilde yerine getiren Mersin B\u00fcy\u00fck\u015fehir Belediyesi, heyelan ve a\u015f\u0131r\u0131 ya\u011f\u0131\u015f nedeniyle olu\u015fan a\u015f\u0131nmalar\u0131n s\u0131k\u0131nt\u0131 yaratmamas\u0131 i\u00e7in \u00e7al\u0131\u015fmalar y\u00fcr\u00fct\u00fcyor.<br \/>\nA\u015f\u0131r\u0131 ya\u011f\u0131\u015f ve karlar\u0131n erimesi a\u015f\u0131nmaya neden oldu<br \/>\n\u00c7aml\u0131yayla&#8217;n\u0131n K\u00f6rmenlik ile Kisecik Mahalleri aras\u0131nda yer alan ve \u00f6zellikle yaz aylar\u0131nda s\u0131kl\u0131kla kullan\u0131lan Cehennemderesi Kisecik Kanyonu \u00fczerindeki k\u00f6pr\u00fc ayaklar\u0131nda a\u015f\u0131r\u0131 ya\u011f\u0131\u015f ve karlar\u0131n erimesi sonucunda y\u00fckselen su debisi nedeniyle a\u015f\u0131nma olu\u015ftu.<br \/>\nBunun \u00fczerine harekete ge\u00e7en Mersin B\u00fcy\u00fck\u015fehir Belediyesi ekipleri, 2 ekskavat\u00f6r i\u015f makinas\u0131n\u0131n kullan\u0131ld\u0131\u011f\u0131 \u00e7al\u0131\u015fma kapsam\u0131nda kamyonlarla ta\u015f\u0131nan kayalar\u0131, k\u00f6pr\u00fc ayaklar\u0131na d\u00f6\u015feyerek ta\u015f duvar yapt\u0131 ve a\u015f\u0131nman\u0131n \u00f6n\u00fcne ge\u00e7ti. Ekipler, \u00c7aml\u0131yayla genelinde yine a\u015f\u0131r\u0131 ya\u011f\u0131\u015f nedeniyle bir\u00e7ok noktada olu\u015fan heyelan ve a\u015f\u0131nmalar y\u00fcz\u00fcnden ula\u015f\u0131m\u0131n aksamamas\u0131 i\u00e7in de \u00e7al\u0131\u015fmalar y\u00fcr\u00fctt\u00fc.<\/p>\n","protected":false},"excerpt":{"rendered":"<p>Mersin B\u00fcy\u00fck\u015fehir Belediyesi, son d\u00f6nemde b\u00f6lge genelinde etkili olan sa\u011fanak ve a\u015f\u0131r\u0131 kar ya\u011f\u0131\u015f\u0131n\u0131n yaratt\u0131\u011f\u0131 olumsuzluklar\u0131 bir bir ortadan kald\u0131r\u0131yor. Kar ya\u011f\u0131\u015f\u0131n\u0131n yo\u011fun ya\u015fand\u0131\u011f\u0131 il\u00e7elerden biri olan \u00c7aml\u0131yayla&#8217;da, 7\/24 hizmet &hellip; <a href=\"https:\/\/akdenizolaygazetesi.com\/?p=16678\" class=\"more-link\">Devam\u0131n\u0131 Oku&#8230;<\/a><\/p>\n","protected":false},"author":2,"featured_media":16679,"comment_status":"open","ping_status":"open","sticky":false,"template":"","format":"standard","meta":[],"categories":[1,3],"tags":[],"_links":{"self":[{"href":"https:\/\/akdenizolaygazetesi.com\/index.php?rest_route=\/wp\/v2\/posts\/16678"}],"collection":[{"href":"https:\/\/akdenizolaygazetesi.com\/index.php?rest_route=\/wp\/v2\/posts"}],"about":[{"href":"https:\/\/akdenizolaygazetesi.com\/index.php?rest_route=\/wp\/v2\/types\/post"}],"author":[{"embeddable":true,"href":"https:\/\/akdenizolaygazetesi.com\/index.php?rest_route=\/wp\/v2\/users\/2"}],"replies":[{"embeddable":true,"href":"https:\/\/akdenizolaygazetesi.com\/index.php?rest_route=%2Fwp%2Fv2%2Fcomments&post=16678"}],"version-history":[{"count":1,"href":"https:\/\/akdenizolaygazetesi.com\/index.php?rest_route=\/wp\/v2\/posts\/16678\/revisions"}],"predecessor-version":[{"id":16680,"href":"https:\/\/akdenizolaygazetesi.com\/index.php?rest_route=\/wp\/v2\/posts\/16678\/revisions\/16680"}],"wp:featuredmedia":[{"embeddable":true,"href":"https:\/\/akdenizolaygazetesi.com\/index.php?rest_route=\/wp\/v2\/media\/16679"}],"wp:attachment":[{"href":"https:\/\/akdenizolaygazetesi.com\/index.php?rest_route=%2Fwp%2Fv2%2Fmedia&parent=16678"}],"wp:term":[{"taxonomy":"category","embeddable":true,"href":"https:\/\/akdenizolaygazetesi.com\/index.php?rest_route=%2Fwp%2Fv2%2Fcategories&post=16678"},{"taxonomy":"post_tag","embeddable":true,"href":"https:\/\/akdenizolaygazetesi.com\/index.php?rest_route=%2Fwp%2Fv2%2Ftags&post=16678"}],"curies":[{"name":"wp","href":"https:\/\/api.w.org\/{rel}","templated":true}]}}