{"id":1668,"date":"2020-11-04T18:22:13","date_gmt":"2020-11-04T15:22:13","guid":{"rendered":"http:\/\/mersinekonomipolitikagazetesi.com\/?p=1668"},"modified":"2020-11-04T18:22:13","modified_gmt":"2020-11-04T15:22:13","slug":"nufus-mudurluklerinde-ehliyet-ve-pasaport-yogunlugu-yasaniyor","status":"publish","type":"post","link":"https:\/\/akdenizolaygazetesi.com\/?p=1668","title":{"rendered":"N\u00fcfus m\u00fcd\u00fcrl\u00fcklerinde ehliyet ve pasaport yo\u011funlu\u011fu ya\u015fan\u0131yor"},"content":{"rendered":"<p>Bug\u00fcn itibar\u0131yla \u00e7ipli kimlik kartlar\u0131n\u0131n yan\u0131 s\u0131ra ehliyet ve pasaportlar\u0131n da N\u00fcfus ve Vatanda\u015fl\u0131k \u0130\u015fleri Genel M\u00fcd\u00fcrl\u00fc\u011f\u00fc&#8217;ne devredilmesinden dolay\u0131, n\u00fcfus m\u00fcd\u00fcrl\u00fcklerinde yo\u011funluk ya\u015fan\u0131yor. E-N\u00fcfus Sendikas\u0131 Genel Ba\u015fkan\u0131 Ali Kart, &#8220;\u0130lk g\u00fcnler olmas\u0131ndan dolay\u0131 yo\u011funluk ya\u015fan\u0131yor. Bu sistemin ilk g\u00fcnlerinde aksakl\u0131klar ya\u015fanmas\u0131 normal. \u00d6zellikle ge\u00e7i\u015f d\u00f6neminden ve alt yap\u0131ndan kaynaklanan baz\u0131 s\u0131k\u0131nt\u0131lar var&#8221; dedi.<\/p>\n<p><span style=\"font-size:16px;\"><span style=\"font-family: sans-serif; line-height: 20px; text-align: justify; background-color: rgb(242, 244, 245);\">Bug\u00fcn itibar\u0131yla T\u00fcrkiye genelinde ge\u00e7ilen sistemle art\u0131k ehliyet ve pasaport i\u015flemleri de n\u00fcfus m\u00fcd\u00fcrl\u00fcklerinde yap\u0131lmaya ba\u015fland\u0131. \u0130lk g\u00fcn olmas\u0131ndan dolay\u0131 t\u00fcm T\u00fcrkiye oldu\u011fu gibi Mersin&#8217;de de n\u00fcfus m\u00fcd\u00fcrl\u00fcklerinde yo\u011funluk ya\u015fan\u0131rken, \u00f6zellikle baz\u0131 vatanda\u015flar yapacaklar\u0131 i\u015flemlerin har\u00e7 paralar\u0131n\u0131 bankalara yat\u0131rmadan gelmesinde dolay\u0131 i\u015flem yapamadan geri d\u00f6nd\u00fc.\u00a0<\/span><br style=\"box-sizing: border-box; font-family: sans-serif; font-size: 14px; line-height: 20px; text-align: justify; background-color: rgb(242, 244, 245);\" \/><br \/>\n<span style=\"font-family: sans-serif; line-height: 20px; text-align: justify; background-color: rgb(242, 244, 245);\">Merkezi Mersin&#8217;de bulunan E-N\u00fcfus Sendikas\u0131 Genel Ba\u015fkan Ali Kart, yeni sistemle ilgili \u0130hlas Haber Ajans\u0131 (\u0130HA) muhabirine a\u00e7\u0131klamalarda bulundu. Kart, bug\u00fcn itibariyle ehliyet ve pasaport i\u015flemlerini de n\u00fcfus m\u00fcd\u00fcrl\u00fcklerinin yapmaya ba\u015flad\u0131\u011f\u0131n\u0131 s\u00f6yledi. \u0130lk g\u00fcnler olmas\u0131ndan dolay\u0131 yo\u011funluk ya\u015fand\u0131\u011f\u0131n\u0131 vurgulayan Kart, \u201cT\u00fcrkiye genelinde ge\u00e7ilen bu sistemin ilk g\u00fcnlerinde aksakl\u0131klar ya\u015fanmas\u0131 normaldir. Vatanda\u015flar\u0131m\u0131zdan iste\u011fimiz \u00f6ncelikle randevu olarak n\u00fcfus m\u00fcd\u00fcrl\u00fcklerine gelirlerse hem bizim i\u015flem yapmam\u0131z\u0131 kolayla\u015ft\u0131racakt\u0131r hemde kendilerinin s\u0131ra bekleme durumunu en aza indireceklerdir. Vatanda\u015flardan bir di\u011fer istedi\u011fimiz \u00f6ncelikle bankalara giderek yap\u0131lacak i\u015flemin \u00fccretini yat\u0131rmas\u0131, makbuzu almas\u0131 ve daha sonra n\u00fcfus m\u00fcd\u00fcrl\u00fcklerine gelmesini istiyoruz. Bu ge\u00e7i\u015f s\u00fcrecinde vatanda\u015flar\u0131m\u0131zdan anlay\u0131\u015f bekliyoruz. Buradan \u0130\u00e7i\u015fleri Bakan\u0131m\u0131za da bir \u00e7a\u011fr\u0131 yapmak istiyoruz. Bu kadar i\u015f y\u00fck\u00fcn\u00fcn oldu\u011fu ve \u00f6nemli bir kurum olan n\u00fcfus m\u00fcd\u00fcrl\u00fcklerimizdeki personel ve di\u011fer eksikliklerinin biraz giderilmesini bekliyoruz. Bakan\u0131m\u0131zdan istirham\u0131m\u0131z bu kadar \u00f6nemli bir kurumun biraz daha \u00f6n plana \u00e7ekilmesidir\u201d diye konu\u015ftu.\u00a0<\/span><br style=\"box-sizing: border-box; font-family: sans-serif; font-size: 14px; line-height: 20px; text-align: justify; background-color: rgb(242, 244, 245);\" \/><br \/>\n<br style=\"box-sizing: border-box; font-family: sans-serif; font-size: 14px; line-height: 20px; text-align: justify; background-color: rgb(242, 244, 245);\" \/><br \/>\n<span style=\"font-family: sans-serif; line-height: 20px; text-align: justify; background-color: rgb(242, 244, 245);\">&#8220;Baz\u0131 eksiklikler mutlaka var&#8221;\u00a0<\/span><br style=\"box-sizing: border-box; font-family: sans-serif; font-size: 14px; line-height: 20px; text-align: justify; background-color: rgb(242, 244, 245);\" \/><br \/>\n<span style=\"font-family: sans-serif; line-height: 20px; text-align: justify; background-color: rgb(242, 244, 245);\">Alt yap\u0131 olarak devir i\u015fleminin 761 merkezde ba\u015flad\u0131\u011f\u0131n\u0131 kaydeden Kart, \u201c\u015eu anda T\u00fcrkiye genelinde bir\u00e7ok noktada var. Vatanda\u015f\u0131m\u0131z bu konuda rahat olsun. Ama tabii ki de eksiklikler mutlaka var. Gerek personel gerek bu devir i\u015fleminden dolay\u0131 biraz fiziki sistemsel eksiklikler, bilgisayar ve cihazlar\u0131n biraz daha zamanla sistemin oturmas\u0131yla biraz daha aktif hale gelecektir. Vatanda\u015flar\u0131m\u0131zdan tek iste\u011fimiz biraz daha sab\u0131rl\u0131 olmalar\u0131n\u0131 bekliyoruz. Bu eksiklikler devletimizin ve \u0130\u00e7i\u015fleri Bakan\u0131m\u0131z\u0131n biraz daha bizlere g\u00f6sterece\u011fi ilgi sayesinde giderilecektir. Vatanda\u015flar\u0131m\u0131z \u00f6zellikle bu para yat\u0131rma olay\u0131n\u0131 unutmamas\u0131 gerekiyor. Bir\u00e7ok vatanda\u015f direk n\u00fcfus m\u00fcd\u00fcrl\u00fcklerine geliyor. \u00d6ncelikle anla\u015fmal\u0131 30 bankam\u0131z var. Bankalara gittiklerinde rahatl\u0131kla bu \u00fccret yat\u0131rma i\u015flemini ger\u00e7ekle\u015ftireceklerdir. Bu i\u015flemi ger\u00e7ekle\u015ftirdikten sonra n\u00fcfus m\u00fcd\u00fcrl\u00fcklerine geleceklerdir. Bu sayede bize hem bir kolayl\u0131k olacak hem de vatanda\u015f\u0131n s\u0131ra beklemesini azaltaca\u011f\u0131z\u201d \u015feklinde konu\u015ftu.\u00a0<\/span><br style=\"box-sizing: border-box; font-family: sans-serif; font-size: 14px; line-height: 20px; text-align: justify; background-color: rgb(242, 244, 245);\" \/><br \/>\n<br style=\"box-sizing: border-box; font-family: sans-serif; font-size: 14px; line-height: 20px; text-align: justify; background-color: rgb(242, 244, 245);\" \/><br \/>\n<span style=\"font-family: sans-serif; line-height: 20px; text-align: justify; background-color: rgb(242, 244, 245);\">&#8220;Bu ge\u00e7i\u015f s\u00fcrecinden kaynaklanan baz\u0131 s\u0131k\u0131nt\u0131lar\u0131m\u0131z olacak&#8221;\u00a0<\/span><br style=\"box-sizing: border-box; font-family: sans-serif; font-size: 14px; line-height: 20px; text-align: justify; background-color: rgb(242, 244, 245);\" \/><br \/>\n<span style=\"font-family: sans-serif; line-height: 20px; text-align: justify; background-color: rgb(242, 244, 245);\">Sisteme bak\u0131ld\u0131\u011f\u0131nda \u201ctek elden\u201d olmas\u0131 dolay\u0131s\u0131yla \u00e7ok g\u00fczel oldu\u011funun alt\u0131n\u0131 \u00e7izen Kart, \u201cAncak bu alt yap\u0131n\u0131n biraz eksikli\u011fi, biraz bu ge\u00e7i\u015f s\u00fcrecinde ya\u015fanan problemlerden dolay\u0131 biraz s\u0131k\u0131nt\u0131m\u0131z olacak. \u015e\u00f6yle d\u00fc\u015f\u00fcn\u00fcn T\u00fcrkiye genelinde \u015fimdiye kadar 21 milyon cipli kimlik da\u011f\u0131t\u0131ld\u0131. Bu bizim kurumumuzun ne kadar \u00f6zverili \u00e7al\u0131\u015ft\u0131\u011f\u0131n\u0131n \u00f6nemli g\u00f6stergesidir. Daha \u00f6n\u00fcm\u00fczde 60 milyon kadar kimlik bas\u0131m s\u00fcreci ya\u015fanacak. Bunun \u00fczerine ehliyet ve pasaport i\u015flemlerinin devredildi\u011fini d\u00fc\u015f\u00fcn\u00fcn. Bu alt yap\u0131n\u0131n bunu kald\u0131rmas\u0131 i\u00e7in biraz daha \u00e7al\u0131\u015fma yap\u0131lmas\u0131 gerekiyor. Bu g\u00fcnlerde yap\u0131lan i\u015flemler biraz zaman alabilir. \u00c7\u00fcnk\u00fc dedi\u011fimiz baz\u0131 sorunlardan dolay\u0131 i\u015flemler biraz uzun s\u00fcrebilir. Yoksa bu eksiklikler giderildikten sonra vatanda\u015f rahatl\u0131kla randevusunu al\u0131p, \u00fccretini bankaya yat\u0131r\u0131p geldikten sonra n\u00fcfus m\u00fcd\u00fcrl\u00fckleri h\u0131zl\u0131 bir \u015fekilde i\u015flemini ger\u00e7ekle\u015ftirecektir\u201d ifadelerini kulland\u0131.\u00a0<\/span><\/span><\/p>\n","protected":false},"excerpt":{"rendered":"<p>Bug\u00fcn itibar\u0131yla \u00e7ipli kimlik kartlar\u0131n\u0131n yan\u0131 s\u0131ra ehliyet ve pasaportlar\u0131n da N\u00fcfus ve Vatanda\u015fl\u0131k \u0130\u015fleri Genel M\u00fcd\u00fcrl\u00fc\u011f\u00fc&#8217;ne devredilmesinden dolay\u0131, n\u00fcfus m\u00fcd\u00fcrl\u00fcklerinde yo\u011funluk ya\u015fan\u0131yor. E-N\u00fcfus Sendikas\u0131 Genel Ba\u015fkan\u0131 Ali Kart, &#8220;\u0130lk &hellip; <a href=\"https:\/\/akdenizolaygazetesi.com\/?p=1668\" class=\"more-link\">Devam\u0131n\u0131 Oku&#8230;<\/a><\/p>\n","protected":false},"author":1,"featured_media":0,"comment_status":"open","ping_status":"open","sticky":false,"template":"","format":"standard","meta":[],"categories":[],"tags":[],"_links":{"self":[{"href":"https:\/\/akdenizolaygazetesi.com\/index.php?rest_route=\/wp\/v2\/posts\/1668"}],"collection":[{"href":"https:\/\/akdenizolaygazetesi.com\/index.php?rest_route=\/wp\/v2\/posts"}],"about":[{"href":"https:\/\/akdenizolaygazetesi.com\/index.php?rest_route=\/wp\/v2\/types\/post"}],"author":[{"embeddable":true,"href":"https:\/\/akdenizolaygazetesi.com\/index.php?rest_route=\/wp\/v2\/users\/1"}],"replies":[{"embeddable":true,"href":"https:\/\/akdenizolaygazetesi.com\/index.php?rest_route=%2Fwp%2Fv2%2Fcomments&post=1668"}],"version-history":[{"count":0,"href":"https:\/\/akdenizolaygazetesi.com\/index.php?rest_route=\/wp\/v2\/posts\/1668\/revisions"}],"wp:attachment":[{"href":"https:\/\/akdenizolaygazetesi.com\/index.php?rest_route=%2Fwp%2Fv2%2Fmedia&parent=1668"}],"wp:term":[{"taxonomy":"category","embeddable":true,"href":"https:\/\/akdenizolaygazetesi.com\/index.php?rest_route=%2Fwp%2Fv2%2Fcategories&post=1668"},{"taxonomy":"post_tag","embeddable":true,"href":"https:\/\/akdenizolaygazetesi.com\/index.php?rest_route=%2Fwp%2Fv2%2Ftags&post=1668"}],"curies":[{"name":"wp","href":"https:\/\/api.w.org\/{rel}","templated":true}]}}