{"id":16681,"date":"2022-02-15T13:12:16","date_gmt":"2022-02-15T10:12:16","guid":{"rendered":"http:\/\/akdenizolaygazetesi.com\/?p=16681"},"modified":"2022-02-15T13:12:16","modified_gmt":"2022-02-15T10:12:16","slug":"akdeniz-belediyesi-zabitasindan-kdv-indirimi-denetimi","status":"publish","type":"post","link":"https:\/\/akdenizolaygazetesi.com\/?p=16681","title":{"rendered":"AKDEN\u0130Z BELED\u0130YES\u0130 ZABITASINDAN KDV \u0130ND\u0130R\u0130M\u0130 DENET\u0130M\u0130"},"content":{"rendered":"<p>Akdeniz Belediyesi Zab\u0131ta M\u00fcd\u00fcrl\u00fc\u011f\u00fc; temel g\u0131da \u00fcr\u00fcnlerinde y\u00fczde 8\u2019lik KDV oran\u0131n\u0131n y\u00fczde 1\u2019e d\u00fc\u015f\u00fcr\u00fclmesi sonucu yeni fiyatlar\u0131n \u00fcr\u00fcnlere yans\u0131y\u0131p yans\u0131mad\u0131\u011f\u0131n\u0131 kontrol etmek \u00fczere il\u00e7e s\u0131n\u0131rlar\u0131nda bulunan zincir marketleri denetledi.<br \/>\nCumhurba\u015fkan\u0131 Karar\u0131 gere\u011fi, temel g\u0131da maddelerinde uygulanacak katma de\u011fer vergisi (KDV) indirimi oran\u0131 yeniden belirlendi. Buna g\u00f6re, temel g\u0131da \u00fcr\u00fcnlerinde KDV y\u00fczde 8&#8217;den y\u00fczde 1&#8217;e indirildi. Resmi gazetede de yay\u0131mlanan karar, 14 \u015eubat Pazartesi g\u00fcn\u00fc (d\u00fcn) itibariyle y\u00fcr\u00fcrl\u00fc\u011fe girdi.<br \/>\nBu de\u011fi\u015fiklik \u00fczerine Akdeniz Belediyesi Zab\u0131ta M\u00fcd\u00fcrl\u00fc\u011f\u00fc ekipleri de il\u00e7e s\u0131n\u0131rlar\u0131 i\u00e7inde faaliyet g\u00f6steren \u00e7e\u015fitli zincir marketlerde, temel g\u0131da \u00fcr\u00fcnlerinde KDV oran\u0131n\u0131n y\u00fczde 8\u2019den y\u00fczde 1\u2019e d\u00fc\u015f\u00fcr\u00fcl\u00fcp d\u00fc\u015f\u00fcr\u00fclmedi\u011fini kontrol etmek \u00fczere denetime \u00e7\u0131kt\u0131.<br \/>\nFiyat-etiket denetimi de yap\u0131ld\u0131<br \/>\nFarkl\u0131 bir\u00e7ok i\u015fletmeye y\u00f6nelik denetimlerde, onlarca \u00e7e\u015fit g\u0131da \u00fcr\u00fcn\u00fcn\u00fc tek tek inceleyen zab\u0131ta m\u00fcd\u00fcrl\u00fc\u011f\u00fc ekipleri, y\u00fczde 7\u2019lik KDV indiriminin uygulan\u0131p uygulanmad\u0131\u011f\u0131n\u0131 kontrol etti. Ekipler, vatanda\u015flar\u0131n ma\u011fduriyetini \u00f6nlemek amac\u0131yla denetimlerde \u2018fiyat-etiket\u2019 kontrol\u00fc de yapt\u0131.<br \/>\nYap\u0131lan denetimlerde bir\u00e7ok market zincirinin temel g\u0131da \u00fcr\u00fcnlerinde s\u00f6z konusu KDV indirimini etikete ve sat\u0131\u015flara uygulad\u0131\u011f\u0131 g\u00f6r\u00fcl\u00fcrken, KDV indirimini etiketlere hen\u00fcz tam yans\u0131tmayan marketler de uyar\u0131ld\u0131.<\/p>\n","protected":false},"excerpt":{"rendered":"<p>Akdeniz Belediyesi Zab\u0131ta M\u00fcd\u00fcrl\u00fc\u011f\u00fc; temel g\u0131da \u00fcr\u00fcnlerinde y\u00fczde 8\u2019lik KDV oran\u0131n\u0131n y\u00fczde 1\u2019e d\u00fc\u015f\u00fcr\u00fclmesi sonucu yeni fiyatlar\u0131n \u00fcr\u00fcnlere yans\u0131y\u0131p yans\u0131mad\u0131\u011f\u0131n\u0131 kontrol etmek \u00fczere il\u00e7e s\u0131n\u0131rlar\u0131nda bulunan zincir marketleri denetledi. Cumhurba\u015fkan\u0131 &hellip; <a href=\"https:\/\/akdenizolaygazetesi.com\/?p=16681\" class=\"more-link\">Devam\u0131n\u0131 Oku&#8230;<\/a><\/p>\n","protected":false},"author":2,"featured_media":16682,"comment_status":"open","ping_status":"open","sticky":false,"template":"","format":"standard","meta":[],"categories":[8,2,3],"tags":[],"_links":{"self":[{"href":"https:\/\/akdenizolaygazetesi.com\/index.php?rest_route=\/wp\/v2\/posts\/16681"}],"collection":[{"href":"https:\/\/akdenizolaygazetesi.com\/index.php?rest_route=\/wp\/v2\/posts"}],"about":[{"href":"https:\/\/akdenizolaygazetesi.com\/index.php?rest_route=\/wp\/v2\/types\/post"}],"author":[{"embeddable":true,"href":"https:\/\/akdenizolaygazetesi.com\/index.php?rest_route=\/wp\/v2\/users\/2"}],"replies":[{"embeddable":true,"href":"https:\/\/akdenizolaygazetesi.com\/index.php?rest_route=%2Fwp%2Fv2%2Fcomments&post=16681"}],"version-history":[{"count":1,"href":"https:\/\/akdenizolaygazetesi.com\/index.php?rest_route=\/wp\/v2\/posts\/16681\/revisions"}],"predecessor-version":[{"id":16683,"href":"https:\/\/akdenizolaygazetesi.com\/index.php?rest_route=\/wp\/v2\/posts\/16681\/revisions\/16683"}],"wp:featuredmedia":[{"embeddable":true,"href":"https:\/\/akdenizolaygazetesi.com\/index.php?rest_route=\/wp\/v2\/media\/16682"}],"wp:attachment":[{"href":"https:\/\/akdenizolaygazetesi.com\/index.php?rest_route=%2Fwp%2Fv2%2Fmedia&parent=16681"}],"wp:term":[{"taxonomy":"category","embeddable":true,"href":"https:\/\/akdenizolaygazetesi.com\/index.php?rest_route=%2Fwp%2Fv2%2Fcategories&post=16681"},{"taxonomy":"post_tag","embeddable":true,"href":"https:\/\/akdenizolaygazetesi.com\/index.php?rest_route=%2Fwp%2Fv2%2Ftags&post=16681"}],"curies":[{"name":"wp","href":"https:\/\/api.w.org\/{rel}","templated":true}]}}