{"id":16684,"date":"2022-02-15T13:15:00","date_gmt":"2022-02-15T10:15:00","guid":{"rendered":"http:\/\/akdenizolaygazetesi.com\/?p=16684"},"modified":"2022-02-15T13:15:00","modified_gmt":"2022-02-15T10:15:00","slug":"hidrojen-uretim-kompleksi-insa-etmek-icin-baslattigi-fizibilite-calismalarini-tamamlandi","status":"publish","type":"post","link":"https:\/\/akdenizolaygazetesi.com\/?p=16684","title":{"rendered":"Hidrojen \u00dcretim Kompleksi \u0130n\u015fa Etmek \u0130\u00e7in Ba\u015flatt\u0131\u011f\u0131 Fizibilite \u00c7al\u0131\u015fmalar\u0131n\u0131 Tamamland\u0131"},"content":{"rendered":"<p>Rusatom Overseas (RAOS) ve Air Liquide \u015firketleri, Sahalin Adas\u0131\u2019nda bir hidrojen \u00fcretim kompleksinin in\u015fas\u0131 i\u00e7in fizibilite \u00e7al\u0131\u015fmas\u0131n\u0131n tamamland\u0131\u011f\u0131n\u0131 ve sonu\u00e7lar\u0131n, Sahalin B\u00f6lgesi H\u00fck\u00fcmeti ile yap\u0131lan toplant\u0131da sunuldu\u011funu duyurdu. <\/p>\n<p>RAOS ve Air Liquide, fizibilite \u00e7al\u0131\u015fmalar\u0131n\u0131n olumlu sonu\u00e7lar\u0131ndan yola \u00e7\u0131karak projenin bir sonraki ad\u0131m\u0131 olan \u00f6n u\u00e7 m\u00fchendislik ve tasar\u0131m a\u015famas\u0131na haz\u0131rlanmaya ba\u015flad\u0131. Proje, taraflar aras\u0131nda Nisan 2021\u2019de imzalanan mutabakat anla\u015fmas\u0131 \u00e7er\u00e7evesinde y\u00fcr\u00fct\u00fcl\u00fcyor. <\/p>\n<p>Sahalin B\u00f6lgesi H\u00fck\u00fcmeti, projeye deste\u011fini ifade ederken, projenin b\u00f6lgenin kalk\u0131nmas\u0131ndaki \u00f6neminin de alt\u0131n\u0131 \u00e7izdi. Hidrojen \u00fcretim kompleksinin in\u015fas\u0131, Sahalin B\u00f6lgesi&#8217;nde bir hidrojen grubunun olu\u015fturulmas\u0131 ve geli\u015ftirilmesine y\u00f6nelik b\u00fcy\u00fck \u00f6l\u00e7ekli bir projenin par\u00e7as\u0131 olacak. Bu kompleksin in\u015fas\u0131 ile enerji, ta\u015f\u0131mac\u0131l\u0131k ve end\u00fcstri sekt\u00f6rlerinde yabanc\u0131 pazarlar ve yerel t\u00fcketiciler i\u00e7in etkili bir hidrojen tedarik zinciri kurulmas\u0131n\u0131n temelleri at\u0131lacak. <\/p>\n<p>Sahalin Valisi Valery Limarenko konuya ili\u015fkin olarak \u015funlar\u0131 s\u00f6yledi: \u201cSahalin Adas\u0131&#8217;ndaki d\u00fc\u015f\u00fck karbonlu hidrojen \u00fcretimi projesi, CO2 emisyonlar\u0131n\u0131 yakalamak i\u00e7in \u00e7evre dostu teknolojiler kullanarak metan\u0131n buharla reformlanmas\u0131 i\u015flemiyle ba\u015far\u0131l\u0131 \u015fekilde s\u00fcrd\u00fcr\u00fcl\u00fcyor. Ortaklar\u0131m\u0131zla, in\u015fa edilecek kompleksin ilk \u00f6nemli a\u015famas\u0131n\u0131 tamamlad\u0131k. Bu, b\u00f6lgemiz i\u00e7in \u00e7ok \u00f6nemli bir proje, ba\u015far\u0131yla hayata ge\u00e7mesini sab\u0131rs\u0131zl\u0131kla bekliyoruz.\u201d<\/p>\n<p>Rusatom Overseas&#8217;in Ba\u015fkan\u0131 Evgeny Pakermanov da konuyla ilgili olarak, \u201cAsya-Pasifik b\u00f6lgesinde bulunan bir\u00e7ok \u00fclkenin, hidrojen ekonomisinin geli\u015fmesine b\u00fcy\u00fck \u00f6nem verdi\u011fini ve Rusya\u2019dan d\u00fc\u015f\u00fck karbonlu hidrojen ithal etme konusuyla ilgilendi\u011fini g\u00f6r\u00fcyoruz, 2025 itibariyle d\u00fc\u015f\u00fck karbonlu hidrojen konusunda uluslararas\u0131 bir tedarik zinciri ba\u015flatmak i\u00e7in Japonya ve Kore Cumhuriyeti&#8217;ndeki potansiyel ortaklarla halihaz\u0131rda g\u00f6r\u00fc\u015fmelerde bulunuyoruz\u201d diye konu\u015ftu. <\/p>\n","protected":false},"excerpt":{"rendered":"<p>Rusatom Overseas (RAOS) ve Air Liquide \u015firketleri, Sahalin Adas\u0131\u2019nda bir hidrojen \u00fcretim kompleksinin in\u015fas\u0131 i\u00e7in fizibilite \u00e7al\u0131\u015fmas\u0131n\u0131n tamamland\u0131\u011f\u0131n\u0131 ve sonu\u00e7lar\u0131n, Sahalin B\u00f6lgesi H\u00fck\u00fcmeti ile yap\u0131lan toplant\u0131da sunuldu\u011funu duyurdu. RAOS ve &hellip; <a href=\"https:\/\/akdenizolaygazetesi.com\/?p=16684\" class=\"more-link\">Devam\u0131n\u0131 Oku&#8230;<\/a><\/p>\n","protected":false},"author":2,"featured_media":16685,"comment_status":"open","ping_status":"open","sticky":false,"template":"","format":"standard","meta":[],"categories":[2,3,11],"tags":[],"_links":{"self":[{"href":"https:\/\/akdenizolaygazetesi.com\/index.php?rest_route=\/wp\/v2\/posts\/16684"}],"collection":[{"href":"https:\/\/akdenizolaygazetesi.com\/index.php?rest_route=\/wp\/v2\/posts"}],"about":[{"href":"https:\/\/akdenizolaygazetesi.com\/index.php?rest_route=\/wp\/v2\/types\/post"}],"author":[{"embeddable":true,"href":"https:\/\/akdenizolaygazetesi.com\/index.php?rest_route=\/wp\/v2\/users\/2"}],"replies":[{"embeddable":true,"href":"https:\/\/akdenizolaygazetesi.com\/index.php?rest_route=%2Fwp%2Fv2%2Fcomments&post=16684"}],"version-history":[{"count":1,"href":"https:\/\/akdenizolaygazetesi.com\/index.php?rest_route=\/wp\/v2\/posts\/16684\/revisions"}],"predecessor-version":[{"id":16686,"href":"https:\/\/akdenizolaygazetesi.com\/index.php?rest_route=\/wp\/v2\/posts\/16684\/revisions\/16686"}],"wp:featuredmedia":[{"embeddable":true,"href":"https:\/\/akdenizolaygazetesi.com\/index.php?rest_route=\/wp\/v2\/media\/16685"}],"wp:attachment":[{"href":"https:\/\/akdenizolaygazetesi.com\/index.php?rest_route=%2Fwp%2Fv2%2Fmedia&parent=16684"}],"wp:term":[{"taxonomy":"category","embeddable":true,"href":"https:\/\/akdenizolaygazetesi.com\/index.php?rest_route=%2Fwp%2Fv2%2Fcategories&post=16684"},{"taxonomy":"post_tag","embeddable":true,"href":"https:\/\/akdenizolaygazetesi.com\/index.php?rest_route=%2Fwp%2Fv2%2Ftags&post=16684"}],"curies":[{"name":"wp","href":"https:\/\/api.w.org\/{rel}","templated":true}]}}