{"id":16688,"date":"2022-02-16T13:14:05","date_gmt":"2022-02-16T10:14:05","guid":{"rendered":"http:\/\/akdenizolaygazetesi.com\/?p=16688"},"modified":"2022-02-16T13:14:05","modified_gmt":"2022-02-16T10:14:05","slug":"baskan-yilmaz-tedbiri-elden-birakmiyoruz","status":"publish","type":"post","link":"https:\/\/akdenizolaygazetesi.com\/?p=16688","title":{"rendered":"Ba\u015fkan Y\u0131lmaz: &#8220;Tedbiri Elden B\u0131rakm\u0131yoruz&#8221;"},"content":{"rendered":"<p>Toroslar Belediyesi, koronavir\u00fcs salg\u0131n\u0131yla m\u00fccadele kapsam\u0131nda temizlik ve dezenfeksiyon \u00e7al\u0131\u015fmalar\u0131n\u0131 aral\u0131ks\u0131z s\u00fcrd\u00fcr\u00fcyor.<br \/>\nTemizlik \u0130\u015fleri M\u00fcd\u00fcrl\u00fc\u011f\u00fc ekipleri, il\u00e7eyi kar\u0131\u015f kar\u0131\u015f geziyor. Ortak kullan\u0131m alanlar\u0131 olan ibadethanelerin yan\u0131 s\u0131ra i\u015fyerleri, kahvehaneler, taksi duraklar\u0131, berber ve kuaf\u00f6r salonlar\u0131 d\u00fczenli olarak dezenfekte ediliyor.<br \/>\n Ba\u015fkan Y\u0131lmaz: &#8220;Tedbiri Elden B\u0131rakm\u0131yoruz&#8221;<br \/>\nVatanda\u015flar\u0131n sa\u011fl\u0131klar\u0131n\u0131n her \u015feyden \u00f6nemli oldu\u011funu belirten Toroslar Belediye Ba\u015fkan\u0131 Ats\u0131z Af\u015f\u0131n Y\u0131lmaz; &#8220;Pandemi s\u00fcrecinin ilk g\u00fcn\u00fcnden itibaren Covid-19&#8217;a kar\u015f\u0131 ald\u0131\u011f\u0131m\u0131z tedbirlere d\u00fczenli bir \u015fekilde devam ediyoruz. Amac\u0131m\u0131z, hem\u015fehrilerimize daha sa\u011fl\u0131kl\u0131 ve g\u00fcvenilir ortamlar sunmak. Hem\u015fehrilerimizden de iste\u011fimiz maske, mesafe ve hijyen kurallar\u0131n\u0131 ihmal etmemeleridir. Salg\u0131n\u0131 el birli\u011fiyle in\u015fallah atlataca\u011f\u0131z&#8221; dedi.<br \/>\n\u0130\u015fyerlerinde dezenfeksiyon i\u015flemi yap\u0131lan esnaflar da hijyen \u00e7al\u0131\u015fmalar\u0131n\u0131n periyodik olarak devam etmesinden dolay\u0131 duyduklar\u0131 memnuniyeti dile getirerek, Ba\u015fkan Y\u0131lmaz&#8217;a ve ekibine te\u015fekk\u00fcr etti.<\/p>\n","protected":false},"excerpt":{"rendered":"<p>Toroslar Belediyesi, koronavir\u00fcs salg\u0131n\u0131yla m\u00fccadele kapsam\u0131nda temizlik ve dezenfeksiyon \u00e7al\u0131\u015fmalar\u0131n\u0131 aral\u0131ks\u0131z s\u00fcrd\u00fcr\u00fcyor. Temizlik \u0130\u015fleri M\u00fcd\u00fcrl\u00fc\u011f\u00fc ekipleri, il\u00e7eyi kar\u0131\u015f kar\u0131\u015f geziyor. Ortak kullan\u0131m alanlar\u0131 olan ibadethanelerin yan\u0131 s\u0131ra i\u015fyerleri, kahvehaneler, taksi &hellip; <a href=\"https:\/\/akdenizolaygazetesi.com\/?p=16688\" class=\"more-link\">Devam\u0131n\u0131 Oku&#8230;<\/a><\/p>\n","protected":false},"author":2,"featured_media":16689,"comment_status":"open","ping_status":"open","sticky":false,"template":"","format":"standard","meta":[],"categories":[3,5],"tags":[],"_links":{"self":[{"href":"https:\/\/akdenizolaygazetesi.com\/index.php?rest_route=\/wp\/v2\/posts\/16688"}],"collection":[{"href":"https:\/\/akdenizolaygazetesi.com\/index.php?rest_route=\/wp\/v2\/posts"}],"about":[{"href":"https:\/\/akdenizolaygazetesi.com\/index.php?rest_route=\/wp\/v2\/types\/post"}],"author":[{"embeddable":true,"href":"https:\/\/akdenizolaygazetesi.com\/index.php?rest_route=\/wp\/v2\/users\/2"}],"replies":[{"embeddable":true,"href":"https:\/\/akdenizolaygazetesi.com\/index.php?rest_route=%2Fwp%2Fv2%2Fcomments&post=16688"}],"version-history":[{"count":1,"href":"https:\/\/akdenizolaygazetesi.com\/index.php?rest_route=\/wp\/v2\/posts\/16688\/revisions"}],"predecessor-version":[{"id":16690,"href":"https:\/\/akdenizolaygazetesi.com\/index.php?rest_route=\/wp\/v2\/posts\/16688\/revisions\/16690"}],"wp:featuredmedia":[{"embeddable":true,"href":"https:\/\/akdenizolaygazetesi.com\/index.php?rest_route=\/wp\/v2\/media\/16689"}],"wp:attachment":[{"href":"https:\/\/akdenizolaygazetesi.com\/index.php?rest_route=%2Fwp%2Fv2%2Fmedia&parent=16688"}],"wp:term":[{"taxonomy":"category","embeddable":true,"href":"https:\/\/akdenizolaygazetesi.com\/index.php?rest_route=%2Fwp%2Fv2%2Fcategories&post=16688"},{"taxonomy":"post_tag","embeddable":true,"href":"https:\/\/akdenizolaygazetesi.com\/index.php?rest_route=%2Fwp%2Fv2%2Ftags&post=16688"}],"curies":[{"name":"wp","href":"https:\/\/api.w.org\/{rel}","templated":true}]}}