{"id":1669,"date":"2020-11-04T18:22:13","date_gmt":"2020-11-04T15:22:13","guid":{"rendered":"http:\/\/mersinekonomipolitikagazetesi.com\/?p=1669"},"modified":"2020-11-04T18:22:13","modified_gmt":"2020-11-04T15:22:13","slug":"akkuyu-nukleer-guc-santralinin-temeli-bugun-atiliyor","status":"publish","type":"post","link":"https:\/\/akdenizolaygazetesi.com\/?p=1669","title":{"rendered":"Akkuyu N\u00fckleer G\u00fc\u00e7 Santrali&#8217;nin temeli bug\u00fcn at\u0131l\u0131yor"},"content":{"rendered":"<p>Cumhurba\u015fkan\u0131 Recep Tayyip Erdo\u011fan ile Rusya Devlet Ba\u015fkan\u0131 Vladimir Putin\u2019in T\u00fcrkiye&#8217;nin ilk n\u00fckleer santral projesi olan Akkuyu N\u00fckleer G\u00fc\u00e7 Santrali&#8217;nin (NGS) temel atma t\u00f6renine Ankara&#8217;dan telekonferansla kat\u0131lacaklar\u0131 a\u00e7\u0131kland\u0131.<\/p>\n<p style=\"color: rgb(34, 34, 34); font-family: arial, sans-serif; font-size: 12.8px; line-height: normal; box-sizing: border-box;\"><span style=\"font-size:16px;\"><span style=\"background-color: rgba(255, 255, 255, 0);\">Rusya Devlet Ba\u015fkan\u0131 Putin&#8217;in bug\u00fcn Ankara&#8217;ya gelece\u011fi, T\u00fcrkiye-Rusya \u00dcst D\u00fczey \u0130\u015fbirli\u011fi Konseyi&#8217;nin (\u00dcD\u0130K) yedinci toplant\u0131s\u0131n\u0131n Cumhurba\u015fkan\u0131 Erdo\u011fan ve Rusya Devlet Ba\u015fkan\u0131 Putin&#8217;in e\u015fba\u015fkanl\u0131klar\u0131nda, ilgili bakanlar\u0131n da kat\u0131l\u0131m\u0131yla d\u00fczenlenece\u011fi a\u00e7\u0131kland\u0131.<\/span><\/span><\/p>\n<p style=\"color: rgb(34, 34, 34); font-family: arial, sans-serif; font-size: 12.8px; line-height: normal; box-sizing: border-box;\"><span style=\"font-size:16px;\"><span style=\"background-color: rgba(255, 255, 255, 0);\">Ankara\u2019da yap\u0131lacak olan \u00dcD\u0130K toplant\u0131s\u0131nda T\u00fcrkiye-Rusya ikili ili\u015fkilerinin t\u00fcm y\u00f6nleriyle geni\u015f \u015fekilde ele al\u0131naca\u011f\u0131 dile getirildi.<\/span><\/span><\/p>\n<p style=\"color: rgb(34, 34, 34); font-family: arial, sans-serif; font-size: 12.8px; line-height: normal; box-sizing: border-box;\"><span style=\"font-size:16px;\"><span style=\"background-color: rgba(255, 255, 255, 0);\">Daha sonra b\u00f6lgesel ve uluslararas\u0131 meseleler hakk\u0131nda da kar\u015f\u0131l\u0131kl\u0131 g\u00f6r\u00fc\u015f al\u0131\u015fveri\u015finde bulunulaca\u011f\u0131 vurguland\u0131.<\/span><\/span><\/p>\n<p style=\"color: rgb(34, 34, 34); font-family: arial, sans-serif; font-size: 12.8px; line-height: normal; box-sizing: border-box;\"><span style=\"font-size:16px;\"><strong style=\"box-sizing: border-box; background-color: rgba(255, 255, 255, 0);\">A\u00c7ILI\u015eA TELEKONFERANSLA KATILACAKLAR<\/strong><\/span><\/p>\n<p style=\"color: rgb(34, 34, 34); font-family: arial, sans-serif; font-size: 12.8px; line-height: normal; box-sizing: border-box;\"><span style=\"font-size:16px;\"><span style=\"background-color: rgba(255, 255, 255, 0);\">Akkuyu N\u00fckleer G\u00fc\u00e7 Santrali&#8217;nin resmi temel atma t\u00f6reninin bug\u00fcn yap\u0131laca\u011f\u0131,\u00a0<\/span><span style=\"background-color: rgba(255, 255, 255, 0);\">\u00a0Erdo\u011fan ile Putin\u2019in temel atma t\u00f6reni i\u00e7in Mersin&#8217;e gitmeyece\u011fi t\u00f6rene Cumhurba\u015fkanl\u0131\u011f\u0131&#8217;ndan telekonferans ile kat\u0131laca\u011f\u0131 belirtildi.<\/span><\/span><\/p>\n<p style=\"color: rgb(34, 34, 34); font-family: arial, sans-serif; font-size: 12.8px; line-height: normal; box-sizing: border-box;\"><span style=\"font-size:16px;\"><strong style=\"box-sizing: border-box; background-color: rgba(255, 255, 255, 0);\">\u00dc\u00c7L\u00dc Z\u0130RVE \u00c7AR\u015eAMBA G\u00dcN\u00dc<\/strong><\/span><\/p>\n<p style=\"color: rgb(34, 34, 34); font-family: arial, sans-serif; font-size: 12.8px; line-height: normal; box-sizing: border-box;\"><span style=\"font-size:16px;\"><span style=\"background-color: rgba(255, 255, 255, 0);\">\u00dc\u00e7l\u00fc Zirvede ise Erdo\u011fan, Putin ve \u0130ran Cumhurba\u015fkan\u0131 Hasan Ruhani&#8217;nin de kat\u0131l\u0131m\u0131yla 4 Nisan \u00c7ar\u015famba g\u00fcn\u00fc Ankara&#8217;da ger\u00e7ekle\u015fecek toplant\u0131da\u00a0Suriye konusu da g\u00f6r\u00fc\u015f\u00fclecek.<\/span><\/span><\/p>\n<div>\u00a0<\/div>\n","protected":false},"excerpt":{"rendered":"<p>Cumhurba\u015fkan\u0131 Recep Tayyip Erdo\u011fan ile Rusya Devlet Ba\u015fkan\u0131 Vladimir Putin\u2019in T\u00fcrkiye&#8217;nin ilk n\u00fckleer santral projesi olan Akkuyu N\u00fckleer G\u00fc\u00e7 Santrali&#8217;nin (NGS) temel atma t\u00f6renine Ankara&#8217;dan telekonferansla kat\u0131lacaklar\u0131 a\u00e7\u0131kland\u0131. Rusya Devlet &hellip; <a href=\"https:\/\/akdenizolaygazetesi.com\/?p=1669\" class=\"more-link\">Devam\u0131n\u0131 Oku&#8230;<\/a><\/p>\n","protected":false},"author":1,"featured_media":0,"comment_status":"open","ping_status":"open","sticky":false,"template":"","format":"standard","meta":[],"categories":[],"tags":[],"_links":{"self":[{"href":"https:\/\/akdenizolaygazetesi.com\/index.php?rest_route=\/wp\/v2\/posts\/1669"}],"collection":[{"href":"https:\/\/akdenizolaygazetesi.com\/index.php?rest_route=\/wp\/v2\/posts"}],"about":[{"href":"https:\/\/akdenizolaygazetesi.com\/index.php?rest_route=\/wp\/v2\/types\/post"}],"author":[{"embeddable":true,"href":"https:\/\/akdenizolaygazetesi.com\/index.php?rest_route=\/wp\/v2\/users\/1"}],"replies":[{"embeddable":true,"href":"https:\/\/akdenizolaygazetesi.com\/index.php?rest_route=%2Fwp%2Fv2%2Fcomments&post=1669"}],"version-history":[{"count":0,"href":"https:\/\/akdenizolaygazetesi.com\/index.php?rest_route=\/wp\/v2\/posts\/1669\/revisions"}],"wp:attachment":[{"href":"https:\/\/akdenizolaygazetesi.com\/index.php?rest_route=%2Fwp%2Fv2%2Fmedia&parent=1669"}],"wp:term":[{"taxonomy":"category","embeddable":true,"href":"https:\/\/akdenizolaygazetesi.com\/index.php?rest_route=%2Fwp%2Fv2%2Fcategories&post=1669"},{"taxonomy":"post_tag","embeddable":true,"href":"https:\/\/akdenizolaygazetesi.com\/index.php?rest_route=%2Fwp%2Fv2%2Ftags&post=1669"}],"curies":[{"name":"wp","href":"https:\/\/api.w.org\/{rel}","templated":true}]}}