{"id":16691,"date":"2022-02-16T13:16:13","date_gmt":"2022-02-16T10:16:13","guid":{"rendered":"http:\/\/akdenizolaygazetesi.com\/?p=16691"},"modified":"2022-02-16T13:16:13","modified_gmt":"2022-02-16T10:16:13","slug":"kurslarimiz-is-dunyasinin-en-cok-talep-ettigi-meslekler-belirlenip-acildi","status":"publish","type":"post","link":"https:\/\/akdenizolaygazetesi.com\/?p=16691","title":{"rendered":"\u201cKurslar\u0131m\u0131z, i\u015f d\u00fcnyas\u0131n\u0131n en \u00e7ok talep etti\u011fi meslekler belirlenip a\u00e7\u0131ld\u0131\u201d"},"content":{"rendered":"<p>Akdeniz Belediye Ba\u015fkan\u0131 M. Mustafa G\u00fcltak, belediyenin meclis \u00fcyeleri ile birlikte, Akdeniz Lojistik Mesleki E\u011fitim Projesi kapsam\u0131nda ba\u015flat\u0131lan sim\u00fclat\u00f6rl\u00fc liman vin\u00e7 operat\u00f6rl\u00fc\u011f\u00fc e\u011fitimi verilen merkezi, birka\u00e7 hafta \u00f6nce ziyarete a\u00e7\u0131lan Mersin\u2019e \u0130z B\u0131rakanlar M\u00fczesi ile Metropol G\u00f6kdelen binas\u0131 29\u2019uncu kat\u0131nda, \u00fcniversite s\u0131nav\u0131na haz\u0131rlanan gen\u00e7lere \u00fccretsiz kurs verilen et\u00fct merkezini ziyaret etti.<br \/>\n\u201cSim\u00fclat\u00f6r destekli ve sertifikal\u0131 liman vin\u00e7 operat\u00f6rl\u00fc\u011f\u00fc e\u011fitimi veren ilk belediyeyiz\u201d<br \/>\nAkdeniz Belediyesi\u2019nin y\u00fcr\u00fctt\u00fc\u011f\u00fc Lojistik Mesleki E\u011fitim Projesi\u2019nde, Mersin \u00dcniversitesi, Mersin Ticaret ve Sanayi Odas\u0131, MIP, \u00c7ukurova Kalk\u0131nma Ajans\u0131 ve Milli E\u011fitim M\u00fcd\u00fcrl\u00fc\u011f\u00fc\u2019n\u00fcn yer ald\u0131\u011f\u0131n\u0131 belirten Ba\u015fkan G\u00fcltak; \u201cYakla\u015f\u0131k 4 bu\u00e7uk milyon liral\u0131k hibe bir proje. \u0130ki etaptan olu\u015fan projenin ilk etab\u0131 zemin kattaki lojistik alan. Limanda y\u00fcksek vin\u00e7leri kullanacak gen\u00e7leri sim\u00fclat\u00f6r deste\u011fiyle e\u011fitiyoruz. Kurs bitince sertifika alacaklar. Yabanc\u0131 dilleri olmas\u0131 halinde d\u00fcnyan\u0131n her yerinde i\u015f bulabilecekler. T\u00fcrkiye\u2019de sim\u00fclat\u00f6r destekli ve sertifikal\u0131 liman vin\u00e7 operat\u00f6rl\u00fc\u011f\u00fc e\u011fitimi veren ilk belediyeyiz. \u00dclkemizde bunun ba\u015fka bir \u00f6rne\u011fi yok. Daha \u00e7ok bu i\u015fler alayl\u0131 yap\u0131l\u0131yordu ama ilk kez bilimsel \u015fekilde yap\u0131l\u0131yor. 80 kursiyerimiz 40 saat pratik, 100 saat de cihaz \u00fczerinde e\u011fitim g\u00f6recekler. Bitirdiklerinde de devasa vin\u00e7leri kullanabilecek tecr\u00fcbeli elemanlar olacaklar\u201d diye konu\u015ftu.<br \/>\n\u201cKurslar\u0131m\u0131z, i\u015f d\u00fcnyas\u0131n\u0131n en \u00e7ok talep etti\u011fi meslekler belirlenip a\u00e7\u0131ld\u0131\u201d<br \/>\nMerkezin ikinci kat\u0131ndaki Akdeniz Mesleki E\u011fitim At\u00f6lyeleri Projesi kapsam\u0131nda verilen e\u011fitimleri de de\u011ferlendiren Ba\u015fkan Mustafa G\u00fcltak, buradaki kurslar\u0131n, \u0130\u015e-KUR Genel M\u00fcd\u00fcrl\u00fc\u011f\u00fc\u2019nce, i\u015f insanlar\u0131, sanayiciler ve organize sanayi b\u00f6lgelerini kapsayan anket sonucu en \u00e7ok ihtiya\u00e7 duyulan mesleklerin belirlenip verildi\u011fini anlatt\u0131. Ba\u015fkan G\u00fcltak; \u201cBiz de anket sonucu en \u00e7ok ihtiya\u00e7 oldu\u011fu belirlenen Autocad ve 3Ds Max, Grafik Tasar\u0131m ve Foto\u011fraf\u00e7\u0131l\u0131k, \u00d6n Muhasebe ile Halkla \u0130li\u015fkiler mesleklerini se\u00e7tik. Bu alanlarda 72 kursiyerin kat\u0131ld\u0131\u011f\u0131 e\u011fitimler 6 ay s\u00fcrecek. Bu e\u011fitimleri bitiren kursiyerlerimizin h\u0131zl\u0131 bir \u015fekilde serbest piyasada i\u015f bulmalar\u0131n\u0131 hedefliyoruz\u201d dedi.<br \/>\n\u201cGe\u00e7mi\u015fte Akdeniz\u2019de yap\u0131lmayan i\u015fler bunlar\u201d<br \/>\nS\u00f6zlerini, proje ortaklar\u0131na te\u015fekk\u00fcr ederek s\u00fcrd\u00fcren Ba\u015fkan G\u00fcltak; \u201c\u00d6zellikle Cumhurba\u015fkan\u0131m\u0131z Say\u0131n Recep Tayyip Erdo\u011fan\u2019a ayr\u0131ca te\u015fekk\u00fcr ediyorum. Onlar\u0131n himayelerinde ve Say\u0131n Bakanlar\u0131m\u0131z\u0131n verdi\u011fi desteklerle 1 lira dahi harcamadan bu hibe projeleri Akdeniz il\u00e7emizde ya\u015fayan insanlar\u0131m\u0131z i\u00e7in hayata ge\u00e7irmi\u015f olduk. Bug\u00fcn, farkl\u0131 siyasi partilerden Meclis \u00fcyelerimizle birlikte bu merkezlerimizi ziyaret ettik. Projeleri \u00e7ok be\u011fendiklerini ve memnun kald\u0131klar\u0131n\u0131 s\u00f6ylemeliyim. \u00c7\u00fcnk\u00fc ge\u00e7mi\u015fte Akdeniz il\u00e7emizde yap\u0131lmayan proje ve i\u015fler bunlar\u201d ifadelerini kulland\u0131.<br \/>\nGen\u00e7leri \u00fcniversite s\u0131nav\u0131na haz\u0131rlayan et\u00fct merkezini ziyaret<br \/>\nBa\u015fkan Mustafa G\u00fcltak ve beraberindeki Meclis \u00fcyeleri ard\u0131ndan; Akdeniz Belediyesi taraf\u0131ndan Metropol G\u00f6kdelen binas\u0131n\u0131n 29\u2019uncu kat\u0131nda hizmete a\u00e7\u0131lan, \u00fcniversite s\u0131navlar\u0131na haz\u0131rlanan gen\u00e7lere \u00fccretsiz kurs verilen et\u00fct merkezini ziyaret etti. Burada meclis \u00fcyeleri ile birlikte ziyaret eden Ba\u015fkan G\u00fcltak; e\u011fitim s\u00fcrecine b\u00fcy\u00fck \u00f6nem verdiklerinin alt\u0131n\u0131 \u00e7izdi, e\u011fitimde f\u0131rsat e\u015fitli\u011fi sa\u011flamak ve ailesinin ekonomik durumu iyi olmayan gen\u00e7lere imk\u00e2n sunmak amac\u0131yla yola \u00e7\u0131kt\u0131klar\u0131n\u0131 s\u00f6yledi. Kursa kat\u0131lan gen\u00e7lerle sohbet eden Ba\u015fkan G\u00fcltak ve Meclis \u00fcyeleri, hayal ettikleri \u00fcniversite ve b\u00f6l\u00fcmleri kazanmalar\u0131 i\u00e7in \u00e7ok \u00e7al\u0131\u015fmalar\u0131n\u0131, b\u00f6ylelikle hem ailelerini hem de kendilerini gururland\u0131rmalar\u0131n\u0131 istedi.<br \/>\n\u201cVatanda\u015flar\u0131m\u0131z\u0131 \u0130z B\u0131rakanlar M\u00fczesi\u2019ne bekliyoruz\u201d<br \/>\nAkdeniz Belediye Ba\u015fkan\u0131 Mustafa G\u00fcltak, Meclis \u00fcyeleri ile birlikte, Akdeniz Belediyesi taraf\u0131ndan \u0130z B\u0131rakanlar M\u00fczesi\u2019ne d\u00f6n\u00fc\u015ft\u00fcr\u00fclen ve ge\u00e7en haftalarda ziyarete a\u00e7\u0131lan Tarihi Mersin Evi\u2019ni de gezdi. Burada da k\u0131sa bir a\u00e7\u0131klama yapan Ba\u015fkan G\u00fcltak; \u201cBuras\u0131 8 odal\u0131 tarihi bir Mersin Evi idi. Ama yanm\u0131\u015f, y\u0131k\u0131lm\u0131\u015f harabeye d\u00f6nm\u00fc\u015ft\u00fc.<br \/>\n\u015eimdi ise yeniden hayat buldu ve \u015fehrimizin tam ortas\u0131nda bir m\u00fcze haline geldi. \u0130nsanlar\u0131m\u0131z\u0131n rahatl\u0131kla gelip gezebilece\u011fi, \u00e7aylar\u0131n\u0131 kahvelerini i\u00e7ebilecekleri butik bir alan. Mersin deyince akla gelebilecek bir\u00e7ok tarihi ki\u015filik, siyaset\u00e7i, yazar, sanat\u00e7\u0131 ve sporcular burada. Mersin\u2019i tan\u0131mak isteyen herkesi buraya davet ediyorum. G\u00fczel bir m\u00fcze ortaya \u00e7\u0131kt\u0131, eme\u011fi ge\u00e7en herkese te\u015fekk\u00fcr ediyorum\u201d diye konu\u015ftu.<\/p>\n","protected":false},"excerpt":{"rendered":"<p>Akdeniz Belediye Ba\u015fkan\u0131 M. Mustafa G\u00fcltak, belediyenin meclis \u00fcyeleri ile birlikte, Akdeniz Lojistik Mesleki E\u011fitim Projesi kapsam\u0131nda ba\u015flat\u0131lan sim\u00fclat\u00f6rl\u00fc liman vin\u00e7 operat\u00f6rl\u00fc\u011f\u00fc e\u011fitimi verilen merkezi, birka\u00e7 hafta \u00f6nce ziyarete a\u00e7\u0131lan &hellip; <a href=\"https:\/\/akdenizolaygazetesi.com\/?p=16691\" class=\"more-link\">Devam\u0131n\u0131 Oku&#8230;<\/a><\/p>\n","protected":false},"author":2,"featured_media":16692,"comment_status":"open","ping_status":"open","sticky":false,"template":"","format":"standard","meta":[],"categories":[34,1,2,3,11],"tags":[],"_links":{"self":[{"href":"https:\/\/akdenizolaygazetesi.com\/index.php?rest_route=\/wp\/v2\/posts\/16691"}],"collection":[{"href":"https:\/\/akdenizolaygazetesi.com\/index.php?rest_route=\/wp\/v2\/posts"}],"about":[{"href":"https:\/\/akdenizolaygazetesi.com\/index.php?rest_route=\/wp\/v2\/types\/post"}],"author":[{"embeddable":true,"href":"https:\/\/akdenizolaygazetesi.com\/index.php?rest_route=\/wp\/v2\/users\/2"}],"replies":[{"embeddable":true,"href":"https:\/\/akdenizolaygazetesi.com\/index.php?rest_route=%2Fwp%2Fv2%2Fcomments&post=16691"}],"version-history":[{"count":1,"href":"https:\/\/akdenizolaygazetesi.com\/index.php?rest_route=\/wp\/v2\/posts\/16691\/revisions"}],"predecessor-version":[{"id":16693,"href":"https:\/\/akdenizolaygazetesi.com\/index.php?rest_route=\/wp\/v2\/posts\/16691\/revisions\/16693"}],"wp:featuredmedia":[{"embeddable":true,"href":"https:\/\/akdenizolaygazetesi.com\/index.php?rest_route=\/wp\/v2\/media\/16692"}],"wp:attachment":[{"href":"https:\/\/akdenizolaygazetesi.com\/index.php?rest_route=%2Fwp%2Fv2%2Fmedia&parent=16691"}],"wp:term":[{"taxonomy":"category","embeddable":true,"href":"https:\/\/akdenizolaygazetesi.com\/index.php?rest_route=%2Fwp%2Fv2%2Fcategories&post=16691"},{"taxonomy":"post_tag","embeddable":true,"href":"https:\/\/akdenizolaygazetesi.com\/index.php?rest_route=%2Fwp%2Fv2%2Ftags&post=16691"}],"curies":[{"name":"wp","href":"https:\/\/api.w.org\/{rel}","templated":true}]}}