{"id":16697,"date":"2022-02-16T13:20:33","date_gmt":"2022-02-16T10:20:33","guid":{"rendered":"http:\/\/akdenizolaygazetesi.com\/?p=16697"},"modified":"2022-02-16T13:20:33","modified_gmt":"2022-02-16T10:20:33","slug":"4-buyuksehire-ulasan-limonlar-mersinde-de-dagitildi","status":"publish","type":"post","link":"https:\/\/akdenizolaygazetesi.com\/?p=16697","title":{"rendered":"4 B\u00dcY\u00dcK\u015eEH\u0130R&#8217;E ULA\u015eAN L\u0130MONLAR MERS\u0130N&#8217;DE DE DA\u011eITILDI"},"content":{"rendered":"<p>Mersin B\u00fcy\u00fck\u015fehir Belediyesi&#8217;nin Erdemli&#8217;deki limon \u00fcreticisine destek olmak amac\u0131yla sat\u0131n ald\u0131\u011f\u0131 100 ton limonun 4 kente yap\u0131lan 90 tonluk sevkiyatlar\u0131 tamamland\u0131. 10 ton limonun ise Mersin&#8217;de limon \u00fcretiminin olmad\u0131\u011f\u0131 3 il\u00e7ede dar gelirli vatanda\u015flara da\u011f\u0131t\u0131m\u0131 yap\u0131ld\u0131.<br \/>\nMersin B\u00fcy\u00fck\u015fehir, \u00fcreticiden 100 ton limon sat\u0131n ald\u0131<br \/>\nLimonun ba\u015fkenti Mersin&#8217;in Erdemli il\u00e7esindeki \u00fcreticinin \u00fcr\u00fcnleri bu sene dalda kald\u0131. Mersin B\u00fcy\u00fck\u015fehir Belediye Ba\u015fkan\u0131 Vahap Se\u00e7er, Erdemli&#8217;ye yapt\u0131\u011f\u0131 ziyarette \u00fcreticinin sorunlar\u0131n\u0131 dinledi. \u00dcretim maliyetlerinin artt\u0131\u011f\u0131n\u0131 ve limon fiyatlar\u0131n\u0131n maliyetin alt\u0131nda kald\u0131\u011f\u0131n\u0131 belirten \u00fcreticilerden 100 ton limon sat\u0131n alacaklar\u0131n\u0131 duyuran Ba\u015fkan Se\u00e7er, belediye ba\u015fkanlar\u0131na da dayan\u0131\u015fma \u00e7a\u011fr\u0131s\u0131nda bulundu. &#8220;Maliyetler fiyatlar\u0131n \u00e7ok \u00fczerinde. \u00dcretici zarar ediyor, \u00fcretici s\u0131k\u0131nt\u0131l\u0131 bir durumda. \u00dcretici S.O.S. veriyor&#8221; ifadelerine yer veren Ba\u015fkan Se\u00e7er&#8217;in dayan\u0131\u015fma \u00e7a\u011fr\u0131s\u0131na \u0130stanbul, Ankara, Tekirda\u011f ve Eski\u015fehir B\u00fcy\u00fck\u015fehir Belediye Ba\u015fkanlar\u0131&#8217;ndan yan\u0131t geldi.<br \/>\nLimonlar\u0131n 90 tonu 4 B\u00fcy\u00fck\u015fehir&#8217;e g\u00f6nderildi<br \/>\n\u00dcreticiler, Mersin B\u00fcy\u00fck\u015fehir Belediyesi Tar\u0131msal ve Veteriner Hizmetleri Dairesi taraf\u0131ndan al\u0131m\u0131 yap\u0131lan limonlar\u0131 toplay\u0131p paketledi. Limonlar\u0131n 25&#8217;er tonu \u0130stanbul ve Ankara&#8217;ya, 20 tonu ise Tekirda\u011f&#8217;a g\u00f6nderildi. 20 tonluk son sevkiyat ise Eski\u015fehir&#8217;e yap\u0131ld\u0131. Dayan\u0131\u015fma i\u00e7erisindeki B\u00fcy\u00fck\u015fehir Belediyeleri, kentlerine ula\u015fan limonlar\u0131 vatanda\u015flara da\u011f\u0131tt\u0131. 10 tonluk limonun ise B\u00fcy\u00fck\u015fehir Belediyesi Sosyal Hizmetler Dairesi ile Muhtarl\u0131k \u0130\u015fleri Dairesi&#8217;nin i\u015f birli\u011fiyle Mersin&#8217;deki da\u011f\u0131t\u0131m\u0131 yap\u0131ld\u0131.<br \/>\n10 ton limonun Mersin&#8217;in 3 il\u00e7esinde da\u011f\u0131t\u0131mlar\u0131 tamamland\u0131<br \/>\nLimon \u00fcretiminin yap\u0131lmad\u0131\u011f\u0131 Mut, G\u00fclnar ve \u00c7aml\u0131yayla il\u00e7elerinde yap\u0131lan da\u011f\u0131t\u0131mlarda 2,5 kiloluk paketler halindeki limonlar dar gelirli vatanda\u015flar\u0131n yo\u011fun olarak ya\u015fad\u0131\u011f\u0131 mahallelere ula\u015ft\u0131r\u0131ld\u0131. Da\u011f\u0131t\u0131mlar\u0131n yap\u0131ld\u0131\u011f\u0131 bir nokta da Mersin&#8217;in merkezine yakla\u015f\u0131k 170 kilometre uzakl\u0131kta ve 1300 rak\u0131mda bulunan G\u00fclnar&#8217;\u0131n K\u00f6se\u00e7obanl\u0131 Mahallesi oldu.<br \/>\nB\u00fcy\u00fck\u015fehir Belediyesi Muhtarl\u0131k \u0130\u015fleri Dairesi G\u00fclnar \u015eube M\u00fcd\u00fcr\u00fc Birol Kandemir, G\u00fclnar&#8217;da y\u00fcr\u00fct\u00fclen \u00e7al\u0131\u015fmayla ilgili bilgi vererek, &#8220;G\u00fclnar, Mersin&#8217;in en k\u0131rsal il\u00e7elerinden bir tanesidir. Bu mahallemiz de yakla\u015f\u0131k 1000 metrenin \u00fczerinde, dar gelirli vatanda\u015flar\u0131n \u00e7ok oldu\u011fu bir mahalle oldu\u011fu i\u00e7in bu b\u00f6lge proje a\u00e7\u0131s\u0131ndan en uygun yerlerden bir tanesidir. Limonlar, Muhtarl\u0131k \u0130\u015fleri Daire Ba\u015fkanl\u0131\u011f\u0131 taraf\u0131ndan \u015fube m\u00fcd\u00fcrl\u00fc\u011f\u00fcm\u00fcz\u00fcn imkanlar\u0131yla mahallelerde tespit etti\u011fimiz dar gelirli vatanda\u015flar\u0131m\u0131za personelimiz taraf\u0131ndan tek tek da\u011f\u0131t\u0131lmaktad\u0131r&#8221; diye konu\u015ftu.<br \/>\nB\u00fcy\u00fck\u015fehir Belediyesi Sosyal Hizmetler Dairesi&#8217;nde g\u00f6revli Sosyal Hizmet Uzman\u0131 \u0130brahim Halil Polat da G\u00fclnar&#8217;daki da\u011f\u0131t\u0131mlarda yer ald\u0131. Limonlar\u0131n sosyoekonomik gelir d\u00fczeyine g\u00f6re da\u011f\u0131t\u0131ld\u0131\u011f\u0131n\u0131 s\u00f6yleyen Polat, limon \u00fcretiminin olmad\u0131\u011f\u0131 Mut, G\u00fclnar ve \u00c7aml\u0131yayla&#8217;da da\u011f\u0131t\u0131mlar\u0131n ger\u00e7ekle\u015ftirildi\u011fini vurgulad\u0131. Polat, &#8220;Ailelerin ekonomik gelir d\u00fczeyleri belirlendi. Ard\u0131ndan hanelere tek tek da\u011f\u0131t\u0131m\u0131n\u0131 ger\u00e7ekle\u015ftirdik&#8221; ifadelerine yer verdi.<br \/>\n&#8220;Burada limon a\u011fac\u0131 yok ki biz \u00fcretelim&#8221;<br \/>\nG\u00fclnar&#8217;\u0131n K\u00f6se\u00e7obanl\u0131 Mahallesi&#8217;nde ya\u015fayan 62 ya\u015f\u0131ndaki H\u00fcseyin Solak, \u00fcreticiye yap\u0131lan deste\u011fi takip etti\u011fini belirterek, &#8220;Bizim Mersin&#8217;deki limoncu karde\u015flerimizin limonu a\u011fac\u0131n ba\u015f\u0131nda kalm\u0131\u015f. Ben daha \u00f6nce de duydum, dinledim. Ba\u015fkan\u0131m\u0131z sa\u011f olsun sat\u0131n alm\u0131\u015f. K\u0131rsal mahallelerde, yaylalarda bizlere hediye etti. Sa\u011f olsun, var olsun. Bizim burada limon bitmiyor. Elma ve badem bitiyor burada. Burada Araba\u015f\u0131 yapaca\u011f\u0131z \u00f6\u011flen, limon da yoktu. \u00c7ok iyi oldu&#8221; dedi.<br \/>\nLimon da\u011f\u0131t\u0131lan vatanda\u015flardan Veli G\u00f6k\u00e7\u00fcl, &#8220;Bulunmaz burada limon. 5 liradan, 6 liradan ancak buluruz. Bulmas\u0131 zor. \u015eifa kayna\u011f\u0131, \u00e7orbaya kataca\u011f\u0131z, i\u00e7ece\u011fiz. Sa\u011f olsun Ba\u015fkan\u0131m\u0131z&#8221; derken, Ay\u015fe Gerele\u011fiz ise &#8220;Nesini \u00fcretece\u011fiz? Burada limon a\u011fac\u0131 yok ki biz \u00fcretelim. Onlar \u00fcretiyor, biz de sat\u0131n al\u0131yoruz. Ne yapal\u0131m. Allah&#8217;\u0131n verdi\u011fine \u015f\u00fck\u00fcr&#8221; diye konu\u015ftu.<br \/>\n&#8220;\u00dcreticinin dal\u0131nda kalm\u0131\u015f, Ba\u015fkan\u0131m\u0131z da indirtmi\u015f, \u015fimdi de bizlere hediye etmi\u015f&#8221;<br \/>\nVatanda\u015flardan Ay\u015fe Fatma Mustulo\u011flu, &#8220;\u00c7orba pi\u015fiririz yine s\u0131kar\u0131z, Araba\u015f\u0131 yapar\u0131z yine s\u0131kar\u0131z. Hepsinde bize gerekli. Limon getirdiler, \u00e7ok sa\u011f olsunlar. Bir geldi, bin tane olsun&#8221; dedi. \u00dcmm\u00fc \u015eanl\u0131 da \u00fcreticiye yap\u0131lan deste\u011fi takdir etti\u011fini belirterek, &#8220;\u00dcreticinin dal\u0131nda kalm\u0131\u015f, Belediye Ba\u015fkan\u0131m\u0131z da indirtmi\u015f, \u015fimdi de bizlere hediye etmi\u015f. Allah raz\u0131 olsun, sa\u011f olsun&#8221; ifadelerine yer verdi.<br \/>\nLimonlar, \u00c7aml\u0131yayla&#8217;da da da\u011f\u0131t\u0131ld\u0131<br \/>\nY\u00fcksek rak\u0131m\u0131 nedeniyle narenciye \u00fcretiminin s\u0131n\u0131rl\u0131 yap\u0131ld\u0131\u011f\u0131 il\u00e7elerden birisi olan \u00c7aml\u0131yayla&#8217;n\u0131n 14 mahallesinde de limon da\u011f\u0131t\u0131mlar\u0131 yap\u0131ld\u0131. \u00c7aml\u0131yayla&#8217;n\u0131n K\u00f6rmenlik Mahallesi sakinlerinden Berdan Dalg\u0131\u00e7, &#8220;B\u00fcy\u00fck\u015fehirimizin, Belediye Ba\u015fkan\u0131m\u0131z\u0131n yapt\u0131\u011f\u0131 hizmetlerden dolay\u0131 te\u015fekk\u00fcr ederiz. Limon olsun, un olsun bu gibi yard\u0131mlar\u0131 ve k\u00f6y\u00fcm\u00fcz\u00fcn b\u00fct\u00fcn yol ve asfalt i\u015flerini g\u00fczel yap\u0131yor. Allah raz\u0131 olsun, te\u015fekk\u00fcr ederiz&#8221; dedi.<\/p>\n","protected":false},"excerpt":{"rendered":"<p>Mersin B\u00fcy\u00fck\u015fehir Belediyesi&#8217;nin Erdemli&#8217;deki limon \u00fcreticisine destek olmak amac\u0131yla sat\u0131n ald\u0131\u011f\u0131 100 ton limonun 4 kente yap\u0131lan 90 tonluk sevkiyatlar\u0131 tamamland\u0131. 10 ton limonun ise Mersin&#8217;de limon \u00fcretiminin olmad\u0131\u011f\u0131 3 &hellip; <a href=\"https:\/\/akdenizolaygazetesi.com\/?p=16697\" class=\"more-link\">Devam\u0131n\u0131 Oku&#8230;<\/a><\/p>\n","protected":false},"author":2,"featured_media":16698,"comment_status":"open","ping_status":"open","sticky":false,"template":"","format":"standard","meta":[],"categories":[8,2,3],"tags":[],"_links":{"self":[{"href":"https:\/\/akdenizolaygazetesi.com\/index.php?rest_route=\/wp\/v2\/posts\/16697"}],"collection":[{"href":"https:\/\/akdenizolaygazetesi.com\/index.php?rest_route=\/wp\/v2\/posts"}],"about":[{"href":"https:\/\/akdenizolaygazetesi.com\/index.php?rest_route=\/wp\/v2\/types\/post"}],"author":[{"embeddable":true,"href":"https:\/\/akdenizolaygazetesi.com\/index.php?rest_route=\/wp\/v2\/users\/2"}],"replies":[{"embeddable":true,"href":"https:\/\/akdenizolaygazetesi.com\/index.php?rest_route=%2Fwp%2Fv2%2Fcomments&post=16697"}],"version-history":[{"count":1,"href":"https:\/\/akdenizolaygazetesi.com\/index.php?rest_route=\/wp\/v2\/posts\/16697\/revisions"}],"predecessor-version":[{"id":16699,"href":"https:\/\/akdenizolaygazetesi.com\/index.php?rest_route=\/wp\/v2\/posts\/16697\/revisions\/16699"}],"wp:featuredmedia":[{"embeddable":true,"href":"https:\/\/akdenizolaygazetesi.com\/index.php?rest_route=\/wp\/v2\/media\/16698"}],"wp:attachment":[{"href":"https:\/\/akdenizolaygazetesi.com\/index.php?rest_route=%2Fwp%2Fv2%2Fmedia&parent=16697"}],"wp:term":[{"taxonomy":"category","embeddable":true,"href":"https:\/\/akdenizolaygazetesi.com\/index.php?rest_route=%2Fwp%2Fv2%2Fcategories&post=16697"},{"taxonomy":"post_tag","embeddable":true,"href":"https:\/\/akdenizolaygazetesi.com\/index.php?rest_route=%2Fwp%2Fv2%2Ftags&post=16697"}],"curies":[{"name":"wp","href":"https:\/\/api.w.org\/{rel}","templated":true}]}}