{"id":1670,"date":"2020-11-04T18:22:13","date_gmt":"2020-11-04T15:22:13","guid":{"rendered":"http:\/\/mersinekonomipolitikagazetesi.com\/?p=1670"},"modified":"2020-11-04T18:22:13","modified_gmt":"2020-11-04T15:22:13","slug":"toroslar-belediye-meclisi-encumen-ve-komisyon-uyelerini-secti","status":"publish","type":"post","link":"https:\/\/akdenizolaygazetesi.com\/?p=1670","title":{"rendered":"Toroslar Belediye Meclisi, enc\u00fcmen ve komisyon \u00fcyelerini se\u00e7ti"},"content":{"rendered":"<p>Toroslar Belediye Meclisi Nisan Ay\u0131 Ola\u011fan Meclis Toplant\u0131s\u0131n\u0131 yapt\u0131. Belediye Ba\u015fkan\u0131 Hamit Tuna ba\u015fkanl\u0131\u011f\u0131nda yap\u0131lan toplant\u0131, bir \u00f6nceki birle\u015fime ait karar \u00f6zetinin okunarak oy birli\u011fiyle kabul edilmesiyle ba\u015flad\u0131. Ard\u0131ndan g\u00fcndemin di\u011fer maddelerine ge\u00e7ildi.<\/p>\n<p><span style=\"font-size:16px;\"><span style=\"font-family: sans-serif; line-height: 20px; text-align: justify; background-color: rgb(242, 244, 245);\">Toplant\u0131da Enc\u00fcmen, Plan ve B\u00fct\u00e7e, \u0130mar ve Bay\u0131nd\u0131rl\u0131k, \u00c7evre ve Sa\u011fl\u0131k, Gen\u00e7lik ve Spor, E\u011fitim, K\u00fclt\u00fcr, Sanat ve Sosyal \u0130\u015fler, Tar\u0131m, Orman ve Hayvanc\u0131l\u0131k ile Kad\u0131n Erkek E\u015fitli\u011fi Komisyonlar\u0131n\u0131n \u00fcyelerinin se\u00e7imi yap\u0131ld\u0131.\u00a0<\/span><br style=\"box-sizing: border-box; font-family: sans-serif; font-size: 14px; line-height: 20px; text-align: justify; background-color: rgb(242, 244, 245);\" \/><br \/>\n<span style=\"font-family: sans-serif; line-height: 20px; text-align: justify; background-color: rgb(242, 244, 245);\">Gizli oy a\u00e7\u0131k tasnif usul\u00fc ile yap\u0131lan oylama sonucunda yap\u0131lacak ilk mahalli idareler se\u00e7imlerine kadar g\u00f6rev yapmak \u00fczere enc\u00fcmen \u00fcyeliklerine \u00d6mer Bilgin, Mehmet Tan ve \u0130brahim Kaya se\u00e7ildi.\u00a0<\/span><br style=\"box-sizing: border-box; font-family: sans-serif; font-size: 14px; line-height: 20px; text-align: justify; background-color: rgb(242, 244, 245);\" \/><br \/>\n<span style=\"font-family: sans-serif; line-height: 20px; text-align: justify; background-color: rgb(242, 244, 245);\">Toplant\u0131, yap\u0131lacak ilk mahalli idareler se\u00e7imlerine kadar g\u00f6rev yapmak \u00fczere ihtisas Komisyonlar\u0131na 5\u2019er \u00fcyenin belirlenmesiyle devam etti.\u00a0<\/span><br style=\"box-sizing: border-box; font-family: sans-serif; font-size: 14px; line-height: 20px; text-align: justify; background-color: rgb(242, 244, 245);\" \/><br \/>\n<span style=\"font-family: sans-serif; line-height: 20px; text-align: justify; background-color: rgb(242, 244, 245);\">\u0130mar ve \u015eehircilik M\u00fcd\u00fcrl\u00fc\u011f\u00fcnden gelen g\u00fcndem maddeleri ile belediye ihtisas komisyonlar\u0131ndan gelen raporlar\u0131n da g\u00f6r\u00fc\u015f\u00fclerek karara ba\u011fland\u0131\u011f\u0131 toplant\u0131da, may\u0131s ay\u0131nda yap\u0131lacak olan meclis toplant\u0131 g\u00fcn\u00fcn\u00fcn, 2 May\u0131s \u00c7ar\u015famba g\u00fcn\u00fc saat: 14.00 olarak belirlenmesi oy birli\u011fiyle kabul edildi.\u00a0<\/span><br style=\"box-sizing: border-box; font-family: sans-serif; font-size: 14px; line-height: 20px; text-align: justify; background-color: rgb(242, 244, 245);\" \/><br \/>\n<span style=\"font-family: sans-serif; line-height: 20px; text-align: justify; background-color: rgb(242, 244, 245);\">Toroslar Belediyesi\u2019nin 2017 mali y\u0131l\u0131 gelir ve giderleri ile bunlara ili\u015fkin hesap kay\u0131t ve i\u015flemlerini i\u00e7eren denetim raporu okunarak meclisin bilgisine sunulurken, toplant\u0131da ayr\u0131ca, Toroslar Belediyesi\u2019nin 1 Ocak 2017- 31 Aral\u0131k 2017 d\u00f6nemini kapsayan faaliyet raporu da g\u00f6r\u00fc\u015f\u00fclerek oy birli\u011fiyle kabul edildi.\u00a0<\/span><br style=\"box-sizing: border-box; font-family: sans-serif; font-size: 14px; line-height: 20px; text-align: justify; background-color: rgb(242, 244, 245);\" \/><br \/>\n<span style=\"font-family: sans-serif; line-height: 20px; text-align: justify; background-color: rgb(242, 244, 245);\">Temenni ve \u00f6neriler b\u00f6l\u00fcm\u00fcnde s\u00f6z alan Toroslar Belediye Ba\u015fkan\u0131 Hamit Tuna, hizmette 14\u2019\u00fcnc\u00fc y\u0131l\u0131 tamamlad\u0131klar\u0131n\u0131 ve g\u00f6reve geldikleri ilk g\u00fcnden itibaren canla, ba\u015fla Toroslar\u2019\u0131 daha g\u00fczel ve daha ya\u015fan\u0131labilir bir kent haline getirdiklerini belirterek, bu faaliyetlerinde eme\u011fi olan ve katk\u0131 sunan meclis \u00fcyeleri ile t\u00fcm personeline te\u015fekk\u00fcr etti.\u00a0<\/span><\/span><\/p>\n","protected":false},"excerpt":{"rendered":"<p>Toroslar Belediye Meclisi Nisan Ay\u0131 Ola\u011fan Meclis Toplant\u0131s\u0131n\u0131 yapt\u0131. Belediye Ba\u015fkan\u0131 Hamit Tuna ba\u015fkanl\u0131\u011f\u0131nda yap\u0131lan toplant\u0131, bir \u00f6nceki birle\u015fime ait karar \u00f6zetinin okunarak oy birli\u011fiyle kabul edilmesiyle ba\u015flad\u0131. Ard\u0131ndan g\u00fcndemin &hellip; <a href=\"https:\/\/akdenizolaygazetesi.com\/?p=1670\" class=\"more-link\">Devam\u0131n\u0131 Oku&#8230;<\/a><\/p>\n","protected":false},"author":1,"featured_media":0,"comment_status":"open","ping_status":"open","sticky":false,"template":"","format":"standard","meta":[],"categories":[],"tags":[],"_links":{"self":[{"href":"https:\/\/akdenizolaygazetesi.com\/index.php?rest_route=\/wp\/v2\/posts\/1670"}],"collection":[{"href":"https:\/\/akdenizolaygazetesi.com\/index.php?rest_route=\/wp\/v2\/posts"}],"about":[{"href":"https:\/\/akdenizolaygazetesi.com\/index.php?rest_route=\/wp\/v2\/types\/post"}],"author":[{"embeddable":true,"href":"https:\/\/akdenizolaygazetesi.com\/index.php?rest_route=\/wp\/v2\/users\/1"}],"replies":[{"embeddable":true,"href":"https:\/\/akdenizolaygazetesi.com\/index.php?rest_route=%2Fwp%2Fv2%2Fcomments&post=1670"}],"version-history":[{"count":0,"href":"https:\/\/akdenizolaygazetesi.com\/index.php?rest_route=\/wp\/v2\/posts\/1670\/revisions"}],"wp:attachment":[{"href":"https:\/\/akdenizolaygazetesi.com\/index.php?rest_route=%2Fwp%2Fv2%2Fmedia&parent=1670"}],"wp:term":[{"taxonomy":"category","embeddable":true,"href":"https:\/\/akdenizolaygazetesi.com\/index.php?rest_route=%2Fwp%2Fv2%2Fcategories&post=1670"},{"taxonomy":"post_tag","embeddable":true,"href":"https:\/\/akdenizolaygazetesi.com\/index.php?rest_route=%2Fwp%2Fv2%2Ftags&post=1670"}],"curies":[{"name":"wp","href":"https:\/\/api.w.org\/{rel}","templated":true}]}}