{"id":16700,"date":"2022-02-16T13:22:12","date_gmt":"2022-02-16T10:22:12","guid":{"rendered":"http:\/\/akdenizolaygazetesi.com\/?p=16700"},"modified":"2022-02-16T13:22:12","modified_gmt":"2022-02-16T10:22:12","slug":"yerelde-kalkinma-boyle-olur","status":"publish","type":"post","link":"https:\/\/akdenizolaygazetesi.com\/?p=16700","title":{"rendered":"&#8220;Yerelde Kalk\u0131nma B\u00f6yle Olur&#8221;"},"content":{"rendered":"<p>Toroslar Belediye Ba\u015fkan\u0131 Ats\u0131z Af\u015f\u0131n Y\u0131lmaz&#8217;\u0131n Mersin&#8217;de k\u0131\u015f turizmine yeni bir ivme katt\u0131\u011f\u0131 Toroslar 2&#8217;nci Kar Festivali, T\u00fcrkiye g\u00fcndemine oturdu.<\/p>\n<p>Festival, yerel ve ulusal yay\u0131n organlar\u0131n\u0131n yo\u011fun ilgisini \u00e7ekerken, #ToroslarKarFest etiketiyle de sosyal medyada yerini ald\u0131. D\u00fcnya, Mersin&#8217;in g\u00fczelliklerini canl\u0131 olarak takip etti.<\/p>\n<p>Toroslar&#8217;\u0131n zirvesi Arslank\u00f6y yaylas\u0131nda 2 g\u00fcn boyunca s\u00fcren festivalin; k\u0131\u015f sporlar\u0131, konserler, yar\u0131\u015fmalar ve a\u00e7\u0131k hava etkinlikleriyle her saati dopdolu ge\u00e7ti. Belediye, festival s\u00fcresince kentin 4 merkez il\u00e7esinden kat\u0131l\u0131mc\u0131lara \u00fccretsiz ula\u015f\u0131m imkan\u0131 sundu.<\/p>\n<p>Mersin ve il\u00e7elerinin yan\u0131 s\u0131ra Adana, Hatay, Konya ve Gaziantep illerinden de binlerce ki\u015fiyi a\u011f\u0131rlayan festivalde, \u00e7ocuklar kadar yeti\u015fkinler de doyas\u0131ya e\u011flendi.<\/p>\n<p>&#8220;Yerelde Kalk\u0131nma B\u00f6yle Olur&#8221;<\/p>\n<p>Festival, hem b\u00f6lge esnaf\u0131n\u0131n kalk\u0131nmas\u0131na hem de kentin tan\u0131t\u0131m\u0131na da b\u00fcy\u00fck katk\u0131 sa\u011flam\u0131\u015f oldu.<\/p>\n<p>Arslank\u00f6yl\u00fc vatanda\u015flar, y\u00f6resel \u00fcr\u00fcnlerinin tan\u0131t\u0131m\u0131n\u0131 ve sat\u0131\u015f\u0131n\u0131 yaparken, Toroslar Belediyesi Teknik ve Mesleki E\u011fitim Kurslar\u0131 (TORTEK) Merkezinin kursiyerleri de el eme\u011fi ve g\u00f6z nuru ile haz\u0131rlad\u0131klar\u0131 \u00fcr\u00fcnlerini sergileyerek kat\u0131l\u0131mc\u0131lar\u0131n be\u011fenisine sundu.<\/p>\n<p>7&#8217;den 70&#8217;e herkesin heyecanla ve \u00f6zlemle bekledi\u011fi Kar Festivali&#8217;ne kavu\u015fan vatanda\u015flar ise kar\u0131n ve do\u011fan\u0131n keyfini \u00e7\u0131kard\u0131klar\u0131n\u0131 belirterek, festivali d\u00fczenleyen Ba\u015fkan Y\u0131lmaz&#8217;a te\u015fekk\u00fcr etti.<\/p>\n<p>B\u00f6lge esnaf\u0131 da &#8220;Yerelde kalk\u0131nma b\u00f6yle olur&#8221; diyerek Ba\u015fkan Y\u0131lmaz&#8217;dan festivalin devam\u0131n\u0131 diledi.<\/p>\n<p>&#8220;Kar Festivali, Turizm \u015eehri Mersinimizin Marka De\u011ferini Y\u00fckseltti&#8221;<\/p>\n<p>Toroslar Belediye Ba\u015fkan\u0131 Ats\u0131z Af\u015f\u0131n Y\u0131lmaz, birlik ve beraberlik i\u00e7inde ge\u00e7en bir festivale ev sahipli\u011fi yapman\u0131n gururunu ya\u015fad\u0131klar\u0131n\u0131 s\u00f6yleyerek; &#8220;Mersin, k\u0131\u015f turizminin parlayan y\u0131ld\u0131z\u0131 olma yolunda emin ad\u0131mlarla ilerliyor&#8221; dedi.<\/p>\n<p>Ba\u015fkan Y\u0131lmaz; &#8220;Mersinimizin k\u0131\u015f turizminde de b\u00fcy\u00fck bir potansiyeli var. Festival ile buna de\u011fer katt\u0131k. \u0130l\u00e7emizin 1453 rak\u0131ml\u0131 Arslank\u00f6y yaylam\u0131zda bu y\u0131l ikincisini d\u00fczenledi\u011fimiz ve geleneksel hale getirdi\u011fimiz festival ile k\u0131\u015f turizminde bir \u00e7\u0131\u011f\u0131r a\u00e7t\u0131k. Festivalimiz, ulusal medyan\u0131n da g\u00fcndemine oturdu. \u00c7al\u0131\u015fmalar\u0131m\u0131za ayn\u0131 h\u0131z ve heyecanla devam edece\u011fiz&#8221; ifadelerini kulland\u0131.<\/p>\n","protected":false},"excerpt":{"rendered":"<p>Toroslar Belediye Ba\u015fkan\u0131 Ats\u0131z Af\u015f\u0131n Y\u0131lmaz&#8217;\u0131n Mersin&#8217;de k\u0131\u015f turizmine yeni bir ivme katt\u0131\u011f\u0131 Toroslar 2&#8217;nci Kar Festivali, T\u00fcrkiye g\u00fcndemine oturdu. Festival, yerel ve ulusal yay\u0131n organlar\u0131n\u0131n yo\u011fun ilgisini \u00e7ekerken, #ToroslarKarFest &hellip; <a href=\"https:\/\/akdenizolaygazetesi.com\/?p=16700\" class=\"more-link\">Devam\u0131n\u0131 Oku&#8230;<\/a><\/p>\n","protected":false},"author":2,"featured_media":16701,"comment_status":"open","ping_status":"open","sticky":false,"template":"","format":"standard","meta":[],"categories":[7,1,2,3,5],"tags":[],"_links":{"self":[{"href":"https:\/\/akdenizolaygazetesi.com\/index.php?rest_route=\/wp\/v2\/posts\/16700"}],"collection":[{"href":"https:\/\/akdenizolaygazetesi.com\/index.php?rest_route=\/wp\/v2\/posts"}],"about":[{"href":"https:\/\/akdenizolaygazetesi.com\/index.php?rest_route=\/wp\/v2\/types\/post"}],"author":[{"embeddable":true,"href":"https:\/\/akdenizolaygazetesi.com\/index.php?rest_route=\/wp\/v2\/users\/2"}],"replies":[{"embeddable":true,"href":"https:\/\/akdenizolaygazetesi.com\/index.php?rest_route=%2Fwp%2Fv2%2Fcomments&post=16700"}],"version-history":[{"count":1,"href":"https:\/\/akdenizolaygazetesi.com\/index.php?rest_route=\/wp\/v2\/posts\/16700\/revisions"}],"predecessor-version":[{"id":16702,"href":"https:\/\/akdenizolaygazetesi.com\/index.php?rest_route=\/wp\/v2\/posts\/16700\/revisions\/16702"}],"wp:featuredmedia":[{"embeddable":true,"href":"https:\/\/akdenizolaygazetesi.com\/index.php?rest_route=\/wp\/v2\/media\/16701"}],"wp:attachment":[{"href":"https:\/\/akdenizolaygazetesi.com\/index.php?rest_route=%2Fwp%2Fv2%2Fmedia&parent=16700"}],"wp:term":[{"taxonomy":"category","embeddable":true,"href":"https:\/\/akdenizolaygazetesi.com\/index.php?rest_route=%2Fwp%2Fv2%2Fcategories&post=16700"},{"taxonomy":"post_tag","embeddable":true,"href":"https:\/\/akdenizolaygazetesi.com\/index.php?rest_route=%2Fwp%2Fv2%2Ftags&post=16700"}],"curies":[{"name":"wp","href":"https:\/\/api.w.org\/{rel}","templated":true}]}}