{"id":16704,"date":"2022-02-16T17:05:25","date_gmt":"2022-02-16T14:05:25","guid":{"rendered":"http:\/\/akdenizolaygazetesi.com\/?p=16704"},"modified":"2022-02-16T17:05:25","modified_gmt":"2022-02-16T14:05:25","slug":"toroslarda-calisani-sevindiren-sozlesme","status":"publish","type":"post","link":"https:\/\/akdenizolaygazetesi.com\/?p=16704","title":{"rendered":"&#8220;TOROSLAR&#8217;DA \u00c7ALI\u015eANI SEV\u0130ND\u0130REN S\u00d6ZLE\u015eME&#8221;"},"content":{"rendered":"<p>Toroslar Belediyesi&#8217;nde yap\u0131lan Toplu \u0130\u015f S\u00f6zle\u015fmesi ile en d\u00fc\u015f\u00fck i\u015f\u00e7i maa\u015f\u0131 5 bin 256 TL&#8217;ye y\u00fckseltildi.<\/p>\n<p>Asgari \u00fccretin 2022 y\u0131l\u0131 i\u00e7in 4 bin 253 TL olmas\u0131n\u0131n ard\u0131ndan maa\u015flarda d\u00fczenleme yapt\u0131klar\u0131n\u0131 belirten Toroslar Belediye Ba\u015fkan\u0131 Ats\u0131z Af\u015f\u0131n Y\u0131lmaz; &#8220;Toroslar Belediyesi olarak, hem \u00e7al\u0131\u015fan\u0131m\u0131za hak etti\u011finin fazlas\u0131n\u0131 vermeye gayret eden hem de il\u00e7emize her alanda hizmet eden bir belediye olman\u0131n gururunu ve mutlulu\u011funu ya\u015f\u0131yoruz&#8221; dedi.<\/p>\n<p>&#8220;\u00c7al\u0131\u015fanlar\u0131m\u0131z\u0131n sosyal haklar\u0131n\u0131 da g\u00f6zeterek ve iyile\u015ftirmeler yaparak enflasyon kar\u015f\u0131s\u0131nda ekonomik olarak en y\u00fcksek oranda faydalanmalar\u0131n\u0131 sa\u011flad\u0131k&#8221; diyen Ba\u015fkan Y\u0131lmaz; &#8220;Ortalama y\u00fczde 34.45&#8217;lik bir zamla, 696 say\u0131l\u0131 KHK kapsam\u0131nda \u00e7al\u0131\u015fan personelimizin maa\u015f\u0131n\u0131 3 bin 909 TL&#8217;den 5 bin 256 TL&#8217;ye y\u00fckseltmi\u015f olduk. Yani, Toroslar Belediyesi&#8217;nde en d\u00fc\u015f\u00fck \u00fccret 5 bin 256 lira oldu. Hay\u0131rl\u0131, u\u011furlu olsun&#8221; diye konu\u015ftu.<\/p>\n<p>Ba\u015fkan Y\u0131lmaz, belediyenin ekonomik imkanlar\u0131 \u00f6l\u00e7\u00fcs\u00fcnde zam art\u0131\u015f\u0131n\u0131 s\u00fcrd\u00fcreceklerini kaydederek; &#8220;Ayr\u0131ca Haziran ay\u0131nda da verece\u011fimiz y\u00fczde 20&#8217;lik zamla birlikte toplamda bir y\u0131lda ortalama y\u00fczde 54.45&#8217;lik zam yaparak Haziran ay\u0131ndan itibaren en d\u00fc\u015f\u00fck personel maa\u015f\u0131m\u0131z\u0131 6 bin 308 TL yapm\u0131\u015f oluyoruz&#8221; ifadelerini kulland\u0131.<\/p>\n<p>&#8220;Biz B\u00fcy\u00fck Bir Aileyiz&#8221;<\/p>\n<p>Toroslar&#8217;a en g\u00fczel hizmeti sunmak ad\u0131na gece g\u00fcnd\u00fcz demeden \u00f6zveriyle \u00e7al\u0131\u015fan t\u00fcm personeline te\u015fekk\u00fcr eden Ba\u015fkan Y\u0131lmaz; &#8220;Biz, b\u00fcy\u00fck bir aileyiz. Belediyemizde \u00e7al\u0131\u015fan her bir personelimiz bizim i\u00e7in \u00e7ok de\u011ferli ve k\u0131ymetli. Personelimizin al\u0131n teri ve eme\u011fi paha bi\u00e7ilemez. Maa\u015flarda yapt\u0131\u011f\u0131m\u0131z bu iyile\u015ftirme t\u00fcm \u00e7al\u0131\u015fma arkada\u015flar\u0131m\u0131z i\u00e7in hay\u0131rl\u0131 olsun. Bir aile olarak birlik ve beraberlik i\u00e7inde hareket etmeye devam edece\u011fiz&#8221; diye konu\u015ftu.<\/p>\n","protected":false},"excerpt":{"rendered":"<p>Toroslar Belediyesi&#8217;nde yap\u0131lan Toplu \u0130\u015f S\u00f6zle\u015fmesi ile en d\u00fc\u015f\u00fck i\u015f\u00e7i maa\u015f\u0131 5 bin 256 TL&#8217;ye y\u00fckseltildi. Asgari \u00fccretin 2022 y\u0131l\u0131 i\u00e7in 4 bin 253 TL olmas\u0131n\u0131n ard\u0131ndan maa\u015flarda d\u00fczenleme yapt\u0131klar\u0131n\u0131 &hellip; <a href=\"https:\/\/akdenizolaygazetesi.com\/?p=16704\" class=\"more-link\">Devam\u0131n\u0131 Oku&#8230;<\/a><\/p>\n","protected":false},"author":2,"featured_media":16705,"comment_status":"open","ping_status":"open","sticky":false,"template":"","format":"standard","meta":[],"categories":[8,1,2,3],"tags":[],"_links":{"self":[{"href":"https:\/\/akdenizolaygazetesi.com\/index.php?rest_route=\/wp\/v2\/posts\/16704"}],"collection":[{"href":"https:\/\/akdenizolaygazetesi.com\/index.php?rest_route=\/wp\/v2\/posts"}],"about":[{"href":"https:\/\/akdenizolaygazetesi.com\/index.php?rest_route=\/wp\/v2\/types\/post"}],"author":[{"embeddable":true,"href":"https:\/\/akdenizolaygazetesi.com\/index.php?rest_route=\/wp\/v2\/users\/2"}],"replies":[{"embeddable":true,"href":"https:\/\/akdenizolaygazetesi.com\/index.php?rest_route=%2Fwp%2Fv2%2Fcomments&post=16704"}],"version-history":[{"count":1,"href":"https:\/\/akdenizolaygazetesi.com\/index.php?rest_route=\/wp\/v2\/posts\/16704\/revisions"}],"predecessor-version":[{"id":16706,"href":"https:\/\/akdenizolaygazetesi.com\/index.php?rest_route=\/wp\/v2\/posts\/16704\/revisions\/16706"}],"wp:featuredmedia":[{"embeddable":true,"href":"https:\/\/akdenizolaygazetesi.com\/index.php?rest_route=\/wp\/v2\/media\/16705"}],"wp:attachment":[{"href":"https:\/\/akdenizolaygazetesi.com\/index.php?rest_route=%2Fwp%2Fv2%2Fmedia&parent=16704"}],"wp:term":[{"taxonomy":"category","embeddable":true,"href":"https:\/\/akdenizolaygazetesi.com\/index.php?rest_route=%2Fwp%2Fv2%2Fcategories&post=16704"},{"taxonomy":"post_tag","embeddable":true,"href":"https:\/\/akdenizolaygazetesi.com\/index.php?rest_route=%2Fwp%2Fv2%2Ftags&post=16704"}],"curies":[{"name":"wp","href":"https:\/\/api.w.org\/{rel}","templated":true}]}}