{"id":16708,"date":"2022-02-17T13:14:22","date_gmt":"2022-02-17T10:14:22","guid":{"rendered":"http:\/\/akdenizolaygazetesi.com\/?p=16708"},"modified":"2022-02-17T13:14:22","modified_gmt":"2022-02-17T10:14:22","slug":"herkes-belediye-baskani-olabilir-ama-herkes-sanatci-olamaz","status":"publish","type":"post","link":"https:\/\/akdenizolaygazetesi.com\/?p=16708","title":{"rendered":"&#8220;HERKES BELED\u0130YE BA\u015eKANI OLAB\u0130L\u0130R AMA HERKES SANAT\u00c7I OLAMAZ&#8221;"},"content":{"rendered":"<p>Mersin B\u00fcy\u00fck\u015fehir Belediye Ba\u015fkan\u0131 Vahap Se\u00e7er ve e\u015fi Meral Se\u00e7er, Mersin B\u00fcy\u00fck\u015fehir Belediyesi K\u00fclt\u00fcr ve Sosyal \u0130\u015fler Dairesi&#8217;ne ba\u011fl\u0131 Kent Orkestras\u0131&#8217;n\u0131n &#8216;Sevgililer G\u00fcn\u00fc Konseri&#8217;ne kat\u0131ld\u0131. Ba\u015fkan Se\u00e7er, Mersin&#8217;de b\u00fcy\u00fck bir aile olduklar\u0131n\u0131 ifade ederek, &#8220;Biz Mersin&#8217;i seviyoruz. Mersin&#8217;de mutlu olmak, sevmek, sevilmek istiyoruz. Sevgi varsa ya\u015fam\u0131m\u0131zda, duygular\u0131m\u0131zda, \u00f6z\u00fcm\u00fczde hi\u00e7bir \u015feyimizde k\u00f6t\u00fcl\u00fck olmaz&#8221; dedi.<br \/>\n&#8220;Sevgi b\u00fct\u00fcn k\u00f6t\u00fcl\u00fcklerin panzehiridir&#8221;<br \/>\nB\u00fcy\u00fck\u015fehir Belediyesi Kongre ve Sergi Saray\u0131&#8217;nda d\u00fczenlenen konsere; Ba\u015fkan Se\u00e7er ve Meral Se\u00e7er&#8217;in yan\u0131 s\u0131ra Kuzey K\u0131br\u0131s T\u00fcrk Cumhuriyeti (KKTC) Mersin Ba\u015fkonsolosu Zalihe Mendeli, Mersin Ticaret ve Sanayi Odas\u0131 (MTSO) Meclis Ba\u015fkan\u0131 Hamit \u0130zol, Meclis \u00fcyeleri, b\u00fcrokratlar, daire ba\u015fkanlar\u0131 ve \u00e7ok say\u0131da Mersinli sanatsever kat\u0131ld\u0131. Daniel Fedorean&#8217;\u0131n Orkestra \u015eefli\u011fi&#8217;ni yapt\u0131\u011f\u0131 konserdeki b\u00fct\u00fcn par\u00e7alar sevgi i\u00e7in s\u00f6ylendi.<br \/>\nBa\u015fkan Se\u00e7er, Kent Orkestras\u0131&#8217;n\u0131n yeni \u015fefi Daniel Fedorean&#8217;\u0131 performans\u0131ndan dolay\u0131 tebrik etti. Kent Orkestras\u0131&#8217;na yeni kat\u0131lan mesai arkada\u015flar\u0131 oldu\u011funu da s\u00f6zlerine ekleyen Se\u00e7er, &#8220;Bundan sonra beraber \u00e7al\u0131\u015faca\u011f\u0131z. Daha \u00f6nceden bug\u00fcne kadar Mersin&#8217;de, Mersinlilere b\u00f6yle keyifli dakikalar ya\u015fatm\u0131\u015f sanat\u00e7\u0131lar\u0131m\u0131z var. Biz b\u00fcy\u00fck bir aileyiz. Biz Mersin&#8217;i seviyoruz. Mersin&#8217;de mutlu olmak istiyoruz, sevmek istiyoruz, sevilmek istiyoruz. Sevgi \u00e7ok \u00f6nemli, \u00e7ok de\u011ferli bir duygu, kutsal bir duygu. Sevgi b\u00fct\u00fcn k\u00f6t\u00fcl\u00fcklerin panzehiridir. Sevgi varsa ya\u015fam\u0131m\u0131zda, duygular\u0131m\u0131zda, \u00f6z\u00fcm\u00fczde hi\u00e7bir \u015feyimizde k\u00f6t\u00fcl\u00fck olmaz&#8221; diye konu\u015ftu. Kendilerinin baz\u0131 konularda zorland\u0131klar\u0131n\u0131 belirten Ba\u015fkan Se\u00e7er, 87 g\u00fcnde tamamlad\u0131klar\u0131 &#8216;Sevgi Katl\u0131 Kav\u015fa\u011f\u0131&#8217;n\u0131n ismini baz\u0131 Meclis \u00fcyelerine kabul ettiremediklerini de hat\u0131rlatt\u0131.<br \/>\n&#8220;Herkes Belediye Ba\u015fkan\u0131 olabilir ama herkes sanat\u00e7\u0131 olamaz&#8221;<br \/>\nKonser hakk\u0131ndaki de\u011ferlendirmelerini de payla\u015fan Se\u00e7er, &#8220;\u00c7ok nefis bir konser izliyoruz. \u00c7ok te\u015fekk\u00fcr ediyorum. Bu kentin Belediye Ba\u015fkan\u0131 olmaktan, bu kadro ile bu kente hizmet etmekten bir kez daha onur duydum. Sanat\u00e7\u0131ya de\u011fer veriyoruz, \u00f6nem veriyoruz. Her zaman s\u00f6yl\u00fcyorum; herkes Belediye Ba\u015fkan\u0131 olabilir ama herkes sanat\u00e7\u0131 olamaz&#8221; dedi.<br \/>\nSe\u00e7er, &#8216;Hayat G\u00fczeldir&#8217; \u015fark\u0131s\u0131n\u0131 sanat\u00e7\u0131larla birlikte seslendirdi<br \/>\nB\u00fct\u00fcn sanat\u00e7\u0131lar ad\u0131na \u015eef Daniel Fedorean&#8217;a \u00e7i\u00e7ek veren Ba\u015fkan Se\u00e7er, konserin son \u015fark\u0131s\u0131 olan &#8216;Hayat Sevince G\u00fczel&#8217;i sanat\u00e7\u0131lar ve K\u00fclt\u00fcr ve Sosyal \u0130\u015fler Dairesi Ba\u015fkanl\u0131\u011f\u0131 Koordinat\u00f6r\u00fc Bengi \u0130spir \u00d6zd\u00fclger&#8217;le birlikte s\u00f6yledi. Ba\u015fkan Se\u00e7er, sanat\u00e7\u0131larla birlikte \u015fark\u0131y\u0131 seslendirmeden \u00f6nce, &#8220;Her i\u015fi beraber yap\u0131yoruz. Bunu da beraber yapaca\u011f\u0131z. Kenti nas\u0131l hep beraber y\u00f6netiyorsak&#8230; \u0130n\u015fallah mahcup olmay\u0131z seyirciye&#8221; dedi. Salondaki dinleyiciler de Ba\u015fkan Se\u00e7er&#8217;in seslendirdi\u011fi \u015fark\u0131ya hep bir a\u011f\u0131zdan e\u015flik etti. Konser s\u0131ras\u0131nda ayr\u0131ca tavandan sahneye ve salona k\u0131rm\u0131z\u0131 balonlar b\u0131rak\u0131ld\u0131.<\/p>\n","protected":false},"excerpt":{"rendered":"<p>Mersin B\u00fcy\u00fck\u015fehir Belediye Ba\u015fkan\u0131 Vahap Se\u00e7er ve e\u015fi Meral Se\u00e7er, Mersin B\u00fcy\u00fck\u015fehir Belediyesi K\u00fclt\u00fcr ve Sosyal \u0130\u015fler Dairesi&#8217;ne ba\u011fl\u0131 Kent Orkestras\u0131&#8217;n\u0131n &#8216;Sevgililer G\u00fcn\u00fc Konseri&#8217;ne kat\u0131ld\u0131. Ba\u015fkan Se\u00e7er, Mersin&#8217;de b\u00fcy\u00fck bir &hellip; <a href=\"https:\/\/akdenizolaygazetesi.com\/?p=16708\" class=\"more-link\">Devam\u0131n\u0131 Oku&#8230;<\/a><\/p>\n","protected":false},"author":2,"featured_media":16709,"comment_status":"open","ping_status":"open","sticky":false,"template":"","format":"standard","meta":[],"categories":[2,3,5],"tags":[],"_links":{"self":[{"href":"https:\/\/akdenizolaygazetesi.com\/index.php?rest_route=\/wp\/v2\/posts\/16708"}],"collection":[{"href":"https:\/\/akdenizolaygazetesi.com\/index.php?rest_route=\/wp\/v2\/posts"}],"about":[{"href":"https:\/\/akdenizolaygazetesi.com\/index.php?rest_route=\/wp\/v2\/types\/post"}],"author":[{"embeddable":true,"href":"https:\/\/akdenizolaygazetesi.com\/index.php?rest_route=\/wp\/v2\/users\/2"}],"replies":[{"embeddable":true,"href":"https:\/\/akdenizolaygazetesi.com\/index.php?rest_route=%2Fwp%2Fv2%2Fcomments&post=16708"}],"version-history":[{"count":1,"href":"https:\/\/akdenizolaygazetesi.com\/index.php?rest_route=\/wp\/v2\/posts\/16708\/revisions"}],"predecessor-version":[{"id":16710,"href":"https:\/\/akdenizolaygazetesi.com\/index.php?rest_route=\/wp\/v2\/posts\/16708\/revisions\/16710"}],"wp:featuredmedia":[{"embeddable":true,"href":"https:\/\/akdenizolaygazetesi.com\/index.php?rest_route=\/wp\/v2\/media\/16709"}],"wp:attachment":[{"href":"https:\/\/akdenizolaygazetesi.com\/index.php?rest_route=%2Fwp%2Fv2%2Fmedia&parent=16708"}],"wp:term":[{"taxonomy":"category","embeddable":true,"href":"https:\/\/akdenizolaygazetesi.com\/index.php?rest_route=%2Fwp%2Fv2%2Fcategories&post=16708"},{"taxonomy":"post_tag","embeddable":true,"href":"https:\/\/akdenizolaygazetesi.com\/index.php?rest_route=%2Fwp%2Fv2%2Ftags&post=16708"}],"curies":[{"name":"wp","href":"https:\/\/api.w.org\/{rel}","templated":true}]}}