{"id":1671,"date":"2020-11-04T18:22:13","date_gmt":"2020-11-04T15:22:13","guid":{"rendered":"http:\/\/mersinekonomipolitikagazetesi.com\/?p=1671"},"modified":"2020-11-04T18:22:13","modified_gmt":"2020-11-04T15:22:13","slug":"kocamaz-sizler-bizi-yillardir-taniyorsunuz","status":"publish","type":"post","link":"https:\/\/akdenizolaygazetesi.com\/?p=1671","title":{"rendered":"KOCAMAZ, \u201cS\u0130ZLER B\u0130Z\u0130 YILLARDIR TANIYORSUNUZ\u201d"},"content":{"rendered":"<p>Mersin B\u00fcy\u00fck\u015fehir Belediyesi Ba\u015fkan\u0131 Burhanettin Kocamaz\u2019\u0131n  \u00f6nc\u00fcl\u00fc\u011f\u00fcnde ger\u00e7ekle\u015fen 4. Hizmet Y\u0131l\u0131 Ba\u015fkan\u0131 Tan\u0131t\u0131m ve Bilgilendirme Toplant\u0131s\u0131 il\u00e7elerde de tan\u0131t\u0131m filmi \u015feklinde vatanda\u015fa izletilerek ard\u0131ndan yeni yap\u0131lan hizmetlerin temel atma a\u00e7\u0131l\u0131\u015f t\u00f6reni yap\u0131ld\u0131.<\/p>\n<blockquote type=\"cite\">\n<div dir=\"ltr\">\n<p><span style=\"font-size:16px;\">Mersin B\u00fcy\u00fck\u015fehir Belediyesi Ba\u015fkan\u0131 Burhanettin Kocamaz\u2019\u0131n\u00a0 Mersin Kongre Sergi saray\u0131nda ger\u00e7ekle\u015ftirdi\u011fi 4. Hizmet Y\u0131l\u0131 Ba\u015fkan\u0131 Tan\u0131t\u0131m ve Bilgilendirme Toplant\u0131s\u0131n\u0131n ard\u0131ndan bu seferde il\u00e7eler i\u00e7in yapt\u0131klar\u0131 \u00e7al\u0131\u015fma tan\u0131t\u0131m\u0131n\u0131 yeni a\u00e7\u0131l\u0131\u015flarla ve temel atma t\u00f6renleri yaparak \u00c7aml\u0131yayla, Tarsus ve Erdemli\u2019de vatanda\u015flarla bir araya geldi.<\/span><\/p>\n<p><span style=\"font-size:16px;\">\u0130l\u00e7elerde yapt\u0131\u011f\u0131 \u00e7al\u0131\u015fma tan\u0131t\u0131mlar\u0131na Ba\u015fkan Kocamaz, \u00c7aml\u0131yayla Belediye Ba\u015fkan\u0131 \u0130smail Tepeba\u011fl\u0131, Tarsus Belediye Ba\u015fkan\u0131 \u015eevket Can, Erdemli Belediye Ba\u015fkan\u0131 M\u00fckerrem Tollu, MHP \u0130l\u00e7e Belediye Ba\u015fkanlar\u0131, Mersin \u00dclk\u00fc Oca\u011f\u0131 \u0130l\u00e7e Ba\u015fkanlar\u0131, \u00c7aml\u0131yayla Kaymakam Vekili U\u011fur \u00dcnsal, MHP Mersin \u0130l Ba\u015fkan\u0131 Zeynel U\u011fur G\u00f6lgeli, sivil toplum kurulu\u015flar\u0131, oda ve dernek temsilcileri, meclis \u00fcyeleri, muhtarlar ve vatanda\u015flar\u00a0 yer ald\u0131.<\/span><\/p>\n<p>\u00a0<\/p>\n<p><span style=\"font-size:16px;\">Mersin\u2019e yap\u0131lan hizmetlerin yer ald\u0131\u011f\u0131 genel tan\u0131t\u0131m filmi ve il\u00e7elere \u00f6zel yap\u0131lan tan\u0131t\u0131m filmlerini vatanda\u015flarla beraber izleyen Kocamaz, ayn\u0131 g\u00fcn i\u00e7inde il\u00e7elere yeni hizmetlerin temel atma ve a\u00e7\u0131l\u0131\u015f t\u00f6renlerini de ger\u00e7ekle\u015ftirdi.<\/span><\/p>\n<p><span style=\"font-size:16px;\">\u00a0\u00a0\u00a0\u00a0\u00a0\u00a0\u00a0\u00a0\u00a0\u00a0\u00a0\u00a0\u00a0\u00a0\u00a0\u00a0\u00a0\u00a0\u00a0\u00a0\u00a0\u00a0\u00a0\u00a0\u00a0\u00a0\u00a0\u00a0\u00a0\u00a0<wbr \/>\u00a0\u00a0\u00a0\u00a0\u00a0\u00a0\u00a0\u00a0\u00a0\u00a0\u00a0\u00a0\u00a0\u00a0\u00a0\u00a0\u00a0\u00a0\u00a0\u00a0\u00a0\u00a0\u00a0\u00a0\u00a0\u00a0\u00a0\u00a0\u00a0\u00a0<wbr \/>\u00a0\u00a0\u00a0\u00a0\u00a0\u00a0\u00a0\u00a0\u00a0\u00a0\u00a0\u00a0\u00a0\u00a0\u00a0\u00a0\u00a0\u00a0\u00a0\u00a0\u00a0\u00a0\u00a0\u00a0\u00a0\u00a0\u00a0\u00a0\u00a0\u00a0<wbr \/>\u00a0\u00a0\u00a0\u00a0\u00a0\u00a0\u00a0\u00a0\u00a0\u00a0\u00a0\u00a0\u00a0\u00a0\u00a0\u00a0\u00a0\u00a0\u00a0\u00a0\u00a0\u00a0\u00a0\u00a0\u00a0<\/span><\/p>\n<p>\u00a0<\/p>\n<p><span style=\"font-size:16px;\">\u0130l\u00e7e hizmet tan\u0131t\u0131m toplant\u0131s\u0131nda Kocamaz, yapt\u0131klar\u0131 \u00e7al\u0131\u015fmalar\u0131n devam edece\u011fini halka kar\u015f\u0131 hep hesap verdiklerini belirtti.<\/span><\/p>\n<p><span style=\"font-size:16px;\">Mersin\u2019de halk i\u00e7in her yere ko\u015ftu\u011funu kaydeden Kocamaz, bundan sonra da ayn\u0131 \u015fekilde vatanda\u015f\u0131n menfaatleri i\u00e7in \u00e7al\u0131\u015facaklar\u0131n\u0131 kaydetti.<\/span><\/p>\n<p><span style=\"font-size:16px;\">Kocamaz\u2019\u0131n tan\u0131t\u0131m konu\u015fmas\u0131na destek olarak il\u00e7e ba\u015fkanlar\u0131 konu\u015fma esnas\u0131nda s\u00f6z hakk\u0131 alarak Kocamaz\u2019a \u00f6vg\u00fclerde bulunuldu.<\/span><\/p>\n<p>\u00a0<\/p>\n<p>\u00a0<\/p>\n<p><span style=\"font-size:16px;\">KOCAMAZ: \u201cB\u0130Z\u0130M B\u0130RL\u0130K VE BERABERL\u0130K A\u015eILAMAKTAN BA\u015eKA DERD\u0130M\u0130Z YOK\u201d<\/span><\/p>\n<p>\u00a0<\/p>\n<p><span style=\"font-size:16px;\">Kocamaz, ger\u00e7ekle\u015ftirdi\u011fi il\u00e7e tan\u0131t\u0131m toplant\u0131s\u0131nda\u00a0 1994\u2019ten bu yana her y\u0131l yapt\u0131klar\u0131 \u00e7al\u0131\u015fmalar\u0131 halk ile payla\u015fmay\u0131 geleneksel hale getirdiklerini vurgulad\u0131. Her y\u0131l halka hesap verdiklerini ve hesap vermeye devam edeceklerini belirten Kocamaz, daha \u00f6nce yapt\u0131\u011f\u0131 hizmetlerin hesab\u0131n\u0131 veren bir belediye g\u00f6rmedi\u011fini ifade etti. Kocamaz: \u201cSizler bizi y\u0131llard\u0131r tan\u0131yorsunuz. Tarsus\u2019taki icraatlar \u00c7ukurova\u2019ya oradan da T\u00fcrkiye\u2019ye yay\u0131ld\u0131. Biz il\u00e7elerimizi hizmetlerle tan\u0131\u015ft\u0131rd\u0131k. \u015eayet bu g\u00f6reve biz gelmemi\u015f olsayd\u0131k, bizim d\u0131\u015f\u0131m\u0131zdaki ki\u015filerin bu uzak il\u00e7elerle ilgilenmesi s\u00f6z konusu de\u011fildi. \u00c7\u00fcnk\u00fc bir g\u00f6n\u00fcl ba\u011f\u0131, illiyet ba\u011f\u0131 yoktu. Biz bu \u00fclkede birli\u011fin, dirli\u011fin, b\u00fct\u00fcnl\u00fc\u011f\u00fcn teminat\u0131y\u0131z. Bizim oldu\u011fumuz yerde bar\u0131\u015f, karde\u015flik olur. Bizim birlik ve beraberlik a\u015f\u0131lamaktan ba\u015fka derdimiz yok. Bu \u00fclkeyi par\u00e7alamak isteyen hain yeterince var. O y\u00fczden biz insanlar\u0131 ay\u0131rt etmeden T\u00fcrkiye Cumhuriyeti\u2019nin e\u015fit vatanda\u015flar\u0131 olarak g\u00f6r\u00fcyoruz. \u00c7ok \u015f\u00fck\u00fcr 4 y\u0131ld\u0131r Mersin\u2019de ter\u00f6rden bahsedilmez oldu\u201d ifadelerini kulland\u0131.<\/span><\/p>\n<p>\u00a0<\/p>\n<p>\u00a0<\/p>\n<p>\u00a0<\/p>\n<p><span style=\"font-size:16px;\">KOCAMAZ: \u201cHALKIMIZ B\u0130Z\u0130 TERC\u0130H ETT\u0130\u201d<\/span><\/p>\n<p>\u00a0<\/p>\n<p><span style=\"font-size:16px;\">\u0130nsanlar\u0131n hizmetleri e\u015fit bir \u015fekilde, bar\u0131\u015f, karde\u015flik ve ho\u015fg\u00f6r\u00fc i\u00e7inde kullanabilmesi g\u00f6r\u00fc\u015f\u00fcn\u00fc dile getiren Kocamaz: \u201c Ben sizlere te\u015fekk\u00fcr etmek istiyorum. 1994 y\u0131l\u0131nda bu yana bize her defas\u0131nda destek verdiniz, dualar\u0131n\u0131z\u0131 eksik etmediniz.\u201d \u015feklinde dikkat \u00e7ekerek vatanda\u015ftan gelen desteklerle 24 y\u0131ld\u0131r hizmet edip \u00e7al\u0131\u015ft\u0131\u011f\u0131n\u0131 dile getiren Kocamaz: \u201cBizim insan\u0131m\u0131z her \u015feyin en g\u00fczeline lay\u0131k. Bug\u00fcne kadar hak etti\u011fi bir\u00e7ok hizmete kavu\u015famam\u0131\u015ft\u0131 ama Allah\u2019a \u00e7ok \u015f\u00fck\u00fcr bize, sizlere hizmet etme f\u0131rsat\u0131 verdi. Bizim 20 y\u0131ll\u0131k Tarsus tecr\u00fcbemiz, gayretimiz, \u00e7abam\u0131z ve hizmet anlay\u0131\u015f\u0131m\u0131z vard\u0131. Eskiden de Mersin\u2019in Belediye Ba\u015fkan\u0131 vard\u0131 ama bizim kadar hareketli ve bereketli de\u011fildi. Dolay\u0131s\u0131yla halk\u0131m\u0131z bizi tercih etti\u201d diye belirtti.<\/span><\/p>\n<p>\u00a0<\/p>\n<p><span style=\"font-size:16px;\">KOCAMAZ: \u201cKAYNAKLARI EN \u0130Y\u0130 \u015eEK\u0130LDE KULLANARAK, H\u0130ZMET \u00dcRET\u0130YORUZ\u201d<\/span><\/p>\n<p>\u00a0<\/p>\n<p><span style=\"font-size:16px;\">Kocamaz,\u00a0 Mersin\u2019i da\u011f\u0131yla, ta\u015f\u0131yla, ovas\u0131yla her taraf\u0131n\u0131 didik didik ettiklerini kaydederek eksikleri gidermeye \u00e7al\u0131\u015ft\u0131klar\u0131n\u0131 dile getirdi. Bu kadar ihmal edilmi\u015f kentin eksiklerini birden bitirme imk\u00e2nlar\u0131n\u0131n olmad\u0131\u011f\u0131n\u0131 ifade eden Kocamaz Tarsus\u2019ta oldu\u011fu gibi her \u015feyin en iyisini yapt\u0131\u011f\u0131n\u0131 belirtti. Kocamaz: \u201c\u0130\u015fin kolay\u0131na ka\u00e7mad\u0131k. Biz b\u00f6yle bir anlay\u0131\u015ftan geliyoruz. Desinler diye yapmad\u0131k. \u00c7\u00f6z\u00fcm i\u00e7in ne gerekiyorsa kaynaklar\u0131 en iyi \u015fekilde kullanarak, hizmet \u00fcretiyoruz. \u00dcretken belediyecilik anlay\u0131\u015f\u0131 ile de \u00fcretmeye devam ediyoruz\u201d \u015feklinde konu\u015ftu.<\/span><\/p>\n<p>\u00a0<\/p>\n<p>\u00a0<\/p>\n<p><span style=\"font-size:16px;\">BAK\u0130 \u015e\u0130M\u015eEK: \u201cMERS\u0130N BA\u015eKANIMIZA G\u00dcVEND\u0130\u201d<\/span><\/p>\n<p>\u00a0<\/p>\n<p><span style=\"font-size:16px;\">Ard\u0131ndan konu\u015fmas\u0131n\u0131 ger\u00e7ekle\u015ftiren MHP Mersin Milletvekili Baki \u015eim\u015fek, Kocamaz\u2019\u0131n Tarsus\u2019ta yapt\u0131\u011f\u0131 t\u00fcm hizmetleri Mersin\u2019e yayd\u0131\u011f\u0131n\u0131 belirtti. Baki \u015eim\u015fek: \u201cYaln\u0131zca bug\u00fcn i\u00e7in de\u011fil, gelecek nesiller i\u00e7in de hizmet \u00fcretiyor. Hizmette siyaset ayr\u0131m\u0131 ve oy hesab\u0131 yapmad\u0131\u011f\u0131 i\u00e7in bu kadar uzun s\u00fcre ba\u015fkanl\u0131k yapt\u0131. T\u00fcrkiye\u2019de b\u00f6yle bir belediye daha yok. Burhanettin Kocamaz\u2019\u0131 anlatmaya gerek yok. Mersin ba\u015fkan\u0131m\u0131za g\u00fcvendi.\u201d \u015feklinde dikkat \u00e7ekerek Kocamaz\u2019\u0131n Mersin\u2019e getirdi\u011fi birlik ve beraberlik sayesinde vatanda\u015flar huzurla ve g\u00fcvenle dola\u015fabildi\u011fini ileri s\u00fcrd\u00fc.<\/span><\/p>\n<p>\u00a0<\/p>\n<p>\u00a0<\/p>\n<p><span style=\"font-size:16px;\">\u0130SMA\u0130L TEPEBA\u011eLI: \u201cBA\u015eKANIMIZ SAYES\u0130NDE B\u0130Z \u00c7OK B\u00dcY\u00dcK DESTEK ALDIK\u201d<\/span><\/p>\n<p>\u00a0<\/p>\n<p><span style=\"font-size:16px;\">\u00c7aml\u0131yayla Belediye Ba\u015fkan\u0131 \u0130smail Tepeba\u011fl\u0131 ise Mersin B\u00fcy\u00fck\u015fehir Belediyesi taraf\u0131ndan Mersin ve \u00c7aml\u0131yayla \u00f6zelinde yap\u0131lanlar\u0131n fark\u0131nda olduklar\u0131n\u0131 belirterek \u201cBaz\u0131 \u015feyler \u00c7aml\u0131yayla i\u00e7in hayaldi Burhanettin Ba\u015fkan\u0131m\u0131z sayesinde ger\u00e7ek oldu. B\u00fcy\u00fck\u015fehir yasas\u0131 \u00e7\u0131kt\u0131ktan sonra b\u00fcy\u00fck hizmet isteyen birimlerin hepsi B\u00fcy\u00fck\u015fehir\u2019e ge\u00e7ti ve bizim \u00fczerimizden b\u00fcy\u00fck bir y\u00fck kalkt\u0131. Biz 2014 y\u0131l\u0131nda rahat bir nefes ald\u0131k. \u00c7aml\u0131yayla\u2019y\u0131 kendi evi gibi g\u00f6ren Ba\u015fkan\u0131m\u0131z sayesinde biz \u00e7ok b\u00fcy\u00fck destek ald\u0131k.\u201d diye kaydetti.<\/span><\/p>\n<p>\u00a0<\/p>\n<p>\u00a0<\/p>\n<p><span style=\"font-size:16px;\">\u015eEVKET CAN: \u201cKEND\u0130S\u0130 MERS\u0130N\u0130M\u0130Z\u0130N GURURU, TARSUSUMUZUN ONURU\u201d<\/span><\/p>\n<p>\u00a0<\/p>\n<p><span style=\"font-size:16px;\">Kocamaz\u2019\u0131n iyi hizmetler verdi\u011fini belirten Tarsus Belediye Ba\u015fkan\u0131 \u015eevket Can:\u00a0 \u201cBa\u015fkan\u0131m\u0131z 24 y\u0131lda b\u00fcy\u00fck hizmetler yapt\u0131. Bu hizmetleri g\u00f6r\u00fcyoruz ve kullan\u0131yoruz.\u00a0 Ba\u015fkan\u0131m\u0131z \u2018Zoru hemen imk\u00e2ns\u0131z\u0131 zamanla ba\u015far\u0131r\u0131z\u2019 diyerek ayr\u0131m yapmadan hizmet veriyor. Bu kadar alana hizmet vermek kolay de\u011fil ama biz Say\u0131n Ba\u015fkan\u0131m\u0131za inan\u0131yoruz, g\u00fcveniyoruz. Kendisi Mersinimizin gururu,\u00a0 Tarsusumuzun onuru. Say\u0131n Ba\u015fkan\u0131m\u0131z\u0131n yolu, baht\u0131 a\u00e7\u0131k olsun\u201d \u015feklinde c\u00fcmlelerini tamamlad\u0131.<\/span><\/p>\n<p>\u00a0<\/p>\n<p><span style=\"font-size:16px;\">M\u00dcKERREM TOLLU: \u201cB\u0130R\u00c7OK H\u0130ZMETLERE \u0130MZA ATILDI\u201d<\/span><\/p>\n<p>\u00a0<\/p>\n<p><span style=\"font-size:16px;\">Konu\u015fman\u0131n son b\u00f6l\u00fcm\u00fcnde s\u00f6z alan Erdemli Belediye Ba\u015fkan\u0131 M\u00fckerrem Tollu Kocamaz\u2019a \u00f6vg\u00fcde bulunarak \u201cSizlerde bilirsiniz ki iki tip y\u00f6netici var. Birisi makamdan g\u00fc\u00e7 alan birisi de makama g\u00fc\u00e7 veren. B\u00fcy\u00fck\u015fehir Belediyesi\u2019ne bakt\u0131\u011f\u0131m\u0131zda 4 y\u0131l gibi k\u0131sa bir s\u00fcre de kentin \u00f6n\u00fcn\u00fc a\u00e7an, kente de\u011fer kazand\u0131ran, kentin 100 y\u0131ll\u0131k ihtiyac\u0131n\u0131 kar\u015f\u0131layan bir\u00e7ok hizmetlere imza at\u0131ld\u0131\u011f\u0131n\u0131 gururla m\u00fc\u015fahede ediyoruz. Bu da B\u00fcy\u00fck\u015fehir Belediye Ba\u015fkan\u0131m\u0131z Say\u0131n Burhanettin Kocamaz\u2019\u0131n makamdan g\u00fc\u00e7 alan de\u011fil, makama g\u00fc\u00e7 veren bir ba\u015fkan oldu\u011funu g\u00f6steriyor.\u201d \u015feklinde toplant\u0131 konu\u015fmas\u0131 son buldu.<\/span><\/p>\n<\/div>\n<\/blockquote>\n","protected":false},"excerpt":{"rendered":"<p>Mersin B\u00fcy\u00fck\u015fehir Belediyesi Ba\u015fkan\u0131 Burhanettin Kocamaz\u2019\u0131n \u00f6nc\u00fcl\u00fc\u011f\u00fcnde ger\u00e7ekle\u015fen 4. Hizmet Y\u0131l\u0131 Ba\u015fkan\u0131 Tan\u0131t\u0131m ve Bilgilendirme Toplant\u0131s\u0131 il\u00e7elerde de tan\u0131t\u0131m filmi \u015feklinde vatanda\u015fa izletilerek ard\u0131ndan yeni yap\u0131lan hizmetlerin temel atma a\u00e7\u0131l\u0131\u015f &hellip; <a href=\"https:\/\/akdenizolaygazetesi.com\/?p=1671\" class=\"more-link\">Devam\u0131n\u0131 Oku&#8230;<\/a><\/p>\n","protected":false},"author":1,"featured_media":0,"comment_status":"open","ping_status":"open","sticky":false,"template":"","format":"standard","meta":[],"categories":[],"tags":[],"_links":{"self":[{"href":"https:\/\/akdenizolaygazetesi.com\/index.php?rest_route=\/wp\/v2\/posts\/1671"}],"collection":[{"href":"https:\/\/akdenizolaygazetesi.com\/index.php?rest_route=\/wp\/v2\/posts"}],"about":[{"href":"https:\/\/akdenizolaygazetesi.com\/index.php?rest_route=\/wp\/v2\/types\/post"}],"author":[{"embeddable":true,"href":"https:\/\/akdenizolaygazetesi.com\/index.php?rest_route=\/wp\/v2\/users\/1"}],"replies":[{"embeddable":true,"href":"https:\/\/akdenizolaygazetesi.com\/index.php?rest_route=%2Fwp%2Fv2%2Fcomments&post=1671"}],"version-history":[{"count":0,"href":"https:\/\/akdenizolaygazetesi.com\/index.php?rest_route=\/wp\/v2\/posts\/1671\/revisions"}],"wp:attachment":[{"href":"https:\/\/akdenizolaygazetesi.com\/index.php?rest_route=%2Fwp%2Fv2%2Fmedia&parent=1671"}],"wp:term":[{"taxonomy":"category","embeddable":true,"href":"https:\/\/akdenizolaygazetesi.com\/index.php?rest_route=%2Fwp%2Fv2%2Fcategories&post=1671"},{"taxonomy":"post_tag","embeddable":true,"href":"https:\/\/akdenizolaygazetesi.com\/index.php?rest_route=%2Fwp%2Fv2%2Ftags&post=1671"}],"curies":[{"name":"wp","href":"https:\/\/api.w.org\/{rel}","templated":true}]}}