{"id":16714,"date":"2022-02-17T13:19:13","date_gmt":"2022-02-17T10:19:13","guid":{"rendered":"http:\/\/akdenizolaygazetesi.com\/?p=16714"},"modified":"2022-02-17T13:19:13","modified_gmt":"2022-02-17T10:19:13","slug":"esitlik-icin-atilan-adimlara-buyuksehir-de-destek-verdi","status":"publish","type":"post","link":"https:\/\/akdenizolaygazetesi.com\/?p=16714","title":{"rendered":"&#8216;E\u015e\u0130TL\u0130K&#8217; \u0130\u00c7\u0130N ATILAN ADIMLARA B\u00dcY\u00dcK\u015eEH\u0130R DE DESTEK VERD\u0130"},"content":{"rendered":"<p>Mersin B\u00fcy\u00fck\u015fehir Belediyesi, 8 Mart D\u00fcnya Kad\u0131nlar G\u00fcn\u00fc \u00f6ncesi bir araya gelen sivil toplum \u00f6rg\u00fctlerinin &#8220;Gece Ko\u015fusu&#8221; etkinli\u011fine destek verdi. Mersin \u0130dman Yurdu ile \u00d6zgecan Aslan Bar\u0131\u015f Meydan\u0131 aras\u0131nda yap\u0131lan ko\u015fuya hem kad\u0131nlar hem de erkekler kat\u0131ld\u0131. Ko\u015funun sonunda &#8216;Karde\u015flik Halay\u0131&#8217; \u00e7ekildi.<br \/>\n\u00d6nce ko\u015ftular sonra &#8216;Karde\u015flik Halay\u0131&#8217; \u00e7ektiler<br \/>\n8 Mart&#8217;a kadar s\u00fcrecek etkinlikler planlayan sivil toplum \u00f6rg\u00fctleri, bu etkinliklerine ilk olarak &#8216;Gece Ko\u015fusu&#8217;yla ba\u015flad\u0131. \u00c7ukurova Gen\u00e7 Giri\u015fimci \u0130\u015f \u0130nsanlar\u0131 Derne\u011fi (\u00c7UG\u0130DER), Mersin Yat\u0131r\u0131mc\u0131 \u0130\u015f \u0130nsanlar\u0131 Derne\u011fi (MERYAD), T\u00fcrkiye Irak Sanayici \u0130\u015f Adamlar\u0131 Derne\u011fi (TIS\u0130AD), Giri\u015fimci \u0130\u015f Kad\u0131nlar\u0131 Derne\u011fi (G\u0130\u015eKAD), Mersin Sanayicileri ve \u0130\u015f \u0130nsanlar\u0131 Derne\u011fi (MES\u0130AD), T\u00fcrk Arap \u0130\u015f Adamlar\u0131 Derne\u011fi (TURAB) ve Mersin Giri\u015fimci \u0130\u015f Adamlar\u0131 Derne\u011fi (MEG\u0130AD) \u00f6nc\u00fcl\u00fc\u011f\u00fcnde ba\u015flat\u0131lan ko\u015fuya, Mersin B\u00fcy\u00fck\u015fehir Belediyesi ba\u015fta olmak \u00fczere \u00e7ok say\u0131da il\u00e7e belediyesi, sivil toplum \u00f6rg\u00fct\u00fc ve oda da destek verdi.<br \/>\nMersin \u0130dman Yurdu Meydan\u0131&#8217;nda dansla ba\u015flayan ko\u015fu, \u00d6zgecan Aslan Bar\u0131\u015f Meydan\u0131&#8217;nda noktaland\u0131. &#8216;D\u00fcnyay\u0131 E\u015fitlemeye Var M\u0131s\u0131n?&#8217; yaz\u0131l\u0131 ti\u015f\u00f6rt giyen kat\u0131l\u0131mc\u0131lar, ko\u015funun sonunda ayn\u0131 c\u00fcmleyi ba\u011f\u0131rarak s\u00f6yledi. Ko\u015fu sonunda Kuzey K\u0131br\u0131s T\u00fcrk Cumhuriyeti Mersin Ba\u015fkonsolosu Zalihe Mendeli&#8217;nin de kat\u0131ld\u0131\u011f\u0131 bir &#8216;Karde\u015flik Halay\u0131&#8217; \u00e7ekildi. Halay\u0131n ard\u0131ndan kat\u0131l\u0131mc\u0131lar, DJ Mustafa Cingiz&#8217;in \u00e7ald\u0131\u011f\u0131 90&#8217;lar pop \u015fark\u0131lar\u0131 e\u015fli\u011finde dans etti.<br \/>\n&#8220;Karanl\u0131\u011f\u0131 ayd\u0131nlatmak istiyoruz&#8221;<br \/>\nSivil toplum \u00f6rg\u00fctlerinin bir araya geldi\u011fi projenin koordinat\u00f6r\u00fc Didem Yapar Pekta\u015f, kendisinin de MEG\u0130AD ad\u0131na etkinli\u011fe kat\u0131ld\u0131\u011f\u0131n\u0131 belirtti. Pekta\u015f, &#8216;Gece Ko\u015fusu&#8217;yla ba\u015flayan etkinliklerle ilgili, &#8220;Bug\u00fcn burada bir\u00e7ok dernek, oda ve sanayi kurulu\u015fuyla beraberiz. Bu Mersin ad\u0131na at\u0131lm\u0131\u015f en g\u00fczel ad\u0131m. Hep birlikteyiz. Birlikte, e\u015fit \u015fartlarda &#8216;kad\u0131n-erkek e\u015fittir&#8217; demek i\u00e7in ko\u015faca\u011f\u0131z. Evet, bu kad\u0131nlardan \u00e7\u0131kan bir proje. Karanl\u0131\u011f\u0131 ayd\u0131nlatmak istiyoruz, b\u00f6yle bir metaforumuz var. Herkese &#8216;d\u00fcnyay\u0131 e\u015fitlemeye var m\u0131s\u0131n&#8217; diyoruz&#8221; ifadelerine yer verdi. Pekta\u015f, &#8216;Gece Ko\u015fusu&#8217; ile ba\u015flayan etkinlikleri sergiler, tiyatrolar, e\u011fitimler ve seminerlerle s\u00fcrd\u00fcrmek istediklerini s\u00f6yledi.<br \/>\n&#8220;D\u00fcnyay\u0131 e\u015fitlemek i\u00e7in yola \u00e7\u0131kt\u0131k&#8221;<br \/>\nMersin Ticaret ve Sanayi Odas\u0131&#8217;ndan ko\u015fuya kat\u0131lan MTSO Hukuk M\u00fc\u015faviri Dilek Kurtulu\u015f ise &#8220;Bir\u00e7ok sivil toplum \u00f6rg\u00fct\u00fc 8 Mart D\u00fcnya Emek\u00e7i Kad\u0131nlar G\u00fcn\u00fc&#8217;ne fark\u0131ndal\u0131k yaratmak amac\u0131yla bir dizi etkinlik ba\u015flatt\u0131. D\u00fcnyay\u0131 e\u015fitlemek i\u00e7in yola \u00e7\u0131kt\u0131k. Bug\u00fcn de ilk olarak y\u00fcr\u00fcy\u00fc\u015f yaparak hep beraber fenerlerle fark\u0131ndal\u0131k yaratmay\u0131 ama\u00e7l\u0131yoruz. Asl\u0131nda biz bir\u00e7ok alanda e\u015fit oldu\u011fumuzu d\u00fc\u015f\u00fcn\u00fcyoruz, sorumluluklar alan\u0131nda ama bug\u00fcn bu konuya tekrar dikkat \u00e7ekmek istiyoruz&#8221; diye konu\u015ftu.<br \/>\n&#8220;E\u015fit oldu\u011fumuzu bir kez daha g\u00f6sterece\u011fiz bu y\u00fcr\u00fcy\u00fc\u015fte&#8221;<br \/>\nG\u0130\u015eKAD \u00fcyesi eczac\u0131 \u00c7i\u011fdem Arslank\u00f6yl\u00fc, bir arada seslerini duyurmak i\u00e7in g\u00fczel bir bulu\u015fma oldu\u011funu belirterek, &#8220;G\u0130\u015eKAD olarak zaten s\u00fcrekli bu tarz etkinliklerle sesimizi duyuruyoruz ama di\u011fer STK&#8217;larla birlikte bu etkinlikte sesimizi \u00e7ok daha fazla y\u00fckseltece\u011fiz. Zaten toplum da kad\u0131nlara kar\u015f\u0131 art\u0131k daha duyarl\u0131. E\u015fit oldu\u011fumuzu bir kez daha g\u00f6sterece\u011fiz bu y\u00fcr\u00fcy\u00fc\u015fte&#8221; ifadelerine yer verdi.<br \/>\nElmas T\u00fcrkcan ise arkada\u015flar\u0131ndan duyarak etkinli\u011fe kat\u0131ld\u0131\u011f\u0131n\u0131 ifade ederek, &#8220;Biliyorsunuz \u00fclkemizde art\u0131k kad\u0131na \u015fiddet \u00e7ok ciddi boyutlara geldi. Bizim art\u0131k kad\u0131na \u015fiddete hay\u0131r demekten nefesimiz t\u00fckendi. \u0130stanbul S\u00f6zle\u015fmesi&#8217;ni \u00e7ok \u00f6nemsiyoruz fakat bu konuda gerekli yapt\u0131r\u0131mlar uygulanam\u0131yor ne yaz\u0131k ki&#8221; dedi.<\/p>\n","protected":false},"excerpt":{"rendered":"<p>Mersin B\u00fcy\u00fck\u015fehir Belediyesi, 8 Mart D\u00fcnya Kad\u0131nlar G\u00fcn\u00fc \u00f6ncesi bir araya gelen sivil toplum \u00f6rg\u00fctlerinin &#8220;Gece Ko\u015fusu&#8221; etkinli\u011fine destek verdi. Mersin \u0130dman Yurdu ile \u00d6zgecan Aslan Bar\u0131\u015f Meydan\u0131 aras\u0131nda yap\u0131lan &hellip; <a href=\"https:\/\/akdenizolaygazetesi.com\/?p=16714\" class=\"more-link\">Devam\u0131n\u0131 Oku&#8230;<\/a><\/p>\n","protected":false},"author":2,"featured_media":16715,"comment_status":"open","ping_status":"open","sticky":false,"template":"","format":"standard","meta":[],"categories":[2,3,5],"tags":[],"_links":{"self":[{"href":"https:\/\/akdenizolaygazetesi.com\/index.php?rest_route=\/wp\/v2\/posts\/16714"}],"collection":[{"href":"https:\/\/akdenizolaygazetesi.com\/index.php?rest_route=\/wp\/v2\/posts"}],"about":[{"href":"https:\/\/akdenizolaygazetesi.com\/index.php?rest_route=\/wp\/v2\/types\/post"}],"author":[{"embeddable":true,"href":"https:\/\/akdenizolaygazetesi.com\/index.php?rest_route=\/wp\/v2\/users\/2"}],"replies":[{"embeddable":true,"href":"https:\/\/akdenizolaygazetesi.com\/index.php?rest_route=%2Fwp%2Fv2%2Fcomments&post=16714"}],"version-history":[{"count":1,"href":"https:\/\/akdenizolaygazetesi.com\/index.php?rest_route=\/wp\/v2\/posts\/16714\/revisions"}],"predecessor-version":[{"id":16716,"href":"https:\/\/akdenizolaygazetesi.com\/index.php?rest_route=\/wp\/v2\/posts\/16714\/revisions\/16716"}],"wp:featuredmedia":[{"embeddable":true,"href":"https:\/\/akdenizolaygazetesi.com\/index.php?rest_route=\/wp\/v2\/media\/16715"}],"wp:attachment":[{"href":"https:\/\/akdenizolaygazetesi.com\/index.php?rest_route=%2Fwp%2Fv2%2Fmedia&parent=16714"}],"wp:term":[{"taxonomy":"category","embeddable":true,"href":"https:\/\/akdenizolaygazetesi.com\/index.php?rest_route=%2Fwp%2Fv2%2Fcategories&post=16714"},{"taxonomy":"post_tag","embeddable":true,"href":"https:\/\/akdenizolaygazetesi.com\/index.php?rest_route=%2Fwp%2Fv2%2Ftags&post=16714"}],"curies":[{"name":"wp","href":"https:\/\/api.w.org\/{rel}","templated":true}]}}