{"id":16717,"date":"2022-02-17T13:21:14","date_gmt":"2022-02-17T10:21:14","guid":{"rendered":"http:\/\/akdenizolaygazetesi.com\/?p=16717"},"modified":"2022-02-17T13:21:14","modified_gmt":"2022-02-17T10:21:14","slug":"facebook-istasyonu-ulkenin-dort-bir-yaninda-hayata-gecirecegiz","status":"publish","type":"post","link":"https:\/\/akdenizolaygazetesi.com\/?p=16717","title":{"rendered":"\u201cFacebook \u0130stasyon\u2019u \u00fclkenin d\u00f6rt bir yan\u0131nda hayata ge\u00e7irece\u011fiz\u201d"},"content":{"rendered":"<p>D\u00fcn ger\u00e7ekle\u015fen bir a\u00e7\u0131l\u0131\u015f t\u00f6reniyle, 2019 Eyl\u00fcl ay\u0131nda Meta, T\u00fcrkiye Odalar ve Borsalar Birli\u011fi (TOBB), Milletleraras\u0131 Ticaret Odas\u0131 (ICC) ve Habitat Derne\u011fi\u2019nin \u0130stanbul\u2019da faaliyete ge\u00e7irdikleri topluluk merkezi \u201cFacebook \u0130stasyon\u201dun uydu merkezlerinden biri olan \u201c\u0130stasyon Mersin\u201d a\u00e7\u0131ld\u0131. A\u00e7\u0131l\u0131\u015f t\u00f6reni, Mersin Ticaret ve Sanayi Odas\u0131 Y\u00f6netim Kurulu Ba\u015fkan\u0131 Ayhan K\u0131z\u0131ltan, Meta T\u00fcrkiye ve Azerbaycan Kamu Politikalar\u0131 M\u00fcd\u00fcr\u00fc Sezen Ye\u015fil ve Habitat Derne\u011fi Y\u00f6netim Kurulu Ba\u015fkan\u0131 Sezai Haz\u0131r\u2019\u0131n kat\u0131l\u0131m\u0131yla ger\u00e7ekle\u015fti. <\/p>\n<p>T\u00fcrkiye toplumunun ve ekonomisinin dijitalle\u015fmesine odaklanan bir dizi farkl\u0131 e\u011fitim, program ve at\u00f6lye \u00e7al\u0131\u015fmas\u0131na ev sahipli\u011fi yapacak olan \u0130stasyon Mersin, farkl\u0131 sosyal gruplar\u0131n ve topluluklar\u0131n bir araya gelerek fikir al\u0131\u015fveri\u015finde bulunabilecekleri ve beraber \u00e7al\u0131\u015fabilecekleri fiziksel bir alan sunacak. B\u00f6lge ekonomisini ve topluluklar\u0131 g\u00fc\u00e7lendirmek amac\u0131yla kurulan \u0130stayon Mersin, KOB\u0130&#8217;lerin ve giri\u015fimcilerin dijital d\u00f6n\u00fc\u015f\u00fcm\u00fcn\u00fc destekliyor ve Akdeniz b\u00f6lgesindeki i\u015fletmelerin k\u00fcresel pazarlara ula\u015fmas\u0131n\u0131 hedefliyor.<\/p>\n<p>\u201cFacebook \u0130stasyon\u2019u \u00fclkenin d\u00f6rt bir yan\u0131nda hayata ge\u00e7irece\u011fiz\u201d<\/p>\n<p>Meta T\u00fcrkiye ve Azerbaycan Kamu Politikalar\u0131 M\u00fcd\u00fcr\u00fc Sezen Ye\u015fil Mersin\u2019de a\u00e7\u0131lan topluluk merkeziyle ilgili \u015f\u00f6yle konu\u015ftu: \u201cHepimizin tecr\u00fcbe etti\u011fi pandemi d\u00f6nemi, bireylerin, i\u015fletmelerin, topluluklar\u0131n ve STK\u2019lar\u0131n dijital d\u00fcnyada kendilerini geli\u015ftirebilmelerinin \u00fclke ekonomisi a\u00e7\u0131s\u0131ndan ne kadar \u00f6nemli oldu\u011funu bize bir kez daha g\u00f6sterdi. 2019 y\u0131l\u0131n\u0131n Eyl\u00fcl ay\u0131nda \u0130stanbul\u2019da a\u00e7t\u0131\u011f\u0131m\u0131z T\u00fcrkiye\u2019deki ilk topluluk merkezimiz Facebook \u0130stasyon, bu do\u011frultuda yapt\u0131\u011f\u0131m\u0131z en b\u00fcy\u00fck yat\u0131r\u0131mlardan biri. Bug\u00fcn protokol\u00fcn\u00fc imzalad\u0131\u011f\u0131m\u0131z Mersin uydu merkeziyle, Facebook \u0130stasyon\u2019u \u00fclkenin d\u00f6rt bir yan\u0131nda hayata ge\u00e7irme hedefimize bir ad\u0131m daha yakla\u015fm\u0131\u015f olduk. T\u00fcm topluluk merkezlerimizde online ihracat, dijital pazarlama, online g\u00fcvenlik ve dijital ileti\u015fim gibi bir dizi farkl\u0131 konuya odaklanan e\u011fitim programlar\u0131 ve at\u00f6lye \u00e7al\u0131\u015fmalar\u0131 d\u00fczenleyece\u011fiz.\u201d<\/p>\n<p>Mersin Valisi Ali \u0130hsan Su yapt\u0131\u011f\u0131 a\u00e7\u0131l\u0131\u015f konu\u015fmas\u0131nda d\u00fcnyam\u0131z\u0131n h\u0131zla de\u011fi\u015fti\u011finin ve bu h\u0131za ayak uydurman\u0131n ne kadar \u00f6nemli oldu\u011funun alt\u0131n\u0131 \u00e7izerek \u015f\u00f6yle dedi: \u201cBug\u00fcn \u00e7ok \u00f6zel bir merkezin a\u00e7\u0131l\u0131\u015f\u0131n\u0131 ger\u00e7ekle\u015ftirmenin mutlulu\u011funu ya\u015f\u0131yoruz. D\u00fcnyam\u0131z h\u0131zl\u0131 bir de\u011fi\u015fimin e\u015fi\u011finde. Geldi\u011fimiz noktada, d\u00fcnyan\u0131n herhangi bir yerindeki icat h\u0131zla ba\u015fka bir yeri de etkiliyor. Bu h\u0131za ayak uydurmak \u00e7ok \u00f6nemli. Rekabetin \u00e7ok y\u00fcksek oldu\u011fu bu d\u00f6nemde yer edinmek i\u00e7in kendimizi geli\u015ftirmek zorunday\u0131z. Bug\u00fcn a\u00e7\u0131l\u0131\u015f\u0131n\u0131 yapt\u0131\u011f\u0131m\u0131z \u0130stasyon Mersin ile dijitalle\u015fme yolunda b\u00fcy\u00fck bir ad\u0131m at\u0131yoruz. Farkl\u0131 alanlarda e\u011fitimler verece\u011fimiz bu merkezin giri\u015fimcilerimize ve giri\u015fimci adaylar\u0131na hay\u0131rl\u0131 olmas\u0131n\u0131 dileriz.\u201d<\/p>\n<p>\u201c Gen\u00e7lerimiz hayallerini projelere d\u00f6n\u00fc\u015ft\u00fcrmek i\u00e7in buray\u0131 kullanabilecekler.\u201d<\/p>\n<p>Mersin Ticaret ve Sanayi Odas\u0131 Y\u00f6netim Kurulu Ba\u015fkan\u0131 Ayhan K\u0131z\u0131ltan ise Mersin\u2019de a\u00e7\u0131lan topluluk merkeziyle ilgili \u015fu \u015fekilde konu\u015ftu:<\/p>\n<p>\u201cBizim g\u00f6revimiz gen\u00e7lerimizin \u00f6n\u00fcn\u00fc a\u00e7mak ve onlara iyi ortamlar haz\u0131rlamak. \u0130stasyon Mersin\u2019de hem Mersin\u2019in hem de T\u00fcrkiye\u2019nin gelece\u011finin \u00e7ok daha ileriye gitmesi i\u00e7in \u00e7al\u0131\u015fmalar\u0131m\u0131z\u0131 s\u00fcrd\u00fcrece\u011fiz. Topluluk merkezimiz t\u00fcm gen\u00e7lerin hayallerini projelere d\u00f6n\u00fc\u015ft\u00fcrebilecekleri bir alan sunacak. \u0130stasyon Mersin\u2019de gen\u00e7lerimizden b\u00fcy\u00fck \u015firketlerimize kadar herkes i\u00e7in, dijital d\u00fcnyay\u0131 nas\u0131l etkili bir \u015fekilde kullanacaklar\u0131 konusunda e\u011fitimler verilecek.\u201d <\/p>\n<p>T\u00fcrkiye Odalar ve Borsalar Birli\u011fi Y\u00f6netim Kurulu \u00dcyesi Cihat Lokmano\u011flu Mersin\u2019de a\u00e7\u0131lan topluluk merkeziyle ilgili \u015f\u00f6yle konu\u015ftu:<\/p>\n<p>\u201c\u015eehirlerde gerek yeni i\u015fletmelerin gerekse mevcut i\u015fletmelerin \u00fcst\u00fcnl\u00fck kaynaklar\u0131n\u0131 art\u0131rmaya katk\u0131 sa\u011flayan kurumlar\u0131n varl\u0131\u011f\u0131 \u00e7ok b\u00fcy\u00fck \u00f6nem ta\u015f\u0131yor. Mersin\u2019de ticaret hayat\u0131n\u0131n, giri\u015fimcilik ve inovasyon ekosisteminin geli\u015fmesi i\u00e7in \u00f6zveriyle \u00e7al\u0131\u015fan bir\u00e7ok kurum mevcut. Bunun i\u00e7in Mersin\u2019i \u015fansl\u0131 g\u00f6r\u00fcyorum. Bug\u00fcn a\u00e7\u0131l\u0131\u015f\u0131n\u0131 hep beraber ger\u00e7ekle\u015ftirdi\u011fimiz \u0130stasyon Mersin i\u00e7in bir araya gelmemize vesile olan herkese \u00e7ok te\u015fekk\u00fcrler. A\u00e7\u0131lan bu merkezle birlikte giri\u015fimcilerimiz yeni fikirler \u00fcretecek, e\u011fitimler alacak ve Mersin\u2019den d\u00fcnyaya a\u00e7\u0131lacaklar.\u201d<\/p>\n<p>Habitat Derne\u011fi\u2019nin ilerleyen d\u00f6nemlerde de Meta ile i\u015f birli\u011fi kapsam\u0131nda giri\u015fimcili\u011fi ve T\u00fcrkiye\u2019nin dijital d\u00f6n\u00fc\u015f\u00fcm\u00fcn\u00fc destekleyece\u011fini dile getiren Habitat Derne\u011fi Y\u00f6netim Kurulu Ba\u015fkan\u0131 Sezai Haz\u0131r ise s\u00f6zlerine \u015f\u00f6yle devam etti:<\/p>\n<p>\u201cD\u00fcnyada Global Giri\u015fimcilik Haftas\u0131\u2019n\u0131n T\u00fcrkiye\u2019deki bu seneki slogan\u0131 tam vakti diye bir mottoydu. Tam zaman\u0131 \u00e7\u00fcnk\u00fc bazen pandemi gibi olumsuzluklar\u0131n y\u00fcksek oldu\u011fu zamanlarda umutsuzlu\u011fa kap\u0131l\u0131yoruz. Ama giri\u015fimcilerin umutsuz olma gibi bir l\u00fcks\u00fc yoktur. Giri\u015fimciler topluma bir \u0131\u015f\u0131k olarak umut vermelidir. O y\u00fczden, biz bir umut vermek i\u00e7in, pandeminin birtak\u0131m olumsuzluklar\u0131 devam etse bile, bu t\u00fcr topluluk merkezlerini a\u00e7maya devam ediyoruz.\u201d<\/p>\n","protected":false},"excerpt":{"rendered":"<p>D\u00fcn ger\u00e7ekle\u015fen bir a\u00e7\u0131l\u0131\u015f t\u00f6reniyle, 2019 Eyl\u00fcl ay\u0131nda Meta, T\u00fcrkiye Odalar ve Borsalar Birli\u011fi (TOBB), Milletleraras\u0131 Ticaret Odas\u0131 (ICC) ve Habitat Derne\u011fi\u2019nin \u0130stanbul\u2019da faaliyete ge\u00e7irdikleri topluluk merkezi \u201cFacebook \u0130stasyon\u201dun uydu &hellip; <a href=\"https:\/\/akdenizolaygazetesi.com\/?p=16717\" class=\"more-link\">Devam\u0131n\u0131 Oku&#8230;<\/a><\/p>\n","protected":false},"author":2,"featured_media":16718,"comment_status":"open","ping_status":"open","sticky":false,"template":"","format":"standard","meta":[],"categories":[8,1,3,5],"tags":[],"_links":{"self":[{"href":"https:\/\/akdenizolaygazetesi.com\/index.php?rest_route=\/wp\/v2\/posts\/16717"}],"collection":[{"href":"https:\/\/akdenizolaygazetesi.com\/index.php?rest_route=\/wp\/v2\/posts"}],"about":[{"href":"https:\/\/akdenizolaygazetesi.com\/index.php?rest_route=\/wp\/v2\/types\/post"}],"author":[{"embeddable":true,"href":"https:\/\/akdenizolaygazetesi.com\/index.php?rest_route=\/wp\/v2\/users\/2"}],"replies":[{"embeddable":true,"href":"https:\/\/akdenizolaygazetesi.com\/index.php?rest_route=%2Fwp%2Fv2%2Fcomments&post=16717"}],"version-history":[{"count":1,"href":"https:\/\/akdenizolaygazetesi.com\/index.php?rest_route=\/wp\/v2\/posts\/16717\/revisions"}],"predecessor-version":[{"id":16719,"href":"https:\/\/akdenizolaygazetesi.com\/index.php?rest_route=\/wp\/v2\/posts\/16717\/revisions\/16719"}],"wp:featuredmedia":[{"embeddable":true,"href":"https:\/\/akdenizolaygazetesi.com\/index.php?rest_route=\/wp\/v2\/media\/16718"}],"wp:attachment":[{"href":"https:\/\/akdenizolaygazetesi.com\/index.php?rest_route=%2Fwp%2Fv2%2Fmedia&parent=16717"}],"wp:term":[{"taxonomy":"category","embeddable":true,"href":"https:\/\/akdenizolaygazetesi.com\/index.php?rest_route=%2Fwp%2Fv2%2Fcategories&post=16717"},{"taxonomy":"post_tag","embeddable":true,"href":"https:\/\/akdenizolaygazetesi.com\/index.php?rest_route=%2Fwp%2Fv2%2Ftags&post=16717"}],"curies":[{"name":"wp","href":"https:\/\/api.w.org\/{rel}","templated":true}]}}