{"id":1672,"date":"2020-11-04T18:22:13","date_gmt":"2020-11-04T15:22:13","guid":{"rendered":"http:\/\/mersinekonomipolitikagazetesi.com\/?p=1672"},"modified":"2020-11-04T18:22:13","modified_gmt":"2020-11-04T15:22:13","slug":"nkplilerin-akkuyuya-gitmesi-engellendi","status":"publish","type":"post","link":"https:\/\/akdenizolaygazetesi.com\/?p=1672","title":{"rendered":"NKP\u2019L\u0130LER\u0130N AKKUYU\u2019YA G\u0130TMES\u0130 ENGELLEND\u0130!"},"content":{"rendered":"<p>N\u00fckleer Kar\u015f\u0131t\u0131 Platform -NKP- \u00fcyelerinin Akkuya\u2019ya  gidilmesi y\u00f6n\u00fcndeki karar\u0131 polisler taraf\u0131ndan engellendi. Engellemenin nedeninin Mersin Valili\u011fi\u2019nin \u00e7\u0131kard\u0131\u011f\u0131 bir tebli\u011fle yasaklanma karar\u0131 oldu\u011fu belirtildi.<\/p>\n<blockquote type=\"cite\">\n<blockquote type=\"cite\">\n<div dir=\"ltr\">\n<p><span style=\"font-size:16px;\">Mersin Valili\u011fi\u2019nin Akkuyu N\u00fckleer G\u00fc\u00e7 Santrali\u2019nin temellerinin at\u0131laca\u011f\u0131 g\u00fcnle ilgili \u00e7\u0131kard\u0131\u011f\u0131 tebli\u011fde, Akkuyu i\u00e7in bas\u0131n a\u00e7\u0131klamas\u0131, stand, protesto v.b. \u015feylere izin verilmeyece\u011fi yay\u0131nlanm\u0131\u015ft\u0131.<\/span><\/p>\n<p>\u00a0<\/p>\n<p><span style=\"font-size:16px;\">Bunun \u00fczerine temelleri at\u0131lacak olan n\u00fckleer santrali Mersin\u2019de istemeyen N\u00fckleer Kar\u015f\u0131t\u0131 Platform \u00fcyeleri Akkuya\u2019ya gitmek i\u00e7in \u00d6zg\u00fcr \u00c7ocuk Park\u0131\u2019nda bir araya geldi.<\/span><\/p>\n<p><span style=\"font-size:16px;\">Bir araya gelen NKP\u2019liler Akkuyu\u2019ya gitmek i\u00e7in yine karar al\u0131rken Valili\u011fin emriyle polisler taraf\u0131ndan gitmeleri konusunda izin verilmedi.<\/span><\/p>\n<p><span style=\"font-size:16px;\">NKP\u2019liler engellemeyi Akkuyu\u2019da denize gideceklerini ve \u00f6zg\u00fcrl\u00fck seyahatlerine izin verilmedi\u011fi \u015feklinde ifade etti.<\/span><\/p>\n<p>\u00a0<\/p>\n<p><span style=\"font-size:16px;\">Polislere direnen NKP\u2019liler Mersin\u2019de halk olarak n\u00fckleeri istemediklerine de\u011finerek, Mersin\u2019e bomba koyuldu\u011funu burada ya\u015fam hakk\u0131 savunucular\u0131 olduklar\u0131n\u0131 ifade etti.<\/span><\/p>\n<p>\u00a0<\/p>\n<\/div>\n<\/blockquote>\n<\/blockquote>\n","protected":false},"excerpt":{"rendered":"<p>N\u00fckleer Kar\u015f\u0131t\u0131 Platform -NKP- \u00fcyelerinin Akkuya\u2019ya gidilmesi y\u00f6n\u00fcndeki karar\u0131 polisler taraf\u0131ndan engellendi. Engellemenin nedeninin Mersin Valili\u011fi\u2019nin \u00e7\u0131kard\u0131\u011f\u0131 bir tebli\u011fle yasaklanma karar\u0131 oldu\u011fu belirtildi. Mersin Valili\u011fi\u2019nin Akkuyu N\u00fckleer G\u00fc\u00e7 Santrali\u2019nin temellerinin &hellip; <a href=\"https:\/\/akdenizolaygazetesi.com\/?p=1672\" class=\"more-link\">Devam\u0131n\u0131 Oku&#8230;<\/a><\/p>\n","protected":false},"author":1,"featured_media":0,"comment_status":"open","ping_status":"open","sticky":false,"template":"","format":"standard","meta":[],"categories":[],"tags":[],"_links":{"self":[{"href":"https:\/\/akdenizolaygazetesi.com\/index.php?rest_route=\/wp\/v2\/posts\/1672"}],"collection":[{"href":"https:\/\/akdenizolaygazetesi.com\/index.php?rest_route=\/wp\/v2\/posts"}],"about":[{"href":"https:\/\/akdenizolaygazetesi.com\/index.php?rest_route=\/wp\/v2\/types\/post"}],"author":[{"embeddable":true,"href":"https:\/\/akdenizolaygazetesi.com\/index.php?rest_route=\/wp\/v2\/users\/1"}],"replies":[{"embeddable":true,"href":"https:\/\/akdenizolaygazetesi.com\/index.php?rest_route=%2Fwp%2Fv2%2Fcomments&post=1672"}],"version-history":[{"count":0,"href":"https:\/\/akdenizolaygazetesi.com\/index.php?rest_route=\/wp\/v2\/posts\/1672\/revisions"}],"wp:attachment":[{"href":"https:\/\/akdenizolaygazetesi.com\/index.php?rest_route=%2Fwp%2Fv2%2Fmedia&parent=1672"}],"wp:term":[{"taxonomy":"category","embeddable":true,"href":"https:\/\/akdenizolaygazetesi.com\/index.php?rest_route=%2Fwp%2Fv2%2Fcategories&post=1672"},{"taxonomy":"post_tag","embeddable":true,"href":"https:\/\/akdenizolaygazetesi.com\/index.php?rest_route=%2Fwp%2Fv2%2Ftags&post=1672"}],"curies":[{"name":"wp","href":"https:\/\/api.w.org\/{rel}","templated":true}]}}