{"id":16720,"date":"2022-02-17T13:23:24","date_gmt":"2022-02-17T10:23:24","guid":{"rendered":"http:\/\/akdenizolaygazetesi.com\/?p=16720"},"modified":"2022-02-17T13:23:24","modified_gmt":"2022-02-17T10:23:24","slug":"mersin-ve-adananin-gucune-inaniyoruz","status":"publish","type":"post","link":"https:\/\/akdenizolaygazetesi.com\/?p=16720","title":{"rendered":"&#8220;Mersin ve Adana&#8217;n\u0131n g\u00fcc\u00fcne inan\u0131yoruz&#8221;"},"content":{"rendered":"<p>K\u0131sa bir s\u00fcre \u00f6nce g\u00f6reve se\u00e7ilen \u00c7ukurova Sanayi ve \u0130\u015f D\u00fcnyas\u0131 Federasyonu (\u00c7UKUROVA S\u0130FED) Y\u00f6netim Kurulu Ba\u015fkan\u0131 H\u00fcseyin K\u0131\u015f ve Y\u00f6netim Kurulu \u00fcyeleri, Adana ve Mersin&#8217;deki temaslar\u0131n\u0131 yo\u011fun bir \u015fekilde s\u00fcrd\u00fcr\u00fcyor.<br \/>\n\u00c7ukurova B\u00f6lgesi&#8217;nin sosyal, toplumsal ve ekonomik kalk\u0131nmas\u0131na y\u00f6nelik \u00e7abalar\u0131n\u0131 art\u0131ran \u00c7UKUROVA S\u0130FED Ba\u015fkan\u0131 H\u00fcseyin K\u0131\u015f ve Y\u00f6netim Kurulu \u00dcyeleri, ge\u00e7ti\u011fimiz g\u00fcnlerde Adana&#8217;da ger\u00e7ekle\u015ftirdi\u011fi temaslar\u0131n ard\u0131ndan bu kez de Mersin Valisi Ali \u0130hsan Su ile bir araya geldi.<br \/>\n\u00c7UKUROVA B\u00d6LGESEL HAVAL\u0130MANI 29 EK\u0130M&#8217;DE A\u00c7ILIYOR<br \/>\n\u00d6nemli bulu\u015fmada bir de \u00f6nemli a\u00e7\u0131klama yapan Mersin Valisi Ali \u0130hsan Su, Adana ve Mersin&#8217;in gelece\u011fi  i\u00e7in b\u00fcy\u00fck \u00f6nem ta\u015f\u0131yan Uluslararas\u0131 \u00c7ukurova B\u00f6lgesel Havaliman\u0131&#8217;n\u0131n 29 Ekim 2022&#8217;de, T\u00fcrkiye&#8217;nin bayram\u0131nda, Cumhuriyet Bayram\u0131&#8217;nda a\u00e7\u0131laca\u011f\u0131n\u0131 kaydetti. Vali Su, T\u00fcrkiye&#8217;nin 5. B\u00fcy\u00fck havaliman\u0131n\u0131n hem kargo hem de yolcu ta\u015f\u0131mac\u0131l\u0131\u011f\u0131nda hizmet verece\u011fini dile getirdi.<br \/>\nG\u00f6r\u00fc\u015fmede ayr\u0131ca Adana ve Mersin&#8217;in tam ortas\u0131nda, iki kent i\u00e7in de katma de\u011fer \u00fcretecek ortak bir fuar merkezi olu\u015fturulmas\u0131 g\u00f6r\u00fc\u015f\u00fc de a\u011f\u0131rl\u0131k kazand\u0131. Adana ve Mersin&#8217;in ayr\u0131 zamanlarda d\u00fczenledi\u011fi ayn\u0131 fuar\u0131n iki kent i\u00e7in de gerek ziyaret\u00e7i kat\u0131l\u0131m\u0131 ve profili, gerekse ekonomik d\u00f6ng\u00fc a\u00e7\u0131s\u0131ndan olumsuzluk olu\u015fturdu\u011funu dile getiren Ba\u015fkan H\u00fcseyin K\u0131\u015f, Adana ve Mersin protokol\u00fc, i\u015f d\u00fcnyas\u0131 ve sivil toplum kurulu\u015flar\u0131 ile birlikte hareket edip ortak bir fuar merkezi olu\u015fturulmas\u0131 i\u00e7in gayret edeceklerini ifade etti.<br \/>\nVAL\u0130 AL\u0130 \u0130HSAN SU, DESTEK VERD\u0130<br \/>\nTar\u0131mdan turizme, enerjiden sa\u011fl\u0131\u011fa, hizmet sekt\u00f6r\u00fcnden gastronomiye uzanan geni\u015f bir yelpazeye sahip iki kentin T\u00fcrkiye&#8217;nin kalk\u0131nmas\u0131nda \u00f6nemli bir rol\u00fc olaca\u011f\u0131na inand\u0131\u011f\u0131n\u0131 ifade eden Ba\u015fkan K\u0131\u015f, ortak fuar merkezi i\u00e7in giri\u015fimleri h\u0131zland\u0131racaklar\u0131n\u0131 dile getirdi.<br \/>\nBa\u015fkan H\u00fcseyin K\u0131\u015f&#8217;\u0131n \u00f6nerilerini dikkatle dinleyen Vali Ali \u0130hsan Su, \u00c7ukurova B\u00f6lgesi&#8217;nin ortak bir uluslararas\u0131 fuar alan\u0131 kazanmas\u0131na sevinece\u011fini s\u00f6yledi.<br \/>\nMersin Valisi Ali \u0130hsan Su, \u00c7e\u015fmeli-Erdemli-Silifke-Ta\u015fucu Otoyolu Projesi&#8217;nin \u00c7e\u015fmeli-K\u0131zkalesi b\u00f6l\u00fcm\u00fc ile ilgili ihalenin sonu\u00e7land\u0131\u011f\u0131n\u0131 ve yer teslimi yap\u0131ld\u0131\u011f\u0131 bilgisini de iletti.<br \/>\nZiyarette Ba\u015fkan H\u00fcseyin K\u0131\u015f ile birlikte \u00c7UKUROVA S\u0130FED Ba\u015fkan Yard\u0131mc\u0131s\u0131 G\u00fcl Aky\u00fcrek Balta, Y\u00f6netim Kurulu \u00dcyeleri Sibel Gelbul, Ayferi Tu\u011fcu, M\u00fcrvet Beyda\u011f\u0131, Ahmet Polat ve Selahattin Balkan da yer ald\u0131.<\/p>\n","protected":false},"excerpt":{"rendered":"<p>K\u0131sa bir s\u00fcre \u00f6nce g\u00f6reve se\u00e7ilen \u00c7ukurova Sanayi ve \u0130\u015f D\u00fcnyas\u0131 Federasyonu (\u00c7UKUROVA S\u0130FED) Y\u00f6netim Kurulu Ba\u015fkan\u0131 H\u00fcseyin K\u0131\u015f ve Y\u00f6netim Kurulu \u00fcyeleri, Adana ve Mersin&#8217;deki temaslar\u0131n\u0131 yo\u011fun bir \u015fekilde &hellip; <a href=\"https:\/\/akdenizolaygazetesi.com\/?p=16720\" class=\"more-link\">Devam\u0131n\u0131 Oku&#8230;<\/a><\/p>\n","protected":false},"author":2,"featured_media":16721,"comment_status":"open","ping_status":"open","sticky":false,"template":"","format":"standard","meta":[],"categories":[8,34,1,3],"tags":[],"_links":{"self":[{"href":"https:\/\/akdenizolaygazetesi.com\/index.php?rest_route=\/wp\/v2\/posts\/16720"}],"collection":[{"href":"https:\/\/akdenizolaygazetesi.com\/index.php?rest_route=\/wp\/v2\/posts"}],"about":[{"href":"https:\/\/akdenizolaygazetesi.com\/index.php?rest_route=\/wp\/v2\/types\/post"}],"author":[{"embeddable":true,"href":"https:\/\/akdenizolaygazetesi.com\/index.php?rest_route=\/wp\/v2\/users\/2"}],"replies":[{"embeddable":true,"href":"https:\/\/akdenizolaygazetesi.com\/index.php?rest_route=%2Fwp%2Fv2%2Fcomments&post=16720"}],"version-history":[{"count":1,"href":"https:\/\/akdenizolaygazetesi.com\/index.php?rest_route=\/wp\/v2\/posts\/16720\/revisions"}],"predecessor-version":[{"id":16722,"href":"https:\/\/akdenizolaygazetesi.com\/index.php?rest_route=\/wp\/v2\/posts\/16720\/revisions\/16722"}],"wp:featuredmedia":[{"embeddable":true,"href":"https:\/\/akdenizolaygazetesi.com\/index.php?rest_route=\/wp\/v2\/media\/16721"}],"wp:attachment":[{"href":"https:\/\/akdenizolaygazetesi.com\/index.php?rest_route=%2Fwp%2Fv2%2Fmedia&parent=16720"}],"wp:term":[{"taxonomy":"category","embeddable":true,"href":"https:\/\/akdenizolaygazetesi.com\/index.php?rest_route=%2Fwp%2Fv2%2Fcategories&post=16720"},{"taxonomy":"post_tag","embeddable":true,"href":"https:\/\/akdenizolaygazetesi.com\/index.php?rest_route=%2Fwp%2Fv2%2Ftags&post=16720"}],"curies":[{"name":"wp","href":"https:\/\/api.w.org\/{rel}","templated":true}]}}