{"id":16723,"date":"2022-02-18T13:24:42","date_gmt":"2022-02-18T10:24:42","guid":{"rendered":"http:\/\/akdenizolaygazetesi.com\/?p=16723"},"modified":"2022-02-18T13:24:42","modified_gmt":"2022-02-18T10:24:42","slug":"baskan-gultak-engelli-kediyi-misafir-etti","status":"publish","type":"post","link":"https:\/\/akdenizolaygazetesi.com\/?p=16723","title":{"rendered":"BA\u015eKAN G\u00dcLTAK ENGELL\u0130 KED\u0130Y\u0130 M\u0130SAF\u0130R ETT\u0130"},"content":{"rendered":"<p>Akdeniz Belediye Ba\u015fkan\u0131 Mustafa G\u00fcltak, 17 \u015eubat D\u00fcnya Kediler G\u00fcn\u00fc dolay\u0131s\u0131yla hayvan sever Yasemin A\u00e7\u0131k ve engelli kedisi Pilav&#8217;\u0131 a\u011f\u0131rlad\u0131. Ba\u015fkan G\u00fcltak, evinde onlarca yaral\u0131 sokak hayvan\u0131n bak\u0131m\u0131n\u0131 sa\u011flay\u0131p sahip \u00e7\u0131kan A\u00e7\u0131k&#8217;a plaket takdim edip, hediye verdi.<br \/>\n\u00d6zellikle sokakta ya\u015fayan yard\u0131ma muhta\u00e7 hayvanlara olan deste\u011fi ve ilgisi ile bilinen Akdeniz Belediye Ba\u015fkan\u0131 Mustafa G\u00fcltak, 17 \u015eubat D\u00fcnya Kediler G\u00fcn\u00fc dolay\u0131s\u0131yla sokak hayvanlar\u0131ndan sorumlu belediye personeli Sevil Kuma\u015f, hayvan sever Yasemin A\u00e7\u0131k ve engelli kedisini a\u011f\u0131rlad\u0131. \u00c7e\u015fitli sebeplerle 90&#8217;\u0131n \u00fczerinde yard\u0131ma gereksinim duyan kedi ve k\u00f6peklerin bak\u0131m\u0131n\u0131 \u00fcstlenen Yasemin A\u00e7\u0131k, desteklerinden dolay\u0131 Ba\u015fkan G\u00fcltak&#8217;a te\u015fekk\u00fcr etti.<br \/>\nBa\u015fkan Mustafa G\u00fcltak ise engelli kedi Pilav ile yak\u0131ndan ilgilendi. Akdeniz\u2019de ya\u015fayan t\u00fcm canl\u0131lar\u0131  \u00f6nemsedi\u011fine vurgu yapan Ba\u015fkan G\u00fcltak, &#8220;Ba\u015fta sokakta ya\u015fayan canlar\u0131m\u0131z olmak \u00fczere yard\u0131ma ihtiya\u00e7 duyan t\u00fcm hayvanlar\u0131m\u0131z ile yak\u0131ndan ilgilenmeye gayret g\u00f6steriyoruz. G\u00f6reve geldi\u011fimizden bu yana bar\u0131nmalar\u0131 ad\u0131na il\u00e7emizdeki belli noktalara kul\u00fcbeler yerle\u015ftiriyor, periyodik olarak canlar\u0131m\u0131z\u0131n mama ve su ihtiya\u00e7lar\u0131n\u0131 da kar\u015f\u0131l\u0131yoruz. Bu anlamda hedefimiz can dostlar\u0131m\u0131zla birlikte herkes i\u00e7in ya\u015fanabilir bir Akdeniz yaratmakt\u0131r&#8221; diye konu\u015ftu.<br \/>\nAkdeniz il\u00e7emiz ba\u015fta olmak \u00fczere kentimizi de ortak payla\u015ft\u0131\u011f\u0131m\u0131z can dostlar\u0131m\u0131z\u0131n ya\u015fam hakk\u0131n\u0131 \u00f6nemsiyor, gereksinime muhta\u00e7 canl\u0131lar\u0131m\u0131za bir ses bir nefes olmak i\u00e7in \u00e7aba sarf ediyoruz. G\u00fcn\u00fcn anlam\u0131na binaen t\u00fcm vatanda\u015flar\u0131m\u0131z\u0131 da bu konuda duyarl\u0131 olmaya davet ediyorum&#8221; ifadelerini kulland\u0131.<br \/>\nBa\u015fkan G\u00fcltak, ziyaret sonras\u0131nda g\u00fcn\u00fcn an\u0131s\u0131na hat\u0131ra foto\u011fraf\u0131 \u00e7ektirip, hayvan sever Yasemin A\u00e7\u0131k&#8217;a te\u015fekk\u00fcr plaketi takdim etti. Mustafa G\u00fcltak ayr\u0131ca engelli kediye mama, mama kab\u0131 ve kedi yata\u011f\u0131 hediye etti. <\/p>\n","protected":false},"excerpt":{"rendered":"<p>Akdeniz Belediye Ba\u015fkan\u0131 Mustafa G\u00fcltak, 17 \u015eubat D\u00fcnya Kediler G\u00fcn\u00fc dolay\u0131s\u0131yla hayvan sever Yasemin A\u00e7\u0131k ve engelli kedisi Pilav&#8217;\u0131 a\u011f\u0131rlad\u0131. Ba\u015fkan G\u00fcltak, evinde onlarca yaral\u0131 sokak hayvan\u0131n bak\u0131m\u0131n\u0131 sa\u011flay\u0131p sahip &hellip; <a href=\"https:\/\/akdenizolaygazetesi.com\/?p=16723\" class=\"more-link\">Devam\u0131n\u0131 Oku&#8230;<\/a><\/p>\n","protected":false},"author":2,"featured_media":16724,"comment_status":"open","ping_status":"open","sticky":false,"template":"","format":"standard","meta":[],"categories":[3],"tags":[],"_links":{"self":[{"href":"https:\/\/akdenizolaygazetesi.com\/index.php?rest_route=\/wp\/v2\/posts\/16723"}],"collection":[{"href":"https:\/\/akdenizolaygazetesi.com\/index.php?rest_route=\/wp\/v2\/posts"}],"about":[{"href":"https:\/\/akdenizolaygazetesi.com\/index.php?rest_route=\/wp\/v2\/types\/post"}],"author":[{"embeddable":true,"href":"https:\/\/akdenizolaygazetesi.com\/index.php?rest_route=\/wp\/v2\/users\/2"}],"replies":[{"embeddable":true,"href":"https:\/\/akdenizolaygazetesi.com\/index.php?rest_route=%2Fwp%2Fv2%2Fcomments&post=16723"}],"version-history":[{"count":1,"href":"https:\/\/akdenizolaygazetesi.com\/index.php?rest_route=\/wp\/v2\/posts\/16723\/revisions"}],"predecessor-version":[{"id":16725,"href":"https:\/\/akdenizolaygazetesi.com\/index.php?rest_route=\/wp\/v2\/posts\/16723\/revisions\/16725"}],"wp:featuredmedia":[{"embeddable":true,"href":"https:\/\/akdenizolaygazetesi.com\/index.php?rest_route=\/wp\/v2\/media\/16724"}],"wp:attachment":[{"href":"https:\/\/akdenizolaygazetesi.com\/index.php?rest_route=%2Fwp%2Fv2%2Fmedia&parent=16723"}],"wp:term":[{"taxonomy":"category","embeddable":true,"href":"https:\/\/akdenizolaygazetesi.com\/index.php?rest_route=%2Fwp%2Fv2%2Fcategories&post=16723"},{"taxonomy":"post_tag","embeddable":true,"href":"https:\/\/akdenizolaygazetesi.com\/index.php?rest_route=%2Fwp%2Fv2%2Ftags&post=16723"}],"curies":[{"name":"wp","href":"https:\/\/api.w.org\/{rel}","templated":true}]}}