{"id":1673,"date":"2020-11-04T18:22:13","date_gmt":"2020-11-04T15:22:13","guid":{"rendered":"http:\/\/mersinekonomipolitikagazetesi.com\/?p=1673"},"modified":"2020-11-04T18:22:13","modified_gmt":"2020-11-04T15:22:13","slug":"turkiyenin-elektrik-ihtiyacinin-yuzde-10unu-karsilayacak","status":"publish","type":"post","link":"https:\/\/akdenizolaygazetesi.com\/?p=1673","title":{"rendered":"&#8220;T\u00fcrkiye&#8217;nin elektrik ihtiyac\u0131n\u0131n y\u00fczde 10&#8217;unu kar\u015f\u0131layacak&#8221;"},"content":{"rendered":"<p>Rusatom Energy International Genel M\u00fcd\u00fcr\u00fc Anastasia Zoteeva, Akkuyu N\u00fckleer G\u00fc\u00e7 Santrali&#8217;nin g\u00fcvenlik \u00f6nlemlerine uyan bir santral olaca\u011f\u0131n\u0131 vurgulayarak, &#8220;Bu santral projesinin karde\u015fi \u015fu anda Rusya&#8217;da \u00e7al\u0131\u015f\u0131yor. T\u00fcrkiye&#8217;nin s\u00fcrekli, istikrarl\u0131 \u00e7ok g\u00fc\u00e7l\u00fc bir enerjiye ihtiyac\u0131 var. Uzmanlar\u0131m\u0131z\u0131n hesaplar\u0131na g\u00f6re santralimiz 100 y\u0131ll\u0131k bir d\u00f6nem i\u00e7in hesap edersek 180 milyar dolarl\u0131k bir kar getirecek&#8221; dedi.<\/p>\n<p><span style=\"font-size:16px;\"><span style=\"font-family: sans-serif; line-height: 20px; text-align: justify; background-color: rgb(242, 244, 245);\">T\u00fcrkiye&#8217;nin 60 y\u0131ll\u0131k n\u00fckleer g\u00fc\u00e7 santrali hayalinde bug\u00fcn \u00f6nemli bir ad\u0131m at\u0131l\u0131yor. Mersin&#8217;in G\u00fclnar il\u00e7esi Akkuyu b\u00f6lgesinde yap\u0131m\u0131 planlanan Akkuyu N\u00fckler G\u00fc\u00e7 Santrali&#8217;nin temeli, iki \u00fclke liderinin kat\u0131laca\u011f\u0131 t\u00f6renle at\u0131lacak. 2010 y\u0131l\u0131nda Rusya ile T\u00fcrkiye aras\u0131nda imzalanan anla\u015fma \u00e7er\u00e7evesince start alan Akkuyu N\u00fckleer G\u00fc\u00e7 Santrali Projesi&#8217;nin yakla\u015f\u0131k 20 milyar dolara mal olmas\u0131 bekleniyor. Her biri bin 200 megavat g\u00fcc\u00fcnde 4 reakt\u00f6rden olu\u015fan santralin \u00fcretime ba\u015flamas\u0131yla T\u00fcrkiye&#8217;nin enerji ihtiyac\u0131n\u0131n yakla\u015f\u0131k y\u00fczde 10&#8217;unu kar\u015f\u0131lamas\u0131 hedefleniyor. Bug\u00fcn Cumhurba\u015fkan\u0131 Recep Tayyip Erdo\u011fan ve Rusya Devlet Ba\u015fkan\u0131 Vladimir Putin taraf\u0131ndan temeli at\u0131lacak santralin ilk \u00fcnitesinin 29 Ekim 2023 y\u0131l\u0131nda devreye girmesi bekleniyor.\u00a0<\/span><br style=\"box-sizing: border-box; font-family: sans-serif; font-size: 14px; line-height: 20px; text-align: justify; background-color: rgb(242, 244, 245);\" \/><br \/>\n<span style=\"font-family: sans-serif; line-height: 20px; text-align: justify; background-color: rgb(242, 244, 245);\">A\u00e7\u0131l\u0131\u015f \u00f6ncesi Akkuyu&#8217;daki t\u00f6ren alan\u0131nda konu\u015fan Rusatom Enerji Y\u00f6netim Kurulu Ba\u015fkan\u0131 M\u00fcd\u00fcr\u00fc Anastasia Zoteeva, 2012 y\u0131l\u0131nda T\u00fcrkiye tarihinde ilk n\u00fckleer santralinin yap\u0131m\u0131 i\u00e7in \u00e7al\u0131\u015fmalar\u0131n ba\u015flad\u0131\u011f\u0131n\u0131 hat\u0131rlatt\u0131. 2012 y\u0131l\u0131ndan beri Rusatom&#8217;un T\u00fcrkiye\u2019nin yetkili makamlar\u0131yla, kurumlar\u0131yla birlikte milli n\u00fckleer enerji sistemini geli\u015ftirmeye ba\u015flad\u0131\u011f\u0131n\u0131 vurgulayan Zoteeva, &#8220;Bu d\u00f6nem i\u00e7inde \u00e7ok b\u00fcy\u00fck yol kat ettik. T\u00fcrkiye\u2019nin n\u00fckleer yol haritas\u0131 birlikte \u00e7izildi. \u00c7ok say\u0131da yeni kanunlar ve kararlar yap\u0131ld\u0131. Haz\u0131rl\u0131k \u00e7al\u0131\u015fmalar\u0131 ba\u015flat\u0131ld\u0131. \u0130lk T\u00fcrk \u00f6\u011frencileri Rusya\u2019daki \u00fcniversitelere girdiler, 5 y\u0131ll\u0131k e\u011fitimlerini tamamlad\u0131lar ve bu sene mezun oldular. \u0130lk \u00f6\u011frencilerimiz art\u0131k y\u00fcksek fizik uzmanlar\u0131 ve n\u00fckleer uzmanlar\u0131 olarak e\u011fitimlerini ald\u0131lar ve sahada \u00e7al\u0131\u015fmak i\u00e7in haz\u0131r bulunuyorlar. \u0130lk T\u00fcrk ta\u015feron firmada proje \u00fcrettiler ve \u00e7al\u0131\u015fmaya ba\u015flad\u0131lar. Biz Rusatom olarak T\u00fcrkiye\u2019nin s\u00fcrekli, istikrarl\u0131 \u00e7ok g\u00fc\u00e7l\u00fc bir enerjiye ihtiyac\u0131 oldu\u011funu d\u00fc\u015f\u00fcn\u00fcyoruz ve T\u00fcrk devletinin n\u00fckleer enerji sekt\u00f6r\u00fcn\u00fc geli\u015ftirmesi noktas\u0131nda destekliyoruz. D\u00fcnya enerji piyasas\u0131ndaki dengeler art\u0131k h\u0131zl\u0131 bir \u015fekilde de\u011fi\u015fiyor. N\u00fckleer enerjinin b\u00fct\u00fcn d\u00fcnya enerji t\u00fcketiminde oran\u0131 gittik\u00e7e art\u0131yor. D\u00fcnya enerji kullanmas\u0131yla birlikte \u0131s\u0131nma sorunlar\u0131na kar\u015f\u0131 ortak tedbir almaya karar verdi. \u0130stikrarl\u0131 n\u00fckleer enerji elde edebilmek i\u00e7in yerel bir enerji \u00fcretiminin olmas\u0131 gerekiyor ve T\u00fcrkiye h\u0131zl\u0131 \u015fekilde geli\u015fen bir \u00fclke olarak muhakkak istikrarl\u0131 ve g\u00fc\u00e7l\u00fc bir enerji kayna\u011f\u0131 olmas\u0131 laz\u0131m&#8221; diye konu\u015ftu.\u00a0<\/span><br style=\"box-sizing: border-box; font-family: sans-serif; font-size: 14px; line-height: 20px; text-align: justify; background-color: rgb(242, 244, 245);\" \/><br \/>\n<span style=\"font-family: sans-serif; line-height: 20px; text-align: justify; background-color: rgb(242, 244, 245);\">Rusatom ve T\u00fcrkiye&#8217;nin yetkili makamlar\u0131n\u0131n bundan sonrada birlikte \u00e7al\u0131\u015fmalar y\u00fcr\u00fctece\u011finin alt\u0131n\u0131 \u00e7izen Zoteeva, &#8220;Bildi\u011finiz gibi Rusya\u2019da ilk n\u00fckleer santral 1924 y\u0131l\u0131nda in\u015fa edilmi\u015fti. Rusatom sadece teknoloji satmakla veya vermekle s\u0131n\u0131rl\u0131 kalm\u0131yor. Sadece \u00fclkemizde ba\u015far\u0131l\u0131 bir \u015fekilde \u00e7al\u0131\u015fan teknolojileri burada uygulamak istiyoruz. T\u00fcrk yetkili makamlar\u0131yla birlikte ger\u00e7ekle\u015ftirdi\u011fimiz bu projenin ayn\u0131s\u0131 Rusya\u2019da da var. Bu projenin karde\u015fi 2014 y\u0131l\u0131nda \u00fclkemizde i\u015fletmeye a\u00e7\u0131ld\u0131. \u015eubat 2018\u2019de de yine bu projenin bir di\u011fer karde\u015fi Rusya topraklar\u0131nda \u00e7al\u0131\u015fmaya ba\u015flad\u0131. Bu santral Fuku\u015fima sonras\u0131nda b\u00fct\u00fcn g\u00fcvenlik \u00f6nlemlerine uyan bir santral. Rusatom sadece n\u00fckleer santraller \u00fczerinde s\u0131n\u0131rl\u0131 kalm\u0131yor. N\u00fckleer teknolojinin geli\u015fmesi, insanlar\u0131n da standartlar\u0131 \u00e7ok h\u0131zl\u0131 bir \u015fekilde geli\u015ftiriliyor. Radyasyon \u0131\u015f\u0131nlama k\u00fc\u00e7\u00fck tozlarda \u00fcr\u00fcnlerin, g\u0131dalar\u0131n \u00f6mr\u00fcn\u00fc uzat\u0131yor. Ayn\u0131 zamanda tohumlar\u0131nda \u00f6m\u00fcrlerini uzat\u0131yor ve tohumlara zarar vermiyor. I\u015f\u0131nlanma y\u00f6ntemleri tar\u0131m i\u00e7inde fayda getirecektir. N\u00fckleer ar\u0131tma, su ar\u0131tma konusunda da \u00e7ok g\u00fczel sonu\u00e7lar al\u0131yoruz. N\u00fckleer santralin kurulmas\u0131 ilk ad\u0131md\u0131r. Bir \u00fclke n\u00fckleer enerjiye sahip olduktan sonra her alanda sanayide, jeolojide, enerjide, t\u0131pta \u00e7ok h\u0131zl\u0131 bir \u015fekilde geli\u015fecektir. Uzmanlar\u0131m\u0131z\u0131n hesaplar\u0131na g\u00f6re santralimiz 100 y\u0131ll\u0131k bir d\u00f6nem i\u00e7in hesap edersek 180 milyar dolarl\u0131k bir kar getirecek o \u00fclkeye. Mersin Akkuyu\u2019da bu santralin yap\u0131lmas\u0131 hem ta\u015feron hem de in\u015faat firmalar\u0131 ve di\u011fer firmalar i\u00e7in geli\u015fim sa\u011flayacakt\u0131r. Biz burada T\u00fcrk firmalar\u0131yla, malzemeleriyle buray\u0131 yapmak istiyoruz. T\u00fcrkiye\u2019de yetkili makamlar\u0131nda deste\u011fine \u00e7ok ihtiyac\u0131m\u0131z var. \u00c7\u00fcnk\u00fc sizlerle birlikte n\u00fckleer santralin faydalar\u0131n\u0131, bu b\u00f6lgeye getirecek geli\u015fmeleri anlatmakla bu enerji sistemini geli\u015ftirebiliriz. T\u00fcrkiye n\u00fcfusu i\u00e7in \u00e7ok b\u00fcy\u00fck geli\u015fim oldu\u011funu herkese anlatmal\u0131y\u0131z&#8221; \u015feklinde konu\u015ftu.\u00a0<\/span><br style=\"box-sizing: border-box; font-family: sans-serif; font-size: 14px; line-height: 20px; text-align: justify; background-color: rgb(242, 244, 245);\" \/><br \/>\n<br style=\"box-sizing: border-box; font-family: sans-serif; font-size: 14px; line-height: 20px; text-align: justify; background-color: rgb(242, 244, 245);\" \/><br \/>\n<span style=\"font-family: sans-serif; line-height: 20px; text-align: justify; background-color: rgb(242, 244, 245);\">&#8220;Elektrik ihtiyac\u0131m\u0131z\u0131n y\u00fczde 10&#8217;unu kar\u015f\u0131layacak&#8221;\u00a0<\/span><br style=\"box-sizing: border-box; font-family: sans-serif; font-size: 14px; line-height: 20px; text-align: justify; background-color: rgb(242, 244, 245);\" \/><br \/>\n<span style=\"font-family: sans-serif; line-height: 20px; text-align: justify; background-color: rgb(242, 244, 245);\">Enerji ve Tabii Kaynaklar Bakanl\u0131\u011f\u0131 M\u00fcste\u015far\u0131 Fatih D\u00f6nmez ise bug\u00fcn \u00e7ok heyecanl\u0131 oldu\u011funu belirterek, \u201cBug\u00fcn b\u00f6yle bir b\u00fcy\u00fck projenin temelini at\u0131yoruz. Heyecanl\u0131y\u0131m \u00e7\u00fcnk\u00fc d\u00fcnyan\u0131n en g\u00fc\u00e7l\u00fc \u00fclkelerinden 2 \u00fclkenin g\u00fczel bir i\u015fbirli\u011fine \u015fahitlik yapaca\u011f\u0131m. Heyecanl\u0131y\u0131m \u00e7\u00fcnk\u00fc 35 tane yeni mezunumuz var. 1957 y\u0131l\u0131nda asl\u0131nda biz ilk ad\u0131m\u0131 atm\u0131\u015ft\u0131k. 2010 y\u0131l\u0131na kadar bir\u00e7ok denemeler yap\u0131lm\u0131\u015f olmas\u0131na ra\u011fmen maalesef ba\u015far\u0131l\u0131 olamam\u0131\u015f bir s\u00fcre\u00e7 vard\u0131. 2010 y\u0131l\u0131nda Rusya Federasyonu ile T\u00fcrkiye Cumhuriyeti aras\u0131nda yap\u0131lan anla\u015fmayla her biri bin 200 megavat 4 adet g\u00fc\u00e7 \u00fcnitesinden olu\u015fan ve askeri 60 y\u0131l i\u015fletme \u00f6mr\u00fcne sahip ilk n\u00fckleer santralimiz nihayet 61 y\u0131l sonra ger\u00e7e\u011fe d\u00f6n\u00fc\u015fmeye ba\u015fl\u0131yor. Bu tip b\u00fcy\u00fck tesislerde in\u015faat s\u00fcresi kadar in\u015faat \u00f6ncesi haz\u0131rl\u0131klarda zaman al\u0131yor. Fakat biz yinede \u015fansl\u0131y\u0131z ve \u00e7ok k\u0131sa s\u00fcre i\u00e7inde buraya ait her t\u00fcrl\u00fc izinler tamamlanm\u0131\u015f oldu. Ge\u00e7ti\u011fimiz Cuma g\u00fcn\u00fcde ilk \u00fcnite i\u00e7in in\u015faat lisans\u0131n\u0131 verildi. Sahay\u0131 gezdik. Hakikaten \u00e7ok ciddi ilerlemeler var. Bu i\u015f planland\u0131\u011f\u0131 gibi belkide planland\u0131\u011f\u0131ndan \u00f6nce neticelenir. \u0130n\u015fallah 2023 y\u0131l\u0131nda burada hep birlikte bu tesisin a\u00e7\u0131l\u0131\u015f\u0131na da tan\u0131kl\u0131k ederiz. \u015eu anda sahada 800 i\u015f\u00e7i \u00e7al\u0131\u015f\u0131yor. Bunlar\u0131n y\u00fczde 90\u2019\u0131 T\u00fcrk vatanda\u015f\u0131. Yine 100 i\u015f makinesi halihaz\u0131rda \u00e7al\u0131\u015f\u0131yor. Akkuyu N\u00fckleer Enerji Santrali ile birlikte elektrik \u00fcretiminde yeni bir kayna\u011f\u0131m\u0131z elimizde olmu\u015f olacak. Akkuyu N\u00fckleer Santralinin devreye girmesiyle birlikte enerji kaynak \u00e7e\u015fitlili\u011fimiz \u00e7o\u011falacakt\u0131r. Biz n\u00fckleer enerjiyi su, r\u00fczgar ve k\u00f6m\u00fcr gibi yerli kaynaklar\u0131n ithal kaynaklar\u0131n alternatifi olarak de\u011ferlendiriyoruz. Bu santral 4 \u00fcnitesiyle devreye girdi\u011finde y\u0131lda yakla\u015f\u0131k 35 milyar kilovat saatlik bir elektrik enerjisi \u00fcretecek. Bu da bug\u00fcn itibar\u0131yla \u0130stanbul ilimizin t\u00fcketti\u011fi elektrik enerjisinin y\u00fczde 80\u2019ine denk geliyor. Yine bug\u00fcn\u00fc baz al\u0131rsak ihtiya\u00e7 duydu\u011fumuz elektrik enerjinin y\u00fczde 10\u2019unu kar\u015f\u0131la\u015facakt\u0131r\u201d ifadelerini kuland\u0131.\u00a0<\/span><br style=\"box-sizing: border-box; font-family: sans-serif; font-size: 14px; line-height: 20px; text-align: justify; background-color: rgb(242, 244, 245);\" \/><br \/>\n<br style=\"box-sizing: border-box; font-family: sans-serif; font-size: 14px; line-height: 20px; text-align: justify; background-color: rgb(242, 244, 245);\" \/><br \/>\n<span style=\"font-family: sans-serif; line-height: 20px; text-align: justify; background-color: rgb(242, 244, 245);\">&#8220;B\u00fct\u00fcn g\u00fcvenlik tedbirleri en \u00fcst d\u00fczeyde al\u0131n\u0131yor&#8221;\u00a0<\/span><br style=\"box-sizing: border-box; font-family: sans-serif; font-size: 14px; line-height: 20px; text-align: justify; background-color: rgb(242, 244, 245);\" \/><br \/>\n<span style=\"font-family: sans-serif; line-height: 20px; text-align: justify; background-color: rgb(242, 244, 245);\">Akkuyu N\u00fckleer A.\u015e. Genel M\u00fcd\u00fcr\u00fc Yuriy Galanchuk de T\u00fcrk halk\u0131n\u0131n tarihinde yeni bir sayfa a\u00e7\u0131ld\u0131\u011f\u0131n\u0131, ilk milli n\u00fckleer enerji i\u00e7in temelin at\u0131ld\u0131\u011f\u0131n\u0131 s\u00f6yledi. T\u00fcrkiye\u2019nin bundan sonra n\u00fckleer enerji kullanan \u00fclkeler i\u00e7ine girece\u011fini kaydeden Galanchuk, \u201cBu santral 2010 y\u0131l\u0131nda imzalanan anla\u015fma \u00e7er\u00e7evesinde yap\u0131l\u0131yor. Bu projede son derece \u00f6zel ve son derece modern g\u00fcvenlik tedbirleri al\u0131n\u0131yor. D\u00fcnyada ilk olarak ve daha \u00f6nce e\u015fi benzeri olmayan bin 200 g\u00fcc\u00fc olan 3 nesil reakt\u00f6r kullan\u0131lacak. Benzer reakt\u00f6rlerden yap\u0131lan n\u00fckleer enerji santralleri Rusya\u2019da ka\u00e7 y\u0131ld\u0131r i\u015fletiliyor. Bu santraller t\u00fcm d\u0131\u015f etkenlere kar\u015f\u0131 korunarak yap\u0131l\u0131yor. Her t\u00fcrl\u00fc koruma seviyeleri en \u00fcst d\u00fczeyde bulunacak. G\u00fc\u00e7 kapasitesi 4 bin 800 megavat saat olacak. \u0130\u015fletme s\u00fcresi en az 60 y\u0131l olarak hesap edilmi\u015ftir. Daha sonra birka\u00e7 defa \u00e7al\u0131\u015fma \u00f6mr\u00fc uzat\u0131labilir. \u0130n\u015faat\u0131 ile birlikte santral en az 100 y\u0131l burada kalacak. T\u00fcrkiye \u00e7ok h\u0131zl\u0131 bir \u015fekilde geli\u015fiyor. Tabi ki T\u00fcrkiye\u2019nin s\u00fcrekli artan bir enerji ihtiyac\u0131 var. T\u00fcrkiye\u2019nin milli n\u00fckleer santrali olmas\u0131, d\u0131\u015fa ba\u011f\u0131ml\u0131l\u0131\u011f\u0131n\u0131 azaltm\u0131\u015f olacak. T\u00fcrkiye enerji \u00fclkeyi daha temiz havaya daha temiz do\u011faya ve daha temiz ya\u015fam standartlar\u0131na ula\u015ft\u0131racakt\u0131r. Santralin yap\u0131lmas\u0131 neredeyse 20 milyar dolar olarak hesap edilmi\u015f. Bu muazzam yat\u0131r\u0131mlar sadece Mersin i\u00e7in de\u011fil b\u00fct\u00fcn T\u00fcrkiye\u2019yi de kalk\u0131nd\u0131racak ve geli\u015ftirecektir\u201d \u015feklinde konu\u015ftu.\u00a0<\/span><\/span><\/p>\n","protected":false},"excerpt":{"rendered":"<p>Rusatom Energy International Genel M\u00fcd\u00fcr\u00fc Anastasia Zoteeva, Akkuyu N\u00fckleer G\u00fc\u00e7 Santrali&#8217;nin g\u00fcvenlik \u00f6nlemlerine uyan bir santral olaca\u011f\u0131n\u0131 vurgulayarak, &#8220;Bu santral projesinin karde\u015fi \u015fu anda Rusya&#8217;da \u00e7al\u0131\u015f\u0131yor. T\u00fcrkiye&#8217;nin s\u00fcrekli, istikrarl\u0131 \u00e7ok &hellip; <a href=\"https:\/\/akdenizolaygazetesi.com\/?p=1673\" class=\"more-link\">Devam\u0131n\u0131 Oku&#8230;<\/a><\/p>\n","protected":false},"author":1,"featured_media":0,"comment_status":"open","ping_status":"open","sticky":false,"template":"","format":"standard","meta":[],"categories":[],"tags":[],"_links":{"self":[{"href":"https:\/\/akdenizolaygazetesi.com\/index.php?rest_route=\/wp\/v2\/posts\/1673"}],"collection":[{"href":"https:\/\/akdenizolaygazetesi.com\/index.php?rest_route=\/wp\/v2\/posts"}],"about":[{"href":"https:\/\/akdenizolaygazetesi.com\/index.php?rest_route=\/wp\/v2\/types\/post"}],"author":[{"embeddable":true,"href":"https:\/\/akdenizolaygazetesi.com\/index.php?rest_route=\/wp\/v2\/users\/1"}],"replies":[{"embeddable":true,"href":"https:\/\/akdenizolaygazetesi.com\/index.php?rest_route=%2Fwp%2Fv2%2Fcomments&post=1673"}],"version-history":[{"count":0,"href":"https:\/\/akdenizolaygazetesi.com\/index.php?rest_route=\/wp\/v2\/posts\/1673\/revisions"}],"wp:attachment":[{"href":"https:\/\/akdenizolaygazetesi.com\/index.php?rest_route=%2Fwp%2Fv2%2Fmedia&parent=1673"}],"wp:term":[{"taxonomy":"category","embeddable":true,"href":"https:\/\/akdenizolaygazetesi.com\/index.php?rest_route=%2Fwp%2Fv2%2Fcategories&post=1673"},{"taxonomy":"post_tag","embeddable":true,"href":"https:\/\/akdenizolaygazetesi.com\/index.php?rest_route=%2Fwp%2Fv2%2Ftags&post=1673"}],"curies":[{"name":"wp","href":"https:\/\/api.w.org\/{rel}","templated":true}]}}