{"id":16735,"date":"2022-02-18T13:30:59","date_gmt":"2022-02-18T10:30:59","guid":{"rendered":"http:\/\/akdenizolaygazetesi.com\/?p=16735"},"modified":"2022-02-18T13:30:59","modified_gmt":"2022-02-18T10:30:59","slug":"baskan-secer-ve-meral-secer-koro-ile-birlikte-sarki-soyledi","status":"publish","type":"post","link":"https:\/\/akdenizolaygazetesi.com\/?p=16735","title":{"rendered":"BA\u015eKAN SE\u00c7ER VE MERAL SE\u00c7ER, KORO \u0130LE B\u0130RL\u0130KTE \u015eARKI S\u00d6YLED\u0130"},"content":{"rendered":"<p>Mersin B\u00fcy\u00fck\u015fehir Belediye Ba\u015fkan\u0131 Vahap Se\u00e7er ve e\u015fi Meral Se\u00e7er, Mersin B\u00fcy\u00fck\u015fehir Belediyesi&#8217;nin Sevgililer G\u00fcn\u00fc etkinlikleri kapsam\u0131nda, Sosyal Hizmetler Dairesi b\u00fcnyesinde hizmet veren Emekli Evi \u00fcyelerinin &#8216;G\u00f6n\u00fclden Sesler Korosu Konseri&#8217;ni dinledi. Ba\u015fkan Se\u00e7er, &#8220;\u0130n\u015fallah siz de\u011ferli b\u00fcy\u00fcklerimizle her zaman, her ortamda birlikte oluruz. \u00d6zellikle hep mutlu ortamlar olsun, \u00f6yle arzu ediyoruz&#8221; dedi.<br \/>\n&#8220;En k\u00f6t\u00fc g\u00fcn\u00fcm\u00fcz b\u00f6yle olsun&#8221;<br \/>\nB\u00fcy\u00fck\u015fehir Belediyesi Kongre ve Sergi Saray\u0131&#8217;nda d\u00fczenlenen konseri; Ba\u015fkan Se\u00e7er ve Meral Se\u00e7er&#8217;in yan\u0131 s\u0131ra Meclis \u00fcyeleri, B\u00fcy\u00fck\u015fehir Belediyesi b\u00fcrokratlar\u0131 ile daire ba\u015fkanlar\u0131, Emekli Evi \u00fcyeleri ve \u00e7ok say\u0131da vatanda\u015f dinledi. Emekliler konserde seslendirilen birbirinden g\u00fczel \u015fark\u0131larla keyifli bir ak\u015fam ge\u00e7irdi, g\u00f6n\u00fcllerince e\u011flendi.<br \/>\nBa\u015fkan Se\u00e7er, \u00e7ok g\u00fczel bir konser oldu\u011funu belirterek, &#8220;Gayet g\u00fczel ge\u00e7iyor de\u011fil mi? Ben biraz ge\u00e7 kat\u0131ld\u0131m. \u00d6nce sanat\u00e7\u0131lar\u0131m\u0131zdan \u00f6z\u00fcr diliyorum. Mersin geni\u015f bir \u015fehir. Mut&#8217;tayd\u0131m ben. Ancak yeti\u015febildim ama e\u015fim de s\u00f6yledi; ger\u00e7ekten \u00e7ok g\u00fczel ge\u00e7iyor. \u00c7ok harika. \u00c7ok da g\u00fczel haz\u0131rlanm\u0131\u015fs\u0131n\u0131z. Kutluyorum sizleri. Sizlerin de zevk ald\u0131\u011f\u0131n\u0131z\u0131 g\u00f6r\u00fcyorum. Biraz da sizlere bor\u00e7luyum. Uzun s\u00fcredir ziyaret etmek istiyordum ama burada k\u0131smet oldu sizlerle bir arada olmak. \u0130n\u015fallah siz de\u011ferli b\u00fcy\u00fcklerimizle her zaman, her ortamda birlikte oluruz. \u00d6zellikle hep mutlu ortamlar olsun, \u00f6yle arzu ediyoruz. K\u00f6t\u00fc g\u00fcnlerimiz olmas\u0131n. En k\u00f6t\u00fc g\u00fcn\u00fcm\u00fcz b\u00f6yle olsun&#8221; dedi.<br \/>\nBa\u015fkan Se\u00e7er ve Meral Se\u00e7er, konserin son \u015fark\u0131s\u0131 olan &#8216;Tel Tel Tarad\u0131m&#8217; isimli par\u00e7ay\u0131 koro ile birlikte seslendirdi. Ba\u015fkan Se\u00e7er, \u015eef Zeynep \u00d6zel&#8217;e t\u00fcm sanat\u00e7\u0131lar ad\u0131na \u00e7i\u00e7ek, koroda yer alan Emekli Evi \u00fcyelerine de te\u015fekk\u00fcr belgesi verdi. Daha sonra bir Emekli Evi \u00fcyesi taraf\u0131ndan da Meral Se\u00e7er&#8217;e hediye takdimi yap\u0131ld\u0131. Ba\u015fkan Se\u00e7er, Meral Se\u00e7er ile birlikte konser giri\u015finde kurulan stantlarda yer alan Emekli Evi \u00fcyelerinin El Sanatlar\u0131 Sergisi&#8217;ni de inceledi.<\/p>\n","protected":false},"excerpt":{"rendered":"<p>Mersin B\u00fcy\u00fck\u015fehir Belediye Ba\u015fkan\u0131 Vahap Se\u00e7er ve e\u015fi Meral Se\u00e7er, Mersin B\u00fcy\u00fck\u015fehir Belediyesi&#8217;nin Sevgililer G\u00fcn\u00fc etkinlikleri kapsam\u0131nda, Sosyal Hizmetler Dairesi b\u00fcnyesinde hizmet veren Emekli Evi \u00fcyelerinin &#8216;G\u00f6n\u00fclden Sesler Korosu Konseri&#8217;ni &hellip; <a href=\"https:\/\/akdenizolaygazetesi.com\/?p=16735\" class=\"more-link\">Devam\u0131n\u0131 Oku&#8230;<\/a><\/p>\n","protected":false},"author":2,"featured_media":16736,"comment_status":"open","ping_status":"open","sticky":false,"template":"","format":"standard","meta":[],"categories":[2,3,5],"tags":[],"_links":{"self":[{"href":"https:\/\/akdenizolaygazetesi.com\/index.php?rest_route=\/wp\/v2\/posts\/16735"}],"collection":[{"href":"https:\/\/akdenizolaygazetesi.com\/index.php?rest_route=\/wp\/v2\/posts"}],"about":[{"href":"https:\/\/akdenizolaygazetesi.com\/index.php?rest_route=\/wp\/v2\/types\/post"}],"author":[{"embeddable":true,"href":"https:\/\/akdenizolaygazetesi.com\/index.php?rest_route=\/wp\/v2\/users\/2"}],"replies":[{"embeddable":true,"href":"https:\/\/akdenizolaygazetesi.com\/index.php?rest_route=%2Fwp%2Fv2%2Fcomments&post=16735"}],"version-history":[{"count":1,"href":"https:\/\/akdenizolaygazetesi.com\/index.php?rest_route=\/wp\/v2\/posts\/16735\/revisions"}],"predecessor-version":[{"id":16737,"href":"https:\/\/akdenizolaygazetesi.com\/index.php?rest_route=\/wp\/v2\/posts\/16735\/revisions\/16737"}],"wp:featuredmedia":[{"embeddable":true,"href":"https:\/\/akdenizolaygazetesi.com\/index.php?rest_route=\/wp\/v2\/media\/16736"}],"wp:attachment":[{"href":"https:\/\/akdenizolaygazetesi.com\/index.php?rest_route=%2Fwp%2Fv2%2Fmedia&parent=16735"}],"wp:term":[{"taxonomy":"category","embeddable":true,"href":"https:\/\/akdenizolaygazetesi.com\/index.php?rest_route=%2Fwp%2Fv2%2Fcategories&post=16735"},{"taxonomy":"post_tag","embeddable":true,"href":"https:\/\/akdenizolaygazetesi.com\/index.php?rest_route=%2Fwp%2Fv2%2Ftags&post=16735"}],"curies":[{"name":"wp","href":"https:\/\/api.w.org\/{rel}","templated":true}]}}