{"id":1674,"date":"2020-11-04T18:22:13","date_gmt":"2020-11-04T15:22:13","guid":{"rendered":"http:\/\/mersinekonomipolitikagazetesi.com\/?p=1674"},"modified":"2020-11-04T18:22:13","modified_gmt":"2020-11-04T15:22:13","slug":"kiyi-duzenlemesi-icin-yeni-fikirler-bekleniyor","status":"publish","type":"post","link":"https:\/\/akdenizolaygazetesi.com\/?p=1674","title":{"rendered":"K\u0131y\u0131 d\u00fczenlemesi i\u00e7in yeni fikirler bekleniyor"},"content":{"rendered":"<p>Mersin B\u00fcy\u00fck\u015fehir Belediyesi, Tevfik S\u0131rr\u0131 G\u00fcr Stadyumu ile \u00c7aml\u0131bel Liman\u0131 Aras\u0131 K\u0131y\u0131 ve Rekreasyon D\u00fczenlemesi i\u00e7in yeni fikirlerin projelerini bekliyor.<\/p>\n<p><span style=\"font-size:16px;\"><span style=\"font-family: sans-serif; line-height: 20px; text-align: justify; background-color: rgb(242, 244, 245);\">Mersin B\u00fcy\u00fck\u015fehir Belediyesi&#8217;nden yap\u0131lan a\u00e7\u0131klamaya g\u00f6re, &#8216;4734 Say\u0131l\u0131 Kamu \u0130hale Kanununun 23. Maddesi&#8217; ile &#8216;Mimarl\u0131k, Peyzaj Mimarl\u0131\u011f\u0131, M\u00fchendislik, Kentsel Tasar\u0131m Projeleri, \u015eehir ve B\u00f6lge Planlama ve G\u00fczel Sanat Eserleri Yar\u0131\u015fmalar\u0131 Y\u00f6netmeli\u011fi&#8217; do\u011frultusunda serbest, ulusal ve tek kademeli olarak hizmet s\u00f6zle\u015fmesi yap\u0131lmas\u0131 ile sonu\u00e7lanmayacak usul kapsam\u0131nda &#8216;Tevfik S\u0131rr\u0131 G\u00fcr Stadyumu ile \u00c7aml\u0131bel Liman\u0131 Aras\u0131 K\u0131y\u0131 ve Rekreasyon D\u00fczenlemesi Fikir Projesi Yar\u0131\u015fmas\u0131&#8217; a\u00e7\u0131ld\u0131.\u00a0<\/span><br style=\"box-sizing: border-box; font-family: sans-serif; font-size: 14px; line-height: 20px; text-align: justify; background-color: rgb(242, 244, 245);\" \/><br \/>\n<span style=\"font-family: sans-serif; line-height: 20px; text-align: justify; background-color: rgb(242, 244, 245);\">Yar\u0131\u015fman\u0131n amac\u0131\u00a0<\/span><br style=\"box-sizing: border-box; font-family: sans-serif; font-size: 14px; line-height: 20px; text-align: justify; background-color: rgb(242, 244, 245);\" \/><br \/>\n<span style=\"font-family: sans-serif; line-height: 20px; text-align: justify; background-color: rgb(242, 244, 245);\">Kent merkezinde yer alan yar\u0131\u015fma alan\u0131 merkez ve kent b\u00fct\u00fcn\u00fc ile ili\u015fkileri kurgulanamam\u0131\u015f, bir yandan da alan\u0131n kendi s\u0131n\u0131rlar\u0131 i\u00e7inde planlama, tasar\u0131m ve i\u015flevler a\u00e7\u0131s\u0131ndan getirilen \u00e7\u00f6z\u00fcmlerin de yetersiz kald\u0131\u011f\u0131 g\u00f6r\u00fclm\u00fc\u015ft\u00fcr. Buradan hareketle g\u00fcn\u00fcm\u00fczde farkl\u0131 i\u015flevlere sahip olan yar\u0131\u015fma alan\u0131n\u0131n, b\u00fct\u00fcnsel bir yakla\u015f\u0131mla ele al\u0131narak kente kat\u0131lmas\u0131 ve kent kimli\u011finin zenginle\u015fmesine katk\u0131da bulunmas\u0131, niteli\u011fi artt\u0131r\u0131lm\u0131\u015f k\u0131y\u0131 ve di\u011fer alt alanlar\u0131n kentlinin kullan\u0131m\u0131na sunulmas\u0131, bunun yan\u0131 s\u0131ra \u00f6zg\u00fcn tasar\u0131mlara dayal\u0131 mekanlar\u0131n elde edilmesi ile g\u00fczel sanatlar\u0131n desteklenmesi yar\u0131\u015fman\u0131n ana amac\u0131n\u0131 olu\u015fturmaktad\u0131r.\u00a0<\/span><br style=\"box-sizing: border-box; font-family: sans-serif; font-size: 14px; line-height: 20px; text-align: justify; background-color: rgb(242, 244, 245);\" \/><br \/>\n<span style=\"font-family: sans-serif; line-height: 20px; text-align: justify; background-color: rgb(242, 244, 245);\">Yar\u0131\u015fmac\u0131lardan beklenen\u00a0<\/span><br style=\"box-sizing: border-box; font-family: sans-serif; font-size: 14px; line-height: 20px; text-align: justify; background-color: rgb(242, 244, 245);\" \/><br \/>\n<span style=\"font-family: sans-serif; line-height: 20px; text-align: justify; background-color: rgb(242, 244, 245);\">Tarihi ve do\u011fal yap\u0131yla uyum sa\u011flayan, koruma kullanma dengesini g\u00f6zeten, kent belle\u011fine duyarl\u0131 \u00f6zg\u00fcn bir tasar\u0131m \u00fcretmesi. Yar\u0131\u015fma alan\u0131 b\u00fct\u00fcn\u00fcne y\u00f6nelik temel stratejilerin belirlenmesi ve bu stratejileri destekleyecek tasar\u0131mlar\u0131n ve fikirlerin kurgulanmas\u0131, kent kimli\u011fine ve kent kullan\u0131c\u0131lar\u0131na katk\u0131 sa\u011flayacak \u00f6zg\u00fcn rekreasyon alanlar\u0131n\u0131n tasarlanmas\u0131, sosyal hayat\u0131n zenginle\u015ftirilece\u011fi, sosyal ili\u015fkilerin kurulaca\u011f\u0131 kamusal alanlar\u0131n ortaya \u00e7\u0131kar\u0131lmas\u0131, ula\u015f\u0131m sisteminin \u00e7\u00f6z\u00fcm\u00fcnde farkl\u0131 ula\u015f\u0131m t\u00fcrlerinin kurgulanmas\u0131, t\u00fcm i\u015flevlerde engellilerin ula\u015f\u0131m\u0131na olanak sa\u011flayan d\u00fczenlemelerin ger\u00e7ekle\u015ftirilmesi, k\u0131y\u0131 \u015feridinde yer alan ve kent i\u00e7erisinde kalm\u0131\u015f nadir kumsal alanlar\u0131n\u0131n kent-deniz ili\u015fkisinin kurulmas\u0131 a\u00e7\u0131s\u0131ndan de\u011ferlendirilmesi, alandaki mevcut a\u011fa\u00e7lar\u0131 olabildi\u011fince g\u00f6zetilmesi.\u00a0<\/span><br style=\"box-sizing: border-box; font-family: sans-serif; font-size: 14px; line-height: 20px; text-align: justify; background-color: rgb(242, 244, 245);\" \/><br \/>\n<span style=\"font-family: sans-serif; line-height: 20px; text-align: justify; background-color: rgb(242, 244, 245);\">\u00d6d\u00fcller\u00a0<\/span><br style=\"box-sizing: border-box; font-family: sans-serif; font-size: 14px; line-height: 20px; text-align: justify; background-color: rgb(242, 244, 245);\" \/><br \/>\n<span style=\"font-family: sans-serif; line-height: 20px; text-align: justify; background-color: rgb(242, 244, 245);\">J\u00fcri taraf\u0131ndan yar\u0131\u015fmaya kat\u0131lan projelerin de\u011ferlendirilmesi sonucunda 5 e\u015fde\u011fer \u00f6d\u00fcl belirlenecek ve her bir \u00f6d\u00fcl i\u00e7in 50.000 TL. \u00f6denecek. Ayr\u0131ca sat\u0131n alma ama\u00e7l\u0131 olarak j\u00fcrinin kullan\u0131m\u0131na 20.000 TL. ayr\u0131ld\u0131. Yar\u0131\u015fmac\u0131lara \u00f6denecek \u00f6d\u00fcl tutarlar\u0131 en ge\u00e7 yar\u0131\u015fma sonucunun ilan\u0131n\u0131 izleyen 30 g\u00fcn i\u00e7erisinde 193 say\u0131l\u0131 Gelir Vergisi Kanunu\u2019nun 29. maddesine g\u00f6re net olarak \u00f6denecek. \u00d6demeler ekip temsilcisinin yaz\u0131l\u0131 olarak bildirdi\u011fi banka hesab\u0131na yap\u0131lacak.\u00a0<\/span><br style=\"box-sizing: border-box; font-family: sans-serif; font-size: 14px; line-height: 20px; text-align: justify; background-color: rgb(242, 244, 245);\" \/><br \/>\n<span style=\"font-family: sans-serif; line-height: 20px; text-align: justify; background-color: rgb(242, 244, 245);\">26 Mart tarihinde ba\u015flayan yar\u0131\u015fma i\u00e7in son soru sorma tarihi 16 Nisan olup, sorular\u0131n yan\u0131tlar\u0131n\u0131n ilan tarihi 19 Nisan, son yer g\u00f6rme tarihi 21 May\u0131s, projelerin son teslim tarihi 8 Haziran, kargo ile teslim al\u0131m i\u00e7in son g\u00fcn 12 Haziran, j\u00fcri de\u011ferlendirme ba\u015flang\u0131\u00e7 tarihi ise 26 Haziran 2018.\u00a0<\/span><br style=\"box-sizing: border-box; font-family: sans-serif; font-size: 14px; line-height: 20px; text-align: justify; background-color: rgb(242, 244, 245);\" \/><br \/>\n<span style=\"font-family: sans-serif; line-height: 20px; text-align: justify; background-color: rgb(242, 244, 245);\">Yar\u0131\u015fmaya kat\u0131lacaklar\u0131n, detayl\u0131 bilgi i\u00e7in &#8216;https:\/\/www.mersinkiyiyarismasi.com&#8217; adresini ziyaret edebilecekleri kaydedildi.\u00a0<\/span><\/span><\/p>\n","protected":false},"excerpt":{"rendered":"<p>Mersin B\u00fcy\u00fck\u015fehir Belediyesi, Tevfik S\u0131rr\u0131 G\u00fcr Stadyumu ile \u00c7aml\u0131bel Liman\u0131 Aras\u0131 K\u0131y\u0131 ve Rekreasyon D\u00fczenlemesi i\u00e7in yeni fikirlerin projelerini bekliyor. Mersin B\u00fcy\u00fck\u015fehir Belediyesi&#8217;nden yap\u0131lan a\u00e7\u0131klamaya g\u00f6re, &#8216;4734 Say\u0131l\u0131 Kamu \u0130hale &hellip; <a href=\"https:\/\/akdenizolaygazetesi.com\/?p=1674\" class=\"more-link\">Devam\u0131n\u0131 Oku&#8230;<\/a><\/p>\n","protected":false},"author":1,"featured_media":0,"comment_status":"open","ping_status":"open","sticky":false,"template":"","format":"standard","meta":[],"categories":[],"tags":[],"_links":{"self":[{"href":"https:\/\/akdenizolaygazetesi.com\/index.php?rest_route=\/wp\/v2\/posts\/1674"}],"collection":[{"href":"https:\/\/akdenizolaygazetesi.com\/index.php?rest_route=\/wp\/v2\/posts"}],"about":[{"href":"https:\/\/akdenizolaygazetesi.com\/index.php?rest_route=\/wp\/v2\/types\/post"}],"author":[{"embeddable":true,"href":"https:\/\/akdenizolaygazetesi.com\/index.php?rest_route=\/wp\/v2\/users\/1"}],"replies":[{"embeddable":true,"href":"https:\/\/akdenizolaygazetesi.com\/index.php?rest_route=%2Fwp%2Fv2%2Fcomments&post=1674"}],"version-history":[{"count":0,"href":"https:\/\/akdenizolaygazetesi.com\/index.php?rest_route=\/wp\/v2\/posts\/1674\/revisions"}],"wp:attachment":[{"href":"https:\/\/akdenizolaygazetesi.com\/index.php?rest_route=%2Fwp%2Fv2%2Fmedia&parent=1674"}],"wp:term":[{"taxonomy":"category","embeddable":true,"href":"https:\/\/akdenizolaygazetesi.com\/index.php?rest_route=%2Fwp%2Fv2%2Fcategories&post=1674"},{"taxonomy":"post_tag","embeddable":true,"href":"https:\/\/akdenizolaygazetesi.com\/index.php?rest_route=%2Fwp%2Fv2%2Ftags&post=1674"}],"curies":[{"name":"wp","href":"https:\/\/api.w.org\/{rel}","templated":true}]}}