{"id":16744,"date":"2022-02-18T13:41:57","date_gmt":"2022-02-18T10:41:57","guid":{"rendered":"http:\/\/akdenizolaygazetesi.com\/?p=16744"},"modified":"2022-02-18T13:41:57","modified_gmt":"2022-02-18T10:41:57","slug":"baskan-gultak-uretimler-devam-edecek","status":"publish","type":"post","link":"https:\/\/akdenizolaygazetesi.com\/?p=16744","title":{"rendered":"Ba\u015fkan G\u00fcltak; \u201c\u00dcretimler devam edecek\u201d"},"content":{"rendered":"<p>Akdeniz Belediyesi, y\u0131l i\u00e7inde \u00fcretti\u011fi 500 binden fazla \u00e7i\u00e7ek, \u00e7al\u0131 ve a\u011fa\u00e7 t\u00fcrleri ile il\u00e7enin park, bah\u00e7e ve ye\u015fil alanlar\u0131n\u0131 bahara haz\u0131rl\u0131yor.<br \/>\nAkdeniz Belediyesi Park ve Bah\u00e7eler M\u00fcd\u00fcrl\u00fc\u011f\u00fc Fidanl\u0131\u011f\u0131, bahar aylar\u0131n\u0131n yakla\u015fmas\u0131yla birlikte, farkl\u0131 t\u00fcrlerde \u00e7i\u00e7ek, \u00e7al\u0131 ve a\u011fa\u00e7 t\u00fcr\u00fc bitkilerin \u00fcretimine h\u0131z verdi. Kentin iklim ve toprak yap\u0131s\u0131na uygun \u00fcr\u00fcnlerin yeti\u015ftirildi\u011fi seralarda \u00e7e\u015fitli t\u00fcrden binlerce k\u0131\u015fl\u0131k ve yazl\u0131k \u00e7i\u00e7ek yeti\u015ftiriliyor.<br \/>\nFidanl\u0131k seras\u0131nda hummal\u0131 \u00fcretim s\u00fcrd\u00fcren ekipler, bir yandan g\u00fcl \u00e7elikleme yaparken, di\u011fer yandan g\u00fcl, kartopu, kekik, lavanta, lavantin, Meksika petunyas\u0131(ruellia), kurtba\u011fr\u0131, (ligustrum), yaban mersini, \u00e7al\u0131 mine, \u00e7it hatmi, \u00e7am, orkide, s\u00fcs eri\u011fi, oya, Japon kava\u011f\u0131 ve turun\u00e7 gibi \u00e7i\u00e7ek, \u00e7al\u0131 ve a\u011fa\u00e7 t\u00fcr\u00fc bitkinin \u00fcretimini ger\u00e7ekle\u015ftiriyor.<br \/>\nBa\u015fkan G\u00fcltak; \u201c\u00dcretimler devam edecek\u201d<br \/>\nAkdeniz Belediye Ba\u015fkan\u0131 M. Mustafa G\u00fcltak, Park Bah\u00e7eler M\u00fcd\u00fcrl\u00fc\u011f\u00fc fidanl\u0131\u011f\u0131nda y\u0131l i\u00e7inde, 500 binden fazla farkl\u0131 t\u00fcrde bitki ve \u00e7i\u00e7e\u011fin \u00fcretildi\u011finin alt\u0131n\u0131 \u00e7izdi. Bu yo\u011fun \u00fcretimle birlikte belediyenin ciddi bir maliyet kaleminden de kurtuldu\u011funu vurgulayan Ba\u015fkan G\u00fcltak; \u201cFidanl\u0131\u011f\u0131m\u0131z seras\u0131nda \u00fcretilen binlerce \u00e7i\u00e7ek \u00e7al\u0131 ve a\u011fa\u00e7 t\u00fcr\u00fc bitki, \u00f6n\u00fcm\u00fczdeki g\u00fcnlerde park, bah\u00e7e, ye\u015fil alanlardaki yerini alacak. B\u00f6ylelikle Akdeniz\u2019de bahar\u0131 rengarenk \u00e7i\u00e7eklerle kar\u015f\u0131layaca\u011f\u0131z.<br \/>\nAkdeniz il\u00e7emizi rengarenk \u00e7i\u00e7eklerle bulu\u015fturmak amac\u0131yla \u00fcretmeye devam edece\u011fiz. Akdeniz\u2019in esteti\u011fini de\u011fi\u015ftiren, parklar\u0131m\u0131z\u0131, meydanlar\u0131m\u0131z\u0131, cadde ve sokaklar\u0131m\u0131z\u0131 g\u00fczelle\u015ftirip bahara haz\u0131rlayan mesai arkada\u015flar\u0131ma, vermi\u015f olduklar\u0131 emekten dolay\u0131 te\u015fekk\u00fcr ediyorum. diye konu\u015ftu.<\/p>\n","protected":false},"excerpt":{"rendered":"<p>Akdeniz Belediyesi, y\u0131l i\u00e7inde \u00fcretti\u011fi 500 binden fazla \u00e7i\u00e7ek, \u00e7al\u0131 ve a\u011fa\u00e7 t\u00fcrleri ile il\u00e7enin park, bah\u00e7e ve ye\u015fil alanlar\u0131n\u0131 bahara haz\u0131rl\u0131yor. Akdeniz Belediyesi Park ve Bah\u00e7eler M\u00fcd\u00fcrl\u00fc\u011f\u00fc Fidanl\u0131\u011f\u0131, bahar &hellip; <a href=\"https:\/\/akdenizolaygazetesi.com\/?p=16744\" class=\"more-link\">Devam\u0131n\u0131 Oku&#8230;<\/a><\/p>\n","protected":false},"author":2,"featured_media":16745,"comment_status":"open","ping_status":"open","sticky":false,"template":"","format":"standard","meta":[],"categories":[3],"tags":[],"_links":{"self":[{"href":"https:\/\/akdenizolaygazetesi.com\/index.php?rest_route=\/wp\/v2\/posts\/16744"}],"collection":[{"href":"https:\/\/akdenizolaygazetesi.com\/index.php?rest_route=\/wp\/v2\/posts"}],"about":[{"href":"https:\/\/akdenizolaygazetesi.com\/index.php?rest_route=\/wp\/v2\/types\/post"}],"author":[{"embeddable":true,"href":"https:\/\/akdenizolaygazetesi.com\/index.php?rest_route=\/wp\/v2\/users\/2"}],"replies":[{"embeddable":true,"href":"https:\/\/akdenizolaygazetesi.com\/index.php?rest_route=%2Fwp%2Fv2%2Fcomments&post=16744"}],"version-history":[{"count":1,"href":"https:\/\/akdenizolaygazetesi.com\/index.php?rest_route=\/wp\/v2\/posts\/16744\/revisions"}],"predecessor-version":[{"id":16746,"href":"https:\/\/akdenizolaygazetesi.com\/index.php?rest_route=\/wp\/v2\/posts\/16744\/revisions\/16746"}],"wp:featuredmedia":[{"embeddable":true,"href":"https:\/\/akdenizolaygazetesi.com\/index.php?rest_route=\/wp\/v2\/media\/16745"}],"wp:attachment":[{"href":"https:\/\/akdenizolaygazetesi.com\/index.php?rest_route=%2Fwp%2Fv2%2Fmedia&parent=16744"}],"wp:term":[{"taxonomy":"category","embeddable":true,"href":"https:\/\/akdenizolaygazetesi.com\/index.php?rest_route=%2Fwp%2Fv2%2Fcategories&post=16744"},{"taxonomy":"post_tag","embeddable":true,"href":"https:\/\/akdenizolaygazetesi.com\/index.php?rest_route=%2Fwp%2Fv2%2Ftags&post=16744"}],"curies":[{"name":"wp","href":"https:\/\/api.w.org\/{rel}","templated":true}]}}