{"id":16747,"date":"2022-02-18T13:43:29","date_gmt":"2022-02-18T10:43:29","guid":{"rendered":"http:\/\/akdenizolaygazetesi.com\/?p=16747"},"modified":"2022-02-18T13:43:29","modified_gmt":"2022-02-18T10:43:29","slug":"personele-sifir-atik-egitimi-verildi","status":"publish","type":"post","link":"https:\/\/akdenizolaygazetesi.com\/?p=16747","title":{"rendered":"&#8220;PERSONELE, &#8216;SIFIR ATIK&#8217; E\u011e\u0130T\u0130M\u0130 VER\u0130LD\u0130&#8221;"},"content":{"rendered":"<p>\u00c7evre, \u015eehircilik ve \u0130klim De\u011fi\u015fikli\u011fi Bakanl\u0131\u011f\u0131&#8217;n\u0131n S\u0131f\u0131r At\u0131k Y\u00f6netmeli\u011finde yer alan kriterleri yerine getirerek 4&#8217;\u00fcnc\u00fc &#8220;S\u0131f\u0131r At\u0131k Belgesi&#8217;ni&#8221; alan Toroslar Belediyesi, belediye personeline y\u00f6nelik e\u011fitimleri tamamlad\u0131.<\/p>\n<p>Toroslar Belediye Ba\u015fkan\u0131 Ats\u0131z Af\u015f\u0131n Y\u0131lmaz, s\u0131f\u0131r at\u0131k konusuna \u00f6nem verdiklerini belirterek; &#8220;Gelecek nesillere b\u0131rakaca\u011f\u0131m\u0131z en b\u00fcy\u00fck miras daha temiz bir Toroslar. Bunun i\u00e7in \u00e7al\u0131\u015f\u0131yoruz&#8221; dedi.<\/p>\n<p>Hizmet binalar\u0131ndaki t\u00fcm \u00e7\u00f6p kovalar\u0131n\u0131 kald\u0131rarak S\u0131f\u0131r At\u0131k Y\u00f6netim Sistemini kuran ve il\u00e7ede pilot mahalle olarak belirlenen \u00c7a\u011fda\u015fkent Mahallesi&#8217;ne ambalaj at\u0131k toplama kutular\u0131 da yerle\u015ftiren belediye, geri d\u00f6n\u00fc\u015f\u00fcm faaliyetlerini aral\u0131ks\u0131z s\u00fcrd\u00fcr\u00fcyor.<\/p>\n<p>Personelin \u00e7al\u0131\u015ft\u0131\u011f\u0131 ortamda verilen &#8216;S\u0131f\u0131r At\u0131k&#8217; e\u011fitimlerinde ise \u00e7al\u0131\u015fanlar\u0131n kendi \u00e7\u00f6p\u00fcn\u00fc nas\u0131l ayr\u0131\u015ft\u0131raca\u011f\u0131 anlat\u0131l\u0131rken, s\u0131f\u0131r at\u0131k sisteminin \u00f6nemine de\u011finildi.<\/p>\n<p>K\u00e2\u011f\u0131t, plastik, cam, metal, organik at\u0131klar ve b\u00fct\u00fcn bu at\u0131klar\u0131n geri kazan\u0131m\u0131 i\u00e7in belediyenin hizmet binalar\u0131nda koridorlara yerle\u015ftirilen &#8220;S\u0131f\u0131r At\u0131k Kumbaralar\u0131&#8221; ile ilgili personele detayl\u0131 bilgiler de verildi.<\/p>\n<p>\u0130sraf\u0131n \u00f6nlenmesi, at\u0131k miktar\u0131n\u0131n azalt\u0131lmas\u0131, do\u011fal kaynaklar\u0131n verimli kullan\u0131lmas\u0131 ve ekonomiye katk\u0131 sa\u011flanmas\u0131n\u0131n ama\u00e7land\u0131\u011f\u0131 e\u011fitim \u00e7al\u0131\u015fmalar\u0131, il\u00e7e genelindeki okullarda ve k\u0131rsal mahallelerde devam edecek.<\/p>\n<p> &#8220;De\u011ferlendirilebilir At\u0131klar Geri D\u00f6n\u00fc\u015f\u00fcme Kazand\u0131r\u0131ld\u0131&#8221;<\/p>\n<p>Toroslar Belediyesi, S\u0131f\u0131r At\u0131k Projesi kapsam\u0131nda il\u00e7ede \u00f6rnek te\u015fkil edecek \u00e7al\u0131\u015fmalar ortaya koydu.<\/p>\n<p>Belediyenin hizmet binalar\u0131ndan toplanan de\u011ferlendirilebilir at\u0131klar, geri d\u00f6n\u00fc\u015f\u00fcme kazand\u0131r\u0131ld\u0131. B\u00f6ylece; 111 a\u011fac\u0131n kesilmesinin ve 94 kg sera gaz\u0131 sal\u0131n\u0131m\u0131n\u0131n \u00f6n\u00fcne ge\u00e7ildi. Ayr\u0131ca, 7.965 litre petrol\u00fcn geri kazan\u0131m\u0131, 116 litre su tasarrufu ve 35.300 kilowatt saat enerji de sa\u011fland\u0131.<\/p>\n<p>&#8220;\u00c7evreye Duyarl\u0131 \u00c7al\u0131\u015fmalar Ger\u00e7ekle\u015ftiriyoruz&#8221;<\/p>\n<p>Mersin&#8217;de S\u0131f\u0131r At\u0131k Projesine \u00f6nc\u00fcl\u00fck etmenin mutlulu\u011funu ya\u015fad\u0131klar\u0131n\u0131 s\u00f6yleyen Toroslar Belediye Ba\u015fkan\u0131 Ats\u0131z Af\u015f\u0131n Y\u0131lmaz; &#8220;S\u0131f\u0131r At\u0131k Projesi kapsam\u0131nda belediyemizdeki \u00e7\u00f6p kovalar\u0131n\u0131 kald\u0131rarak bunlar\u0131n yerine S\u0131f\u0131r At\u0131k Kumbaralar\u0131 yerle\u015ftirdik. \u00c7al\u0131\u015fmalar\u0131m\u0131z; \u00c7evre, \u015eehircilik ve \u0130klim De\u011fi\u015fikli\u011fi Bakanl\u0131\u011f\u0131&#8217;n\u0131n S\u0131f\u0131r At\u0131k Y\u00f6netmeli\u011fince de\u011ferlendirilmesi sonucu 4&#8217;\u00fcnc\u00fc s\u0131f\u0131r at\u0131k belgemizi ald\u0131k. S\u0131f\u0131r at\u0131k faaliyetlerimiz \u00e7evreye olan sorumlulu\u011fumuzun ve hassasiyetimizin de bir g\u00f6stergesi. Daha ya\u015fan\u0131labilir bir Toroslar i\u00e7in t\u00fcm personelimizle beraber var g\u00fcc\u00fcm\u00fczle \u00e7al\u0131\u015fmaya devam edece\u011fiz&#8221; ifadelerini kulland\u0131.<\/p>\n","protected":false},"excerpt":{"rendered":"<p>\u00c7evre, \u015eehircilik ve \u0130klim De\u011fi\u015fikli\u011fi Bakanl\u0131\u011f\u0131&#8217;n\u0131n S\u0131f\u0131r At\u0131k Y\u00f6netmeli\u011finde yer alan kriterleri yerine getirerek 4&#8217;\u00fcnc\u00fc &#8220;S\u0131f\u0131r At\u0131k Belgesi&#8217;ni&#8221; alan Toroslar Belediyesi, belediye personeline y\u00f6nelik e\u011fitimleri tamamlad\u0131. Toroslar Belediye Ba\u015fkan\u0131 Ats\u0131z &hellip; <a href=\"https:\/\/akdenizolaygazetesi.com\/?p=16747\" class=\"more-link\">Devam\u0131n\u0131 Oku&#8230;<\/a><\/p>\n","protected":false},"author":2,"featured_media":16748,"comment_status":"open","ping_status":"open","sticky":false,"template":"","format":"standard","meta":[],"categories":[34,2,3,5],"tags":[],"_links":{"self":[{"href":"https:\/\/akdenizolaygazetesi.com\/index.php?rest_route=\/wp\/v2\/posts\/16747"}],"collection":[{"href":"https:\/\/akdenizolaygazetesi.com\/index.php?rest_route=\/wp\/v2\/posts"}],"about":[{"href":"https:\/\/akdenizolaygazetesi.com\/index.php?rest_route=\/wp\/v2\/types\/post"}],"author":[{"embeddable":true,"href":"https:\/\/akdenizolaygazetesi.com\/index.php?rest_route=\/wp\/v2\/users\/2"}],"replies":[{"embeddable":true,"href":"https:\/\/akdenizolaygazetesi.com\/index.php?rest_route=%2Fwp%2Fv2%2Fcomments&post=16747"}],"version-history":[{"count":1,"href":"https:\/\/akdenizolaygazetesi.com\/index.php?rest_route=\/wp\/v2\/posts\/16747\/revisions"}],"predecessor-version":[{"id":16749,"href":"https:\/\/akdenizolaygazetesi.com\/index.php?rest_route=\/wp\/v2\/posts\/16747\/revisions\/16749"}],"wp:featuredmedia":[{"embeddable":true,"href":"https:\/\/akdenizolaygazetesi.com\/index.php?rest_route=\/wp\/v2\/media\/16748"}],"wp:attachment":[{"href":"https:\/\/akdenizolaygazetesi.com\/index.php?rest_route=%2Fwp%2Fv2%2Fmedia&parent=16747"}],"wp:term":[{"taxonomy":"category","embeddable":true,"href":"https:\/\/akdenizolaygazetesi.com\/index.php?rest_route=%2Fwp%2Fv2%2Fcategories&post=16747"},{"taxonomy":"post_tag","embeddable":true,"href":"https:\/\/akdenizolaygazetesi.com\/index.php?rest_route=%2Fwp%2Fv2%2Ftags&post=16747"}],"curies":[{"name":"wp","href":"https:\/\/api.w.org\/{rel}","templated":true}]}}