{"id":1676,"date":"2020-11-04T18:22:13","date_gmt":"2020-11-04T15:22:13","guid":{"rendered":"http:\/\/mersinekonomipolitikagazetesi.com\/?p=1676"},"modified":"2020-11-04T18:22:13","modified_gmt":"2020-11-04T15:22:13","slug":"tuna-belediye-personeliyle-bir-araya-geldi","status":"publish","type":"post","link":"https:\/\/akdenizolaygazetesi.com\/?p=1676","title":{"rendered":"Tuna, belediye personeliyle bir araya geldi"},"content":{"rendered":"<p>Toroslar Belediye Ba\u015fkan\u0131 Hamit Tuna, belediye himayesinde kurduklar\u0131 Toroslar Belediyesi Personel Limited \u015eirketi\u2019ne dahil edilen 599 personelle bir araya gelerek, yeni stat\u00fcleri ile ilgili bilgilendirme yapt\u0131.<\/p>\n<p><span style=\"font-size:16px;\"><span style=\"font-family: sans-serif; line-height: 20px; text-align: justify; background-color: rgb(242, 244, 245);\">Belediyeden yap\u0131lan a\u00e7\u0131klamaya g\u00f6re, Toroslar Belediyesi&#8217;nin, ta\u015feron \u015firket i\u015f\u00e7ilerinin belediye \u015firketlerine ge\u00e7irilmesini d\u00fczenleyen &#8216;696 Say\u0131l\u0131 Kanun H\u00fckm\u00fcnde Kararname&#8217; (KHK) ile ilgili t\u00fcm prosed\u00fcrleri yerine getirerek s\u00fcreci sorunsuz tamamlayan ilk belediyeler aras\u0131nda yer ald\u0131.\u00a0<\/span><br style=\"box-sizing: border-box; font-family: sans-serif; font-size: 14px; line-height: 20px; text-align: justify; background-color: rgb(242, 244, 245);\" \/><br \/>\n<span style=\"font-family: sans-serif; line-height: 20px; text-align: justify; background-color: rgb(242, 244, 245);\">Yunus Emre K\u00fclt\u00fcr Merkezi\u2019nde ger\u00e7ekle\u015ftirilen toplant\u0131da, personelle bir araya gelen Ba\u015fkan Tuna, yeni stat\u00fclerinin hay\u0131rl\u0131 olmas\u0131n\u0131 diledi.\u00a0<\/span><br style=\"box-sizing: border-box; font-family: sans-serif; font-size: 14px; line-height: 20px; text-align: justify; background-color: rgb(242, 244, 245);\" \/><br \/>\n<span style=\"font-family: sans-serif; line-height: 20px; text-align: justify; background-color: rgb(242, 244, 245);\">Bug\u00fcn\u00fc &#8216;bayram g\u00fcn\u00fc&#8217; olarak de\u011ferlendiren Tuna, &#8220;Bayram g\u00fcn\u00fc diyorum \u00e7\u00fcnk\u00fc a\u015f, i\u015f, ekmek toplumumuzun \u015fuan ya\u015fad\u0131\u011f\u0131 s\u00fcre\u00e7te en \u00f6nemli unsur. \u0130\u015fsizli\u011fin ne demek oldu\u011funu hepimiz \u00e7ok iyi biliyoruz. Sabah evinizden \u00e7\u0131karken i\u015fime gidiyorum, ak\u015fam i\u015fi bitirdikten sonra evime d\u00f6n\u00fcyorum demek ve \u00e7ocuklar\u0131n\u0131za helal ekmek g\u00f6t\u00fcrmek kadar g\u00fczel bir \u015fey yok. Kanun H\u00fckm\u00fcnde Kararname ile belediyemiz himayesinde olu\u015fturdu\u011fumuz \u015firket nezdinde \u00e7al\u0131\u015facaks\u0131n\u0131z. Yeni bir hayata ba\u015flad\u0131n\u0131z. Gelece\u011fe daha umutlu bakabileceksiniz ve karamsar olan kafan\u0131zdaki soru i\u015faretlerinizle ilgili daha g\u00fcvenli olacaks\u0131n\u0131z. Toroslar\u0131m\u0131z\u0131 14 y\u0131ld\u0131r sizlerle birlikte y\u00f6netiyoruz. Ekip arkada\u015flar\u0131m\u0131z ve meclis \u00fcyelerimizle planl\u0131yoruz, programl\u0131yoruz ve sizler de uyguluyorsunuz. Toroslar\u0131m\u0131z\u0131 k\u00f6y g\u00f6r\u00fcnt\u00fcs\u00fc i\u00e7erisinden kurtararak, kendi kendine yetebilen bir kent haline getirdik. Emeklerinizden ve gayretlerinizden dolay\u0131 te\u015fekk\u00fcr ediyorum\u201d dedi.\u00a0<\/span><\/span><\/p>\n","protected":false},"excerpt":{"rendered":"<p>Toroslar Belediye Ba\u015fkan\u0131 Hamit Tuna, belediye himayesinde kurduklar\u0131 Toroslar Belediyesi Personel Limited \u015eirketi\u2019ne dahil edilen 599 personelle bir araya gelerek, yeni stat\u00fcleri ile ilgili bilgilendirme yapt\u0131. Belediyeden yap\u0131lan a\u00e7\u0131klamaya g\u00f6re, &hellip; <a href=\"https:\/\/akdenizolaygazetesi.com\/?p=1676\" class=\"more-link\">Devam\u0131n\u0131 Oku&#8230;<\/a><\/p>\n","protected":false},"author":1,"featured_media":0,"comment_status":"open","ping_status":"open","sticky":false,"template":"","format":"standard","meta":[],"categories":[],"tags":[],"_links":{"self":[{"href":"https:\/\/akdenizolaygazetesi.com\/index.php?rest_route=\/wp\/v2\/posts\/1676"}],"collection":[{"href":"https:\/\/akdenizolaygazetesi.com\/index.php?rest_route=\/wp\/v2\/posts"}],"about":[{"href":"https:\/\/akdenizolaygazetesi.com\/index.php?rest_route=\/wp\/v2\/types\/post"}],"author":[{"embeddable":true,"href":"https:\/\/akdenizolaygazetesi.com\/index.php?rest_route=\/wp\/v2\/users\/1"}],"replies":[{"embeddable":true,"href":"https:\/\/akdenizolaygazetesi.com\/index.php?rest_route=%2Fwp%2Fv2%2Fcomments&post=1676"}],"version-history":[{"count":0,"href":"https:\/\/akdenizolaygazetesi.com\/index.php?rest_route=\/wp\/v2\/posts\/1676\/revisions"}],"wp:attachment":[{"href":"https:\/\/akdenizolaygazetesi.com\/index.php?rest_route=%2Fwp%2Fv2%2Fmedia&parent=1676"}],"wp:term":[{"taxonomy":"category","embeddable":true,"href":"https:\/\/akdenizolaygazetesi.com\/index.php?rest_route=%2Fwp%2Fv2%2Fcategories&post=1676"},{"taxonomy":"post_tag","embeddable":true,"href":"https:\/\/akdenizolaygazetesi.com\/index.php?rest_route=%2Fwp%2Fv2%2Ftags&post=1676"}],"curies":[{"name":"wp","href":"https:\/\/api.w.org\/{rel}","templated":true}]}}