{"id":1677,"date":"2020-11-04T18:22:13","date_gmt":"2020-11-04T15:22:13","guid":{"rendered":"http:\/\/mersinekonomipolitikagazetesi.com\/?p=1677"},"modified":"2020-11-04T18:22:13","modified_gmt":"2020-11-04T15:22:13","slug":"ogrecilerle-tecrube-paylasimi","status":"publish","type":"post","link":"https:\/\/akdenizolaygazetesi.com\/?p=1677","title":{"rendered":"\u00d6\u011eREC\u0130LERLE TECR\u00dcBE PAYLA\u015eIMI"},"content":{"rendered":"<p>ME\u00dc\u2019de \u2018\u0130\u015f D\u00fcnyas\u0131 \u00dcniversiteli Gen\u00e7lerle Bulu\u015fuyor\u2019 adl\u0131 etkinlik yap\u0131ld\u0131. Ekonomi \u015firketleri ba\u015fkanlar\u0131, \u00f6\u011frencilere gelecek y\u0131llarda \u0131\u015f\u0131k tutmas\u0131 i\u00e7in deneyim payla\u015ft\u0131. Kariyer yapm\u0131\u015f ki\u015filer tecr\u00fcbelerini ve ba\u015far\u0131 hikayelerini aktard\u0131.<\/p>\n<blockquote type=\"cite\">\n<div dir=\"ltr\">\n<p><span style=\"font-size:16px;\">Prof. Dr. U\u011fur Oral K\u00fclt\u00fcr Merkezi\u2019nde Ki\u015fisel Geli\u015fim Toplulu\u011fu i\u015fbirli\u011finde \u2018\u0130\u015f D\u00fcnyas\u0131 \u00dcniversiteli Gen\u00e7lerle Bulu\u015fuyor\u2019 ba\u015fl\u0131\u011f\u0131 alt\u0131nda d\u00fczenlenen etkinli\u011fe M\u00dcS\u0130AD Mersin Ba\u015fkan\u0131 Hakan Kayac\u0131, Gen\u00e7 M\u00dcS\u0130AD Mersin Ba\u015fkan\u0131 Metin T\u00fcmen, Saat ve Saat Y\u00f6netim Kurulu Ba\u015fkan\u0131 Ramazan Kaya ile Arter Ajans Y\u00f6netim Kurulu Ba\u015fkan\u0131 Cevat Ol\u00e7ok; Rekt\u00f6r Prof. Dr. Ahmet \u00c7amsar\u0131 \u00f6nc\u00fcl\u00fc\u011f\u00fcnde ME\u00dc\u2019y\u00fc\u00a0 ziyarette bulundular.<\/span><\/p>\n<p>\u00a0<\/p>\n<p><span style=\"font-size:16px;\">\u2018\u0130\u015f D\u00fcnyas\u0131 \u00dcniversiteli Gen\u00e7lerle Bulu\u015fuyor\u2019 etkinli\u011finde Rekt\u00f6r Prof. Dr. Ahmet \u00c7amsar\u0131, M\u00dcS\u0130AD Mersin Ba\u015fkan\u0131 Hakan Kayac\u0131, Gen\u00e7 M\u00dcS\u0130AD Mersin Ba\u015fkan\u0131 Metin T\u00fcmen, \u00f6\u011fretim elemanlar\u0131, \u00f6\u011frenciler ve davetliler kat\u0131ld\u0131.<\/span><\/p>\n<p>\u00a0<\/p>\n<p><span style=\"font-size:16px;\">D\u00fczenlenen etkinlikte, Arter Ajans Y\u00f6netim Kurulu Ba\u015fkan\u0131 Cevat Ol\u00e7ok ile Saat ve Saat Y\u00f6netim Kurulu Ba\u015fkan\u0131 Ramazan Kaya konu\u015fmac\u0131 olarak yer ald\u0131.<\/span><\/p>\n<p>\u00a0<\/p>\n<p><span style=\"font-size:16px;\">\u00c7AMSARI: \u201c\u0130LERLEYEN D\u00d6NEMLERDE KEND\u0130L\u0130\u011e\u0130NDEN AZALMASI S\u00d6Z KONUSU OLACAK\u201d<\/span><\/p>\n<p>\u00a0<\/p>\n<p><span style=\"font-size:16px;\">\u00dcniversitelerinin Mersin ilinde geli\u015fimine katma de\u011fer sa\u011flayacak her t\u00fcrl\u00fc projeye desteklerini belirtti\u011fini vurgulayan \u00c7amsar\u0131, \u00dcniversiteler, milli ve manevi de\u011ferlere sahip \u00fclkenin ihtiya\u00e7 duydu\u011fu dallarda gen\u00e7leri yeti\u015ftirmek i\u00e7in var oldu\u011funu kaydetti. \u00c7amsar\u0131: \u201cY\u00fcksek\u00f6\u011fretim Kurulu (Y\u00d6K) taraf\u0131ndan kurulmas\u0131 planlanan Stratejik Planlama Kurulu ile 10 y\u0131l sonra hangi alanda ka\u00e7 personele ihtiya\u00e7 duyulaca\u011f\u0131 istatistiksel olarak hesaplanabilecek. \u00dcniversitelere b\u00f6l\u00fcm a\u00e7\u0131l\u0131rken bu say\u0131lar dikkate al\u0131nacak. Dolay\u0131s\u0131yla i\u015fsizli\u011fin ilerleyen d\u00f6nemlerde kendili\u011finden azalmas\u0131 s\u00f6z konusu olacak\u201d \u015feklinde konu\u015ftu.<\/span><\/p>\n<p>\u00a0<\/p>\n<p><span style=\"font-size:16px;\">T\u00dcMEN: \u201cPROGRAMIMIZIN ASIL AMACI TECR\u00dcBELER\u0130N\u0130 VE BA\u015eARI H\u0130K\u00c2YELER\u0130N\u0130 AKTARMAKTIR\u201d<\/span><\/p>\n<p>\u00a0<\/p>\n<p><span style=\"font-size:16px;\">Ard\u0131ndan s\u00f6z hakk\u0131 alan Gen\u00e7 M\u00dcS\u0130AD Mersin Ba\u015fkan\u0131 Mehmet T\u00fcmen ise, \u00f6\u011frencilere bilgilendirme amac\u0131nda bir araya geldi\u011fini belirterek \u201cProgram\u0131m\u0131z\u0131n as\u0131l amac\u0131 sizleri alan\u0131nda \u00fcst\u00fcn ba\u015far\u0131 sa\u011flam\u0131\u015f, kariyer sahibi ve sayg\u0131n ki\u015filerle bir araya getirerek sizlere onlar\u0131n tecr\u00fcbelerini ve ba\u015far\u0131 hik\u00e2yelerini aktarmakt\u0131r\u201d ifadelerini kulland\u0131.<\/span><\/p>\n<p>\u00a0<\/p>\n<p><span style=\"font-size:16px;\">Konu\u015fmalar\u0131n bitiminde Arter Ajans Ba\u015fkan\u0131 Cevat Ol\u00e7ok ile Saat ve Saat Y\u00f6netim Kurulu Ba\u015fkan\u0131 Ramazan Kaya, \u00f6\u011frencilerden gelen sorular\u0131 cevaplad\u0131.<\/span><\/p>\n<p>\u00a0<\/p>\n<p><span style=\"font-size:16px;\">Yap\u0131lan g\u00fczel etkinlik ad\u0131na Rekt\u00f6r Prof. Dr. Ahmet \u00c7amsar\u0131\u2019ya M\u00dcS\u0130AD Gen\u00e7lik Kurulu Komisyonu Ba\u015fkan\u0131 Mehmet Sait Kayan taraf\u0131ndan plaket verildi.<\/span><\/p>\n<\/div>\n<\/blockquote>\n","protected":false},"excerpt":{"rendered":"<p>ME\u00dc\u2019de \u2018\u0130\u015f D\u00fcnyas\u0131 \u00dcniversiteli Gen\u00e7lerle Bulu\u015fuyor\u2019 adl\u0131 etkinlik yap\u0131ld\u0131. Ekonomi \u015firketleri ba\u015fkanlar\u0131, \u00f6\u011frencilere gelecek y\u0131llarda \u0131\u015f\u0131k tutmas\u0131 i\u00e7in deneyim payla\u015ft\u0131. Kariyer yapm\u0131\u015f ki\u015filer tecr\u00fcbelerini ve ba\u015far\u0131 hikayelerini aktard\u0131. Prof. Dr. &hellip; <a href=\"https:\/\/akdenizolaygazetesi.com\/?p=1677\" class=\"more-link\">Devam\u0131n\u0131 Oku&#8230;<\/a><\/p>\n","protected":false},"author":1,"featured_media":0,"comment_status":"open","ping_status":"open","sticky":false,"template":"","format":"standard","meta":[],"categories":[],"tags":[],"_links":{"self":[{"href":"https:\/\/akdenizolaygazetesi.com\/index.php?rest_route=\/wp\/v2\/posts\/1677"}],"collection":[{"href":"https:\/\/akdenizolaygazetesi.com\/index.php?rest_route=\/wp\/v2\/posts"}],"about":[{"href":"https:\/\/akdenizolaygazetesi.com\/index.php?rest_route=\/wp\/v2\/types\/post"}],"author":[{"embeddable":true,"href":"https:\/\/akdenizolaygazetesi.com\/index.php?rest_route=\/wp\/v2\/users\/1"}],"replies":[{"embeddable":true,"href":"https:\/\/akdenizolaygazetesi.com\/index.php?rest_route=%2Fwp%2Fv2%2Fcomments&post=1677"}],"version-history":[{"count":0,"href":"https:\/\/akdenizolaygazetesi.com\/index.php?rest_route=\/wp\/v2\/posts\/1677\/revisions"}],"wp:attachment":[{"href":"https:\/\/akdenizolaygazetesi.com\/index.php?rest_route=%2Fwp%2Fv2%2Fmedia&parent=1677"}],"wp:term":[{"taxonomy":"category","embeddable":true,"href":"https:\/\/akdenizolaygazetesi.com\/index.php?rest_route=%2Fwp%2Fv2%2Fcategories&post=1677"},{"taxonomy":"post_tag","embeddable":true,"href":"https:\/\/akdenizolaygazetesi.com\/index.php?rest_route=%2Fwp%2Fv2%2Ftags&post=1677"}],"curies":[{"name":"wp","href":"https:\/\/api.w.org\/{rel}","templated":true}]}}