{"id":16771,"date":"2022-02-21T12:29:52","date_gmt":"2022-02-21T09:29:52","guid":{"rendered":"http:\/\/akdenizolaygazetesi.com\/?p=16771"},"modified":"2022-02-21T12:29:52","modified_gmt":"2022-02-21T09:29:52","slug":"2022-yili-sofor-ve-operatorlere-yonelik-egitimler-tamamlandi","status":"publish","type":"post","link":"https:\/\/akdenizolaygazetesi.com\/?p=16771","title":{"rendered":"2022 Y\u0131l\u0131 \u015fof\u00f6r ve operat\u00f6rlere y\u00f6nelik e\u011fitimler tamamland\u0131"},"content":{"rendered":"<p>Mersin Orman B\u00f6lge M\u00fcd\u00fcrl\u00fc\u011f\u00fcn\u00fcn 2022 y\u0131l\u0131 e\u011fitim program\u0131nda bulunan \u015fof\u00f6r ve i\u015f makinesi operat\u00f6rlerine ait e\u011fitimler 15-18.02.2022 tarihleri aras\u0131nda i\u015fletme m\u00fcd\u00fcrl\u00fcklerinde yap\u0131ld\u0131.<br \/>\nYap\u0131lan e\u011fitimlerde makine i\u015fletme ve ikmal konular\u0131 ile i\u015f \u00fcretim makineleri, koruma makineleri ile hizmet vas\u0131talar\u0131n\u0131n tamir ve bak\u0131mlar\u0131 ile ilgili olarak Makine ve \u0130kmal \u015eube M\u00fcd\u00fcr\u00fc Mehmet Tosun ve Tamir ve Bak\u0131m At\u00f6lye \u015eefi B\u00fclent Demirci taraf\u0131ndan gerekli olan bilgiler aktar\u0131ld\u0131.<br \/>\nE\u011fitim seminerinin sonuncu g\u00fcn\u00fc Mersin-Mezitli ek binada yap\u0131lan toplant\u0131ya kat\u0131lan B\u00f6lge M\u00fcd\u00fcr\u00fc Kenan Akduman; E\u011fitimlerin \u00f6nemli oldu\u011funu belirterek kurumun en de\u011ferli ara\u00e7lar\u0131n\u0131 teslim edecek kadar operat\u00f6rlere g\u00fcvenildi\u011fini ve yap\u0131lan i\u015fin \u00f6nemini ifade etti. 2020 y\u0131l\u0131nda oldu\u011fu gibi 2021 y\u0131l\u0131nda da i\u015f makineleri performanslar\u0131 ba\u011flam\u0131nda 28 B\u00f6lge M\u00fcd\u00fcrl\u00fc\u011f\u00fc i\u00e7erisinde birinci olunmas\u0131 nedeniyle t\u00fcm operat\u00f6rlerin g\u00f6sterdikleri gayretlerden dolay\u0131 te\u015fekk\u00fcr etti. 2022 y\u0131l\u0131nda da ayn\u0131 performans\u0131 g\u00f6stermelerini isteyerek kazas\u0131z bir y\u0131l olmas\u0131n\u0131 diledi.<br \/>\n2021 y\u0131l\u0131 i\u00e7erisinde en \u00e7ok \u00e7al\u0131\u015fma yapan dozer, greyder, b\u00fcy\u00fck ve mini ekskavat\u00f6r operat\u00f6rlerine  \u2018Te\u015fekk\u00fcr Belgesi\u2019 verildi.<\/p>\n","protected":false},"excerpt":{"rendered":"<p>Mersin Orman B\u00f6lge M\u00fcd\u00fcrl\u00fc\u011f\u00fcn\u00fcn 2022 y\u0131l\u0131 e\u011fitim program\u0131nda bulunan \u015fof\u00f6r ve i\u015f makinesi operat\u00f6rlerine ait e\u011fitimler 15-18.02.2022 tarihleri aras\u0131nda i\u015fletme m\u00fcd\u00fcrl\u00fcklerinde yap\u0131ld\u0131. Yap\u0131lan e\u011fitimlerde makine i\u015fletme ve ikmal konular\u0131 ile &hellip; <a href=\"https:\/\/akdenizolaygazetesi.com\/?p=16771\" class=\"more-link\">Devam\u0131n\u0131 Oku&#8230;<\/a><\/p>\n","protected":false},"author":2,"featured_media":16772,"comment_status":"open","ping_status":"open","sticky":false,"template":"","format":"standard","meta":[],"categories":[3],"tags":[],"_links":{"self":[{"href":"https:\/\/akdenizolaygazetesi.com\/index.php?rest_route=\/wp\/v2\/posts\/16771"}],"collection":[{"href":"https:\/\/akdenizolaygazetesi.com\/index.php?rest_route=\/wp\/v2\/posts"}],"about":[{"href":"https:\/\/akdenizolaygazetesi.com\/index.php?rest_route=\/wp\/v2\/types\/post"}],"author":[{"embeddable":true,"href":"https:\/\/akdenizolaygazetesi.com\/index.php?rest_route=\/wp\/v2\/users\/2"}],"replies":[{"embeddable":true,"href":"https:\/\/akdenizolaygazetesi.com\/index.php?rest_route=%2Fwp%2Fv2%2Fcomments&post=16771"}],"version-history":[{"count":1,"href":"https:\/\/akdenizolaygazetesi.com\/index.php?rest_route=\/wp\/v2\/posts\/16771\/revisions"}],"predecessor-version":[{"id":16773,"href":"https:\/\/akdenizolaygazetesi.com\/index.php?rest_route=\/wp\/v2\/posts\/16771\/revisions\/16773"}],"wp:featuredmedia":[{"embeddable":true,"href":"https:\/\/akdenizolaygazetesi.com\/index.php?rest_route=\/wp\/v2\/media\/16772"}],"wp:attachment":[{"href":"https:\/\/akdenizolaygazetesi.com\/index.php?rest_route=%2Fwp%2Fv2%2Fmedia&parent=16771"}],"wp:term":[{"taxonomy":"category","embeddable":true,"href":"https:\/\/akdenizolaygazetesi.com\/index.php?rest_route=%2Fwp%2Fv2%2Fcategories&post=16771"},{"taxonomy":"post_tag","embeddable":true,"href":"https:\/\/akdenizolaygazetesi.com\/index.php?rest_route=%2Fwp%2Fv2%2Ftags&post=16771"}],"curies":[{"name":"wp","href":"https:\/\/api.w.org\/{rel}","templated":true}]}}