{"id":16777,"date":"2022-02-21T12:34:16","date_gmt":"2022-02-21T09:34:16","guid":{"rendered":"http:\/\/akdenizolaygazetesi.com\/?p=16777"},"modified":"2022-02-21T12:34:16","modified_gmt":"2022-02-21T09:34:16","slug":"cop-toplayan-sahislara-karsi-uygulama-yapildi","status":"publish","type":"post","link":"https:\/\/akdenizolaygazetesi.com\/?p=16777","title":{"rendered":"\u00c7\u00f6p Toplayan \u015eah\u0131slara Kar\u015f\u0131 Uygulama Yap\u0131ld\u0131"},"content":{"rendered":"<p>Mersin Emniyet M\u00fcd\u00fcrl\u00fc\u011f\u00fc olarak a\u00e7\u0131kta b\u0131rak\u0131lan e\u015fyalar\u0131n \u00e7al\u0131nmas\u0131 olaylar\u0131n\u0131n yap\u0131lan analizlerinde bu olaylar\u0131 genellikle \u00e7\u00f6p toplama bahanesiyle \u2018\u00e7ek\u00e7ek\u2019 diye tabir edilen ara\u00e7larla gezerek \u00e7\u00f6p toplayan \u015fah\u0131slar\u0131n ger\u00e7ekle\u015ftirdikleri tespit edildi.  <\/p>\n<p>Asayi\u015f \u015eube M\u00fcd\u00fcrl\u00fc\u011f\u00fc koordinesinde Akdeniz,Toroslar,Mezitli ve Yeni\u015fehir \u0130l\u00e7e Emniyet M\u00fcd\u00fcrl\u00fckleri ekiplerimiz ve \u0130l\u00e7e Zab\u0131ta M\u00fcd\u00fcrl\u00fcklerinin de kat\u0131l\u0131m\u0131 ile \u00e7\u00f6p toplayan \u015fah\u0131slara y\u00f6nelik uygulamalar yap\u0131lmaya ba\u015fland\u0131.<\/p>\n<p>     \u0130l merkezinde yap\u0131lan uygulamalarda son 3 ayda 238 adet \u00e7\u00f6p toplama arac\u0131 ekiplerimiz taraf\u0131ndan gerekli yasal i\u015flem yap\u0131lmak \u00fczere \u0130l\u00e7e Zab\u0131ta M\u00fcd\u00fcrl\u00fc\u011f\u00fc ekiplerine teslim edildi.<\/p>\n<p>    Mersin Polis Te\u015fkilat\u0131 olarak halk\u0131m\u0131z\u0131n huzur ve g\u00fcveni, asayi\u015fin temini i\u00e7in kararl\u0131 bir \u015fekilde \u00e7al\u0131\u015fmalar\u0131m\u0131z aral\u0131ks\u0131z devam edecektir.                <\/p>\n","protected":false},"excerpt":{"rendered":"<p>Mersin Emniyet M\u00fcd\u00fcrl\u00fc\u011f\u00fc olarak a\u00e7\u0131kta b\u0131rak\u0131lan e\u015fyalar\u0131n \u00e7al\u0131nmas\u0131 olaylar\u0131n\u0131n yap\u0131lan analizlerinde bu olaylar\u0131 genellikle \u00e7\u00f6p toplama bahanesiyle \u2018\u00e7ek\u00e7ek\u2019 diye tabir edilen ara\u00e7larla gezerek \u00e7\u00f6p toplayan \u015fah\u0131slar\u0131n ger\u00e7ekle\u015ftirdikleri tespit edildi. Asayi\u015f &hellip; <a href=\"https:\/\/akdenizolaygazetesi.com\/?p=16777\" class=\"more-link\">Devam\u0131n\u0131 Oku&#8230;<\/a><\/p>\n","protected":false},"author":2,"featured_media":16778,"comment_status":"open","ping_status":"open","sticky":false,"template":"","format":"standard","meta":[],"categories":[3,5],"tags":[],"_links":{"self":[{"href":"https:\/\/akdenizolaygazetesi.com\/index.php?rest_route=\/wp\/v2\/posts\/16777"}],"collection":[{"href":"https:\/\/akdenizolaygazetesi.com\/index.php?rest_route=\/wp\/v2\/posts"}],"about":[{"href":"https:\/\/akdenizolaygazetesi.com\/index.php?rest_route=\/wp\/v2\/types\/post"}],"author":[{"embeddable":true,"href":"https:\/\/akdenizolaygazetesi.com\/index.php?rest_route=\/wp\/v2\/users\/2"}],"replies":[{"embeddable":true,"href":"https:\/\/akdenizolaygazetesi.com\/index.php?rest_route=%2Fwp%2Fv2%2Fcomments&post=16777"}],"version-history":[{"count":1,"href":"https:\/\/akdenizolaygazetesi.com\/index.php?rest_route=\/wp\/v2\/posts\/16777\/revisions"}],"predecessor-version":[{"id":16779,"href":"https:\/\/akdenizolaygazetesi.com\/index.php?rest_route=\/wp\/v2\/posts\/16777\/revisions\/16779"}],"wp:featuredmedia":[{"embeddable":true,"href":"https:\/\/akdenizolaygazetesi.com\/index.php?rest_route=\/wp\/v2\/media\/16778"}],"wp:attachment":[{"href":"https:\/\/akdenizolaygazetesi.com\/index.php?rest_route=%2Fwp%2Fv2%2Fmedia&parent=16777"}],"wp:term":[{"taxonomy":"category","embeddable":true,"href":"https:\/\/akdenizolaygazetesi.com\/index.php?rest_route=%2Fwp%2Fv2%2Fcategories&post=16777"},{"taxonomy":"post_tag","embeddable":true,"href":"https:\/\/akdenizolaygazetesi.com\/index.php?rest_route=%2Fwp%2Fv2%2Ftags&post=16777"}],"curies":[{"name":"wp","href":"https:\/\/api.w.org\/{rel}","templated":true}]}}